{"id":64234,"date":"2025-08-22T08:28:07","date_gmt":"2025-08-22T08:28:07","guid":{"rendered":"https:\/\/www.europesays.com\/es\/64234\/"},"modified":"2025-08-22T08:28:07","modified_gmt":"2025-08-22T08:28:07","slug":"pedersen-al-acecho-del-numero-de-victorias-de-pogacar","status":"publish","type":"post","link":"https:\/\/www.europesays.com\/es\/64234\/","title":{"rendered":"Pedersen, al acecho del n\u00famero de victorias de Pogacar"},"content":{"rendered":"<p>Aunque la figura de Tadej Pogacar y la clase de Mathieu van der Poel ensombrecen al resto, Mads Pedersen es uno de los corredores de  &#8230; la temporada. El dan\u00e9s ha alcanzado su madurez a los 29 a\u00f1os, suma triunfos y puestos de honor all\u00e1 donde compite y todo apunta a que ser\u00e1 uno de los nombres propios de la Vuelta a Espa\u00f1a como integrante de un Lidl-Trek en el que compartir\u00e1 liderato para distintas funciones con Giulio Ciccone, reciente ganador de la Cl\u00e1sica de San Sebasti\u00e1n.<\/p>\n<p class=\"v-p\">Pedersen tiene por delante otro bonito reto. Con trece victorias en el bolsillo en lo que va de temporada, las mismas que Tim Merlier, est\u00e1 a tres de las sumadas por Tadej Pogacar. La empresa se presenta complicada en un recorrido con once llegadas en alto, una contrarreloj individual y otra por equipos, pero el campe\u00f3n del mundo de fondo en ruta de 2019 es polivalente y sabe adaptarse a las circunstancias.<\/p>\n<p class=\"v-p\">La Vuelta es su segunda carrera de tres semanas de la presente campa\u00f1a. Ya gan\u00f3 cuatro etapas y la regularidad en el Giro de Italia, maillot que puede figurar tambi\u00e9n entre sus objetivos para las tres pr\u00f3ximas semanas. Esta vez se salt\u00f3 el Tour de Francia, donde Lidl-Trek bas\u00f3 sus aspiraciones en la rapidez y la potencia de Jonathan Milan. Reparto de papeles.<\/p>\n<p class=\"v-p\">Los trece triunfos de Pedersen a lo largo de la presente temporada se reparten as\u00ed: una etapa y la general del Tour de la Provenza en febrero, una etapa de la Par\u00eds-Niza y la Gante-Wevelgem en marzo, cuatro etapas del Giro de Italia en mayo, el Campeonato de Dinamarca de contrarreloj en junio y tres etapas m\u00e1s la general del Tour de Dinamarca en agosto. Dado que en julio no compiti\u00f3, ha &#8216;mojado&#8217; todos los meses, se\u00f1al inequ\u00edvoca de su regularidad.<\/p>\n<p class=\"v-p\">Adem\u00e1s, acab\u00f3 entre los diez primeros en las seis carreras de un d\u00eda en las que particip\u00f3 entre marzo y abril, incluidos tres monumentos: s\u00e9ptimo en la Mil\u00e1n-San Remo, segundo en la E3, primero en la Gante-Wevelgem, quinto en A Trav\u00e9s de Flandes, segundo en el Tour de Flandes y tercero en la Par\u00eds-Roubaix. Resultados al alcance de un elegido. Si todav\u00eda no ha ganado ning\u00fan monumento es porque ha coincidido con dos fen\u00f3menos volcados en esas citas, Van der Poel y Pogacar. Tambi\u00e9n es el segundo en la clasificaci\u00f3n mundial detr\u00e1s del esloveno.<\/p>\n<p>Philipsen, rival directo<\/p>\n<p class=\"v-p\">\u00bfD\u00f3nde puede alcanzar Pedersen en la Vuelta a Espa\u00f1a esas tres victorias con las que iguale a Pogacar o las cuatro que le permitan adelantarle? No sobra terreno, pero tampoco hay que descartarle para llegadas en alto donde el punch vale tanto o m\u00e1s que las condiciones de escalador. Magn\u00edfico sprinter, Lidl-Trek tendr\u00e1 subrayadas en la agenda llegadas como las de Novara ma\u00f1ana, Zaragoza, Guijuelo y Madrid, sin descartar alguna otra.<\/p>\n<p class=\"v-p\">Aunque le ha salido un contrincante de \u00faltima hora. Alpecin apuesta a \u00faltima hora por Philipsen, velocista con galones. Una ca\u00edda le ape\u00f3 del Tour nada m\u00e1s empezar. Para entonces ya le hab\u00eda dado tiempo a ganar una llegada masiva. Pedersen tiene oposici\u00f3n directa. <\/p>\n<p>UAE, Lidl-Trek y Visma copan ocho de las diez primeras plazas<\/p>\n<p class=\"v-p\">\nLidl-Trek no es solo el segundo equipo m\u00e1s laureado de 2025 con 43 victorias por detr\u00e1s de las 72 del inalcanzable UAE y por delante de las 33 de Soudal. Posee adem\u00e1s a dos de sus corredores entre los diez primeros del ranking en n\u00famero de triunfos. Pedersen comparte la segunda plaza con Merlier \u2013trece cada uno\u2013 y Milan figura en la s\u00e9ptima con ocho. En las filas de UAE, la aportaci\u00f3n de Pogacar no es la \u00fanica importante. Posee cuatro representantes entre los diez primeros de la tabla. Isaac del Toro es quinto con nueve; Joao Almeida, sexto con ese mismo n\u00famero; y Juan Ayuso, noveno con seis. Adornan a la perfecci\u00f3n las trece de Pogacar que a nadie extra\u00f1ar\u00eda ver ampliadas antes de que baje el tel\u00f3n la temporada. Visma aporta dos corredores a esta lista, si bien ninguno de ambos es puntal de la plantilla. Matthew Brennan, el joven ingl\u00e9s de 20 a\u00f1os, ha vencido en diez pruebas, y Olav Kooij, velocista neerland\u00e9s de 23, en siete. Sorprende ver entre los primeros al dan\u00e9s Alexander Salby, del conjunto chino Li Ning Star y destacado en el calendario asi\u00e1tico.<\/p>\n","protected":false},"excerpt":{"rendered":"Aunque la figura de Tadej Pogacar y la clase de Mathieu van der Poel ensombrecen al resto, Mads&hellip;\n","protected":false},"author":2,"featured_media":64235,"comment_status":"","ping_status":"","sticky":false,"template":"","format":"standard","meta":{"footnotes":""},"categories":[273],"tags":[15422,313,312,168,25,24,5533,20306,549,23,167,13472],"class_list":{"0":"post-64234","1":"post","2":"type-post","3":"status-publish","4":"format-standard","5":"has-post-thumbnail","7":"category-ciclismo","8":"tag-acecho","9":"tag-ciclismo","10":"tag-cycling","11":"tag-deportes","12":"tag-es","13":"tag-espana","14":"tag-numero","15":"tag-pedersen","16":"tag-pogacar","17":"tag-spain","18":"tag-sports","19":"tag-victorias"},"share_on_mastodon":{"url":"","error":""},"_links":{"self":[{"href":"https:\/\/www.europesays.com\/es\/wp-json\/wp\/v2\/posts\/64234","targetHints":{"allow":["GET"]}}],"collection":[{"href":"https:\/\/www.europesays.com\/es\/wp-json\/wp\/v2\/posts"}],"about":[{"href":"https:\/\/www.europesays.com\/es\/wp-json\/wp\/v2\/types\/post"}],"author":[{"embeddable":true,"href":"https:\/\/www.europesays.com\/es\/wp-json\/wp\/v2\/users\/2"}],"replies":[{"embeddable":true,"href":"https:\/\/www.europesays.com\/es\/wp-json\/wp\/v2\/comments?post=64234"}],"version-history":[{"count":0,"href":"https:\/\/www.europesays.com\/es\/wp-json\/wp\/v2\/posts\/64234\/revisions"}],"wp:featuredmedia":[{"embeddable":true,"href":"https:\/\/www.europesays.com\/es\/wp-json\/wp\/v2\/media\/64235"}],"wp:attachment":[{"href":"https:\/\/www.europesays.com\/es\/wp-json\/wp\/v2\/media?parent=64234"}],"wp:term":[{"taxonomy":"category","embeddable":true,"href":"https:\/\/www.europesays.com\/es\/wp-json\/wp\/v2\/categories?post=64234"},{"taxonomy":"post_tag","embeddable":true,"href":"https:\/\/www.europesays.com\/es\/wp-json\/wp\/v2\/tags?post=64234"}],"curies":[{"name":"wp","href":"https:\/\/api.w.org\/{rel}","templated":true}]}}