{"id":642413,"date":"2026-07-05T09:50:15","date_gmt":"2026-07-05T09:50:15","guid":{"rendered":"https:\/\/www.europesays.com\/es\/642413\/"},"modified":"2026-07-05T09:50:15","modified_gmt":"2026-07-05T09:50:15","slug":"100-cuadros-para-entender-como-los-pintores-de-la-movida-recurrieron-a-los-mitos-clasicos-para-narrar-la-modernidad","status":"publish","type":"post","link":"https:\/\/www.europesays.com\/es\/642413\/","title":{"rendered":"100 cuadros para entender c\u00f3mo los pintores de La Movida recurrieron a los mitos cl\u00e1sicos para narrar la modernidad"},"content":{"rendered":"<p class=\"article-text\">\n        El pasado 2 de junio se inaugur\u00f3 en la sala Alcal\u00e1 31 Mitolog\u00edas modernas: Ouka Leele &amp; Co, una interesante exposici\u00f3n colectiva cuyo mayor problema radica en subrayar en el t\u00edtulo de forma tan protagonista a una sola de las representadas en la gran sala de la Consejer\u00eda de Cultura. Vista la exposici\u00f3n, uno dir\u00eda que no va de B\u00e1rbara Allende Gil de Biedma sino de mucha gente.\n    <\/p>\n<p class=\"article-text\">\n        La exposici\u00f3n es una magn\u00edfica muestra colectiva sobre la generaci\u00f3n pict\u00f3rica de La Nueva Ola \u2013o La Movida\u2013, en la que fue muy importante la llamada Nueva Figuraci\u00f3n Madrile\u00f1a, que ven\u00eda desarroll\u00e1ndose en la capital desde principios de la d\u00e9cada de los setenta.\n    <\/p>\n<p class=\"article-text\">\n        Ense\u00f1a retazos de biograf\u00edas art\u00edsticas muy distintas entre s\u00ed, pero con algunos puntos en com\u00fan que demuestran que todos los pintores presentes pertenecen a una misma generaci\u00f3n y estuvieron atravesados por una misma \u00e9poca. La principal dentro de la selecci\u00f3n es, claro, el tema cl\u00e1sico, que hilvana la muestra.\n    <\/p>\n<p>            <img decoding=\"async\" class=\"lazy\" loading=\"lazy\" data-src=\"https:\/\/static.eldiario.es\/clip\/99e2c45a-f556-49e0-823b-4290d9a15fe3_16-9-discover-aspect-ratio_default_0.jpg\" src=\"data:image\/svg+xml,%3Csvg xmlns=\" http:=\"\" viewbox=\"0 0 1200 675\" alt=\"Vista de las dos plantas de la exposici\u00f3n en la sala Alcal\u00e1 31\"\/><\/p>\n<p class=\"article-text\">\n        Resulta curioso comprobar c\u00f3mo el clasicismo se hace presente en el discurso abiertamente anti academicista de los artistas de principios de los a\u00f1os ochenta. Los temas y las formas cl\u00e1sicas se hibridan sin complejo con el peso autobiogr\u00e1fico de unos pintore muy militantes en la eclosi\u00f3n cultural postfranquista, las omnipresentes influencias del c\u00f3mic underground y otros elementos de la cultura de masas.\n    <\/p>\n<p class=\"article-text\">\n        Ouka Leele &amp; Co tiene una original y acertada organizaci\u00f3n de los fondos, al menos en su primera y m\u00e1s importante parte. Se ha dispuesto en la primera planta del edificio de la calle de Alcal\u00e1 una plaza ovalada de color rosa con puertas que dan acceso a las obras de los artistas m\u00e1s destacados en la selecci\u00f3n. Justo antes del umbral, una tele vieja, de las de culo gordo, ense\u00f1a grabaciones de entrevistas de Paloma Chamorro en La Edad de Oro a los artistas de j\u00f3venes y otras im\u00e1genes de su obra. Es imposible no preguntarse al ver las magn\u00edficas entrevistas de Chamorro por qu\u00e9 casi todos los participantes en el programa ten\u00edan esa pose de alucinados.\n    <\/p>\n<p>            <img decoding=\"async\" class=\"lazy\" loading=\"lazy\" data-src=\"https:\/\/static.eldiario.es\/clip\/6146d1ca-1e95-42ac-89d8-fc1a989f0052_source-aspect-ratio_default_0.jpg\" src=\"data:image\/svg+xml,%3Csvg xmlns=\" http:=\"\" viewbox=\"0 0 537 799\" alt=\"Santa Luc\u00eda, 1985\"\/><\/p>\n<p class=\"article-text\">\n        La n\u00f3mina de artistas est\u00e1 formada por El Hortelano, Ceesepe, Carlos Franco, Sigfrido Martin Begu\u00e9 y Ouka Leele. No faltan algunos cameos en las obras de los distintos artistas que dejan constancia de que aquel momento era cosa de pandillas (el dibujo de l\u00ednea clara que Ceesepe hace de Ouka Lelee y El Hortelano, la foto coloreada de Ceesepe tirada por la fot\u00f3grafa\u2026). Salvo Carlos Franco, por cierto, est\u00e1n todos muertos.\n    <\/p>\n<p class=\"article-text\">\n        La obra de Ouka Leele ocupa el espacio m\u00e1s central de la sala. Da la bienvenida al visitante a su espacio Rapelle toi, B\u00e1rbara!, la conocida obra de gran tama\u00f1o con La Cibeles como leiv motiv que la fot\u00f3grafa-pintora realizara en 1987. El cuadro teatraliza la historia de Hip\u00f3menes y Atalanta, por lo que resulta un buen punto de partida para el hilo cl\u00e1sico de la musealizaci\u00f3n.\n    <\/p>\n<p>            <img decoding=\"async\" class=\"lazy\" loading=\"lazy\" data-src=\"https:\/\/static.eldiario.es\/clip\/3292fded-559f-4449-a2a9-b7dfe53b716a_source-aspect-ratio_default_0.jpg\" src=\"data:image\/svg+xml,%3Csvg xmlns=\" http:=\"\" viewbox=\"0 0 533 800\" alt=\"Decoraci\u00f3n de la Casa panader\u00eda (proyecto parcial), 1989\"\/><\/p>\n<p class=\"article-text\">\n        La planta de arriba \u2013los pasillos laterales alrededor del patio interior del edificio\u2013 sirven para darnos a conocer a otros compa\u00f1eros de generaci\u00f3n, \u00a1Por fin aparece Guillermo P\u00e9rez Villalta! Ahora ya sin una narrativa muy marcada, se suceden obras dispares de artistas como Carlo Alcolea, Carlos Forn, Julio Juste o Miluca Sanz, entre otros.\n    <\/p>\n<p class=\"article-text\">\n        Ouka Leele &amp; Co es una exposici\u00f3n con un centenar de obras, muchas de gran formato, que se muestra eficaz para contar una \u00e9poca que, detr\u00e1s de sus colores rotundos, esconde muchos matices, algunos cl\u00e1sicos, muchos que explican aquellos a\u00f1os.\n    <\/p>\n<p>    <a href=\"https:\/\/www.eldiario.es\/madrid\/somos\/malasana\/exposicion-revolucion-cuantica-da-ganas-entrar-clase-fisica-preguntarnos-acerca-realidad_1_13206797.html\" data-mrf-recirculation=\"saber-mas-abajo\" data-dl-event=\"saber-mas-abajo\" rel=\"nofollow noopener\" target=\"_blank\"><\/p>\n<p class=\"know-more__title\">C\u00f3mo una exposici\u00f3n sobre la revoluci\u00f3n cu\u00e1ntica nos da ganas de entrar a clase de F\u00edsica y preguntarnos acerca de la realidad <\/p>\n<p>            <img decoding=\"async\" class=\"lazy\" loading=\"lazy\" data-src=\"https:\/\/static.eldiario.es\/clip\/9164b8a1-3185-42f1-bd4f-a4cfbe385d0d_16-9-aspect-ratio_default_0.jpg\" src=\"data:image\/svg+xml,%3Csvg xmlns=\" http:=\"\" viewbox=\"0 0 880 495\" alt=\"C\u00f3mo una exposici\u00f3n sobre la revoluci\u00f3n cu\u00e1ntica nos da ganas de entrar a clase de F\u00edsica y preguntarnos acerca de la realidad\"\/><\/p>\n<p>                        <\/a><\/p>\n<p class=\"article-text\">\n        Matices que no son otra cosa que la personalidad de cada uno de los autores y que pasa por la pincelada expresiva con gui\u00f1os al c\u00f3mic de El Hortelano a las compasiones cl\u00e1sicas y los motivos on\u00edricos de Mart\u00edn Begu\u00e9, entre muchas otras muchas improntas que merecen ser divulgadas para que cada uno juzgue sin la tan manoseada Movida se agotaba en querer ser un bote ce Col\u00f3n o hab\u00eda m\u00e1s.\n    <\/p>\n<ul>\n<li><strong>D\u00f3nde<\/strong>: C. Alcal\u00e1, 31<\/li>\n<li><strong>Cu\u00e1ndo<\/strong>: Del 2 de julio al 18 de octubre. De martes a s\u00e1bados: de 11.00 a 20.30 horas (incluido el 15 de agosto de 2026). De martes a s\u00e1bados: de 11.00 a 20.30 horas (incluido el 15 de agosto de 2026). Lunes cerrado.<\/li>\n<li><strong>Cu\u00e1nto<\/strong>: entrada libre<\/li>\n<\/ul>\n<p>    M\u00e1s ocio y tiempo libre:<\/p>\n<p>                    s\u00e1bado  4 de julio<\/p>\n<ul class=\"new-event__list\">\n<li>\n                        <a href=\"https:\/\/www.eldiario.es\/madrid\/somos\/agenda\/fiestas-dona-karloto-2026-puente-vallecas-ruta-antituristica-paella-vecinal-pasacalles-reivindicativo_1_13347540.html\" rel=\"nofollow noopener\" target=\"_blank\"><br \/>\n                            \u2014 Fiestas de Do\u00f1a Karloto 2026 en Puente de Vallecas con ruta antitur\u00edstica, paella vecinal y pasacalles reivindicativo<br \/>\n                                                    <\/a>\n                    <\/li>\n<li>\n                        <a href=\"https:\/\/www.eldiario.es\/madrid\/somos\/chueca\/conciertos-orgullo-lgtbiq-2026-madrid-artistas-horarios-escenarios_1_13331844.html\" rel=\"nofollow noopener\" target=\"_blank\"><br \/>\n                            \u2014 Todos los conciertos del Orgullo LGTBIQ+ 2026 en Madrid: artistas, horarios y escenarios<br \/>\n                                                    <\/a>\n                    <\/li>\n<li>\n                        <a href=\"https:\/\/www.eldiario.es\/madrid\/somos\/agenda\/madrid-celebra-fiestas-san-fermin-2026-usera-fechas-horario-programa-completo-actividades_1_13347548.html\" rel=\"nofollow noopener\" target=\"_blank\"><br \/>\n                            \u2014 Madrid celebra sus Fiestas de San Ferm\u00edn 2026 en Usera: fechas, horario y programa completo de actividades<br \/>\n                                                    <\/a>\n                    <\/li>\n<li>\n                        <a href=\"https:\/\/www.eldiario.es\/madrid\/somos\/agenda\/fiestas-san-cristobal-angeles-2026-villaverde-fechas-horarios-programa-completo-actividades_1_13347542.html\" rel=\"nofollow noopener\" target=\"_blank\"><br \/>\n                            \u2014 Fiestas de San Crist\u00f3bal de los \u00c1ngeles 2026 en Villaverde: fechas, horarios y programa completo de actividades<br \/>\n                                                    <\/a>\n                    <\/li>\n<li>\n                        <a href=\"https:\/\/www.eldiario.es\/madrid\/somos\/agenda\/fiestas-barrio-san-blas-2026-madrid-tributo-estopa-concierto-javier-ojeda-programa-completo_1_13347538.html\" rel=\"nofollow noopener\" target=\"_blank\"><br \/>\n                            \u2014 Fiestas del barrio de San Blas 2026 en Madrid con tributo a Estopa y concierto de Javier Ojeda: programa completo<br \/>\n                                                    <\/a>\n                    <\/li>\n<li>\n                        <a href=\"https:\/\/www.eldiario.es\/madrid\/somos\/chueca\/fiestas-orgullo-lgtbiq-2026-madrid-programa-pregon-conciertos-fechas-horarios_1_13331809.html\" rel=\"nofollow noopener\" target=\"_blank\"><br \/>\n                            \u2014 Fiestas del Orgullo LGTBIQ+ 2026 en Madrid: programa, preg\u00f3n, conciertos, fechas y horarios<br \/>\n                                                    <\/a>\n                    <\/li>\n<li>\n                        <a href=\"https:\/\/www.eldiario.es\/madrid\/somos\/agenda\/movimiento-vecinal-tetuan-impulsa-propias-fiestas-populares-pasacalles-paella-vermu-reivindicativo_1_13333074.html\" rel=\"nofollow noopener\" target=\"_blank\"><br \/>\n                            \u2014 El movimiento vecinal de Tetu\u00e1n impulsa sus propias fiestas populares con pasacalles, paella y verm\u00fa reivindicativo<br \/>\n                                                    <\/a>\n                    <\/li>\n<li>\n                        <a href=\"https:\/\/www.eldiario.es\/madrid\/somos\/agenda\/cines-verano-madrid-2026-peliculas-fechas-precios-salas-aire-libre-disfrutar-fresca_1_13297413.html\" rel=\"nofollow noopener\" target=\"_blank\"><br \/>\n                            \u2014 Cines de verano en Madrid 2026: pel\u00edculas, fechas, precios y salas al aire libre para disfrutar a la fresca<br \/>\n                                                    <\/a>\n                    <\/li>\n<li>\n                        <a href=\"https:\/\/www.eldiario.es\/madrid\/somos\/piscinas-publicas-verano-madrid-abiertas-2026-precios-horarios-comprar-entradas_1_13229181.html\" rel=\"nofollow noopener\" target=\"_blank\"><br \/>\n                            \u2014 Todas las piscinas p\u00fablicas de verano en Madrid abiertas en 2026: precios, horarios y c\u00f3mo comprar entradas<br \/>\n                                                    <\/a>\n                    <\/li>\n<li>\n                        <a href=\"https:\/\/www.eldiario.es\/madrid\/somos\/agenda\/festivales-musica-llegan-madrid-2026-mad-cool-noches-botanico-los40_1_13079381.html\" rel=\"nofollow noopener\" target=\"_blank\"><br \/>\n                            \u2014 Todos los festivales de m\u00fasica que llegan a Madrid este 2026: Mad Cool, Noches del Bot\u00e1nico, Los40 y mucho m\u00e1s<br \/>\n                                                    <\/a>\n                    <\/li>\n<li>\n                        <a href=\"https:\/\/www.eldiario.es\/madrid\/somos\/agenda\/prado-thyssen-organizan-visitas-gratuitas-nocturnas-sabados-fechas-horarios_1_13040032.html\" rel=\"nofollow noopener\" target=\"_blank\"><br \/>\n                            \u2014 El Prado y el Thyssen organizan visitas gratuitas y nocturnas los s\u00e1bados: fechas y horarios<br \/>\n                                                    <\/a>\n                    <\/li>\n<li>\n                        <a href=\"https:\/\/www.eldiario.es\/madrid\/somos\/agenda\/exposicion-recorre-madrid-mostrar-lugares-abandonados-especulacion-desmemoria_1_12956843.html\" rel=\"nofollow noopener\" target=\"_blank\"><br \/>\n                            \u2014 Una exposici\u00f3n recorre Madrid para mostrar sus lugares abandonados por la especulaci\u00f3n y la desmemoria<br \/>\n                                                    <\/a>\n                    <\/li>\n<li>\n                        <a href=\"https:\/\/www.eldiario.es\/madrid\/somos\/agenda\/tour-bad-bunny-rosalia-regreso-agorazein-conciertos-esperados-madrid-2026_1_12908966.html\" rel=\"nofollow noopener\" target=\"_blank\"><br \/>\n                            \u2014 El tour de Bad Bunny, Rosal\u00eda o el regreso de Agorazein: los conciertos m\u00e1s esperados de Madrid en 2026<br \/>\n                                                    <\/a>\n                    <\/li>\n<\/ul>\n<p>                    domingo  5 de julio<\/p>\n<ul class=\"new-event__list\">\n<li>\n                        <a href=\"https:\/\/www.eldiario.es\/madrid\/somos\/chueca\/conciertos-orgullo-lgtbiq-2026-madrid-artistas-horarios-escenarios_1_13331844.html\" rel=\"nofollow noopener\" target=\"_blank\"><br \/>\n                            \u2014 Todos los conciertos del Orgullo LGTBIQ+ 2026 en Madrid: artistas, horarios y escenarios<br \/>\n                                                    <\/a>\n                    <\/li>\n<li>\n                        <a href=\"https:\/\/www.eldiario.es\/madrid\/somos\/agenda\/madrid-celebra-fiestas-san-fermin-2026-usera-fechas-horario-programa-completo-actividades_1_13347548.html\" rel=\"nofollow noopener\" target=\"_blank\"><br \/>\n                            \u2014 Madrid celebra sus Fiestas de San Ferm\u00edn 2026 en Usera: fechas, horario y programa completo de actividades<br \/>\n                                                    <\/a>\n                    <\/li>\n<li>\n                        <a href=\"https:\/\/www.eldiario.es\/madrid\/somos\/agenda\/fiestas-san-cristobal-angeles-2026-villaverde-fechas-horarios-programa-completo-actividades_1_13347542.html\" rel=\"nofollow noopener\" target=\"_blank\"><br \/>\n                            \u2014 Fiestas de San Crist\u00f3bal de los \u00c1ngeles 2026 en Villaverde: fechas, horarios y programa completo de actividades<br \/>\n                                                    <\/a>\n                    <\/li>\n<li>\n                        <a href=\"https:\/\/www.eldiario.es\/madrid\/somos\/agenda\/fiestas-barrio-san-blas-2026-madrid-tributo-estopa-concierto-javier-ojeda-programa-completo_1_13347538.html\" rel=\"nofollow noopener\" target=\"_blank\"><br \/>\n                            \u2014 Fiestas del barrio de San Blas 2026 en Madrid con tributo a Estopa y concierto de Javier Ojeda: programa completo<br \/>\n                                                    <\/a>\n                    <\/li>\n<li>\n                        <a href=\"https:\/\/www.eldiario.es\/madrid\/somos\/chueca\/fiestas-orgullo-lgtbiq-2026-madrid-programa-pregon-conciertos-fechas-horarios_1_13331809.html\" rel=\"nofollow noopener\" target=\"_blank\"><br \/>\n                            \u2014 Fiestas del Orgullo LGTBIQ+ 2026 en Madrid: programa, preg\u00f3n, conciertos, fechas y horarios<br \/>\n                                                    <\/a>\n                    <\/li>\n<li>\n                        <a href=\"https:\/\/www.eldiario.es\/madrid\/somos\/agenda\/movimiento-vecinal-tetuan-impulsa-propias-fiestas-populares-pasacalles-paella-vermu-reivindicativo_1_13333074.html\" rel=\"nofollow noopener\" target=\"_blank\"><br \/>\n                            \u2014 El movimiento vecinal de Tetu\u00e1n impulsa sus propias fiestas populares con pasacalles, paella y verm\u00fa reivindicativo<br \/>\n                                                    <\/a>\n                    <\/li>\n<li>\n                        <a href=\"https:\/\/www.eldiario.es\/madrid\/somos\/agenda\/cines-verano-madrid-2026-peliculas-fechas-precios-salas-aire-libre-disfrutar-fresca_1_13297413.html\" rel=\"nofollow noopener\" target=\"_blank\"><br \/>\n                            \u2014 Cines de verano en Madrid 2026: pel\u00edculas, fechas, precios y salas al aire libre para disfrutar a la fresca<br \/>\n                                                    <\/a>\n                    <\/li>\n<li>\n                        <a href=\"https:\/\/www.eldiario.es\/madrid\/somos\/piscinas-publicas-verano-madrid-abiertas-2026-precios-horarios-comprar-entradas_1_13229181.html\" rel=\"nofollow noopener\" target=\"_blank\"><br \/>\n                            \u2014 Todas las piscinas p\u00fablicas de verano en Madrid abiertas en 2026: precios, horarios y c\u00f3mo comprar entradas<br \/>\n                                                    <\/a>\n                    <\/li>\n<li>\n                        <a href=\"https:\/\/www.eldiario.es\/madrid\/somos\/agenda\/festivales-musica-llegan-madrid-2026-mad-cool-noches-botanico-los40_1_13079381.html\" rel=\"nofollow noopener\" target=\"_blank\"><br \/>\n                            \u2014 Todos los festivales de m\u00fasica que llegan a Madrid este 2026: Mad Cool, Noches del Bot\u00e1nico, Los40 y mucho m\u00e1s<br \/>\n                                                    <\/a>\n                    <\/li>\n<li>\n                        <a href=\"https:\/\/www.eldiario.es\/madrid\/somos\/agenda\/exposicion-recorre-madrid-mostrar-lugares-abandonados-especulacion-desmemoria_1_12956843.html\" rel=\"nofollow noopener\" target=\"_blank\"><br \/>\n                            \u2014 Una exposici\u00f3n recorre Madrid para mostrar sus lugares abandonados por la especulaci\u00f3n y la desmemoria<br \/>\n                                                    <\/a>\n                    <\/li>\n<li>\n                        <a href=\"https:\/\/www.eldiario.es\/madrid\/somos\/agenda\/tour-bad-bunny-rosalia-regreso-agorazein-conciertos-esperados-madrid-2026_1_12908966.html\" rel=\"nofollow noopener\" target=\"_blank\"><br \/>\n                            \u2014 El tour de Bad Bunny, Rosal\u00eda o el regreso de Agorazein: los conciertos m\u00e1s esperados de Madrid en 2026<br \/>\n                                                    <\/a>\n                    <\/li>\n<\/ul>\n","protected":false},"excerpt":{"rendered":"El pasado 2 de junio se inaugur\u00f3 en la sala Alcal\u00e1 31 Mitolog\u00edas modernas: Ouka Leele &amp; Co,&hellip;\n","protected":false},"author":2,"featured_media":642414,"comment_status":"","ping_status":"","sticky":false,"template":"","format":"standard","meta":{"footnotes":""},"categories":[173],"tags":[21882,229,233,231,230,14164,4194,232,234,1633,146,147,25,24,13089,21728,25356,100837,237,117208,23],"class_list":["post-642413","post","type-post","status-publish","format-standard","has-post-thumbnail","category-arte-y-diseno","tag-21882","tag-arte","tag-arte-y-diseno","tag-arts","tag-arts-and-design","tag-clasicos","tag-cuadros","tag-design","tag-diseno","tag-entender","tag-entertainment","tag-entretenimiento","tag-es","tag-espana","tag-mitos","tag-modernidad","tag-movida","tag-narrar","tag-pintores","tag-recurrieron","tag-spain"],"share_on_mastodon":{"url":"https:\/\/pubeurope.com\/@es\/116866752587032445","error":""},"_links":{"self":[{"href":"https:\/\/www.europesays.com\/es\/wp-json\/wp\/v2\/posts\/642413","targetHints":{"allow":["GET"]}}],"collection":[{"href":"https:\/\/www.europesays.com\/es\/wp-json\/wp\/v2\/posts"}],"about":[{"href":"https:\/\/www.europesays.com\/es\/wp-json\/wp\/v2\/types\/post"}],"author":[{"embeddable":true,"href":"https:\/\/www.europesays.com\/es\/wp-json\/wp\/v2\/users\/2"}],"replies":[{"embeddable":true,"href":"https:\/\/www.europesays.com\/es\/wp-json\/wp\/v2\/comments?post=642413"}],"version-history":[{"count":0,"href":"https:\/\/www.europesays.com\/es\/wp-json\/wp\/v2\/posts\/642413\/revisions"}],"wp:featuredmedia":[{"embeddable":true,"href":"https:\/\/www.europesays.com\/es\/wp-json\/wp\/v2\/media\/642414"}],"wp:attachment":[{"href":"https:\/\/www.europesays.com\/es\/wp-json\/wp\/v2\/media?parent=642413"}],"wp:term":[{"taxonomy":"category","embeddable":true,"href":"https:\/\/www.europesays.com\/es\/wp-json\/wp\/v2\/categories?post=642413"},{"taxonomy":"post_tag","embeddable":true,"href":"https:\/\/www.europesays.com\/es\/wp-json\/wp\/v2\/tags?post=642413"}],"curies":[{"name":"wp","href":"https:\/\/api.w.org\/{rel}","templated":true}]}}