{"id":64250,"date":"2025-08-22T08:36:09","date_gmt":"2025-08-22T08:36:09","guid":{"rendered":"https:\/\/www.europesays.com\/es\/64250\/"},"modified":"2025-08-22T08:36:09","modified_gmt":"2025-08-22T08:36:09","slug":"hospitalizan-al-rapero-lil-nas-x-por-una-posible-sobredosis-tras-protagonizar-un-altercado-en-ropa-interior-por-las-calles-de-los-angeles","status":"publish","type":"post","link":"https:\/\/www.europesays.com\/es\/64250\/","title":{"rendered":"Hospitalizan al rapero Lil Nas X por una posible sobredosis tras protagonizar un altercado en ropa interior por las calles de Los \u00c1ngeles"},"content":{"rendered":"<p>Un video publicado en las redes sociales muestra al artista de &#8216;Old Town Road&#8217; pavone\u00e1ndose por la principal avenida de la ciudad <\/p>\n<p><img fetchpriority=\"high\" class=\"voc-img\" src=\"https:\/\/www.europesays.com\/es\/wp-content\/uploads\/2025\/08\/lil-nas-ksJC-U701439183976XUG-1200x840@diario_abc.jpg\" loading=\"eager\" decoding=\"async\" alt=\"El rapero estadounidense Lil Nas X en una imagen de archivo\" width=\"1200\" height=\"840\"\/><\/p>\n<p>El rapero estadounidense Lil Nas X en una imagen de archivo      <\/p>\n<p>22\/08\/2025<br \/>\n<br \/><strong><br \/>\nActualizado a las 07:40h.<br \/>\n<\/strong><\/p>\n<p class=\"voc-p\" style=\"\">El rapero estadounidense<strong> Lil Nas X<\/strong> ha sido detenido por la polic\u00eda este jueves tras ser encontrado deambulando por Los \u00c1ngeles en ropa interior y con unas botas vaqueras blancas.<\/p>\n<p class=\"voc-p\" style=\"\">Un video publicado en &#8216;TMZ&#8217; parec\u00eda mostrar al artista de &#8216;Old Town Road&#8217; casi desnudo mientras se pavoneaba por la principal avenida de la ciudad. Seg\u00fan las im\u00e1genes, el rapero se dirig\u00eda a los transe\u00fantes que grababan el video dici\u00e9ndoles: <strong>\u00abNo lleguen tarde a la fiesta esta noche\u00bb.<\/strong><\/p>\n<p class=\"voc-p\" style=\"\">No estaba claro a qu\u00e9 fiesta se refer\u00eda ni ad\u00f3nde se dirig\u00eda, mientras <strong>caminaba por el medio de la avenida semivac\u00eda.<\/strong> En un momento, le pidi\u00f3 a la persona que lo grababa con el celular, que aparentemente estaba sentada en un coche, que le diera el tel\u00e9fono. \u00abQuiero tirarlo lejos para que no lo vuelvas a ver. No me gustan los tel\u00e9fonos\u00bb, exclam\u00f3 el rapero. \u00ab\u00bfNo te dije que bajaras el tel\u00e9fono? \u00a1Ay, ay! Alguien tendr\u00e1 que pagar por esto\u00bb, agreg\u00f3, mientras mov\u00eda el dedo con aire teatral.<\/p>\n<p class=\"voc-p\" style=\"\">Un portavoz del Departamento de Polic\u00eda de Los \u00c1ngeles declar\u00f3 a la AFP que recibieron una llamada de la zona de Studio City justo antes del amanecer. \u00abHab\u00eda un hombre desnudo caminando por la calle\u00bb, declar\u00f3 el portavoz.<\/p>\n<p class=\"voc-p\" style=\"\">\u00abAl llegar,<strong> el sospechoso carg\u00f3 contra los agentes.<\/strong> Fue detenido y trasladado a un hospital por una posible sobredosis. Fue arrestado por agresi\u00f3n a un agente de polic\u00eda\u00bb, agreg\u00f3. El portavoz afirm\u00f3 no poder identificar al hombre. Fotos publicadas por &#8216;TMZ&#8217; parecen mostrar a la extravagante estrella poni\u00e9ndose un cono de tr\u00e1fico en la cabeza.<\/p>\n<p>Reportar un error<\/p>\n","protected":false},"excerpt":{"rendered":"Un video publicado en las redes sociales muestra al artista de &#8216;Old Town Road&#8217; pavone\u00e1ndose por la principal&hellip;\n","protected":false},"author":2,"featured_media":64251,"comment_status":"","ping_status":"","sticky":false,"template":"","format":"standard","meta":{"footnotes":""},"categories":[170],"tags":[20522,26319,1346,146,147,25,24,26316,584,26317,184,185,26318,2397,15337,675,5518,6999,23,575],"class_list":{"0":"post-64250","1":"post","2":"type-post","3":"status-publish","4":"format-standard","5":"has-post-thumbnail","7":"category-musica","8":"tag-altercado","9":"tag-angeles","10":"tag-calles","11":"tag-entertainment","12":"tag-entretenimiento","13":"tag-es","14":"tag-espana","15":"tag-hospitalizan","16":"tag-interior","17":"tag-lil","18":"tag-music","19":"tag-musica","20":"tag-nas","21":"tag-posible","22":"tag-protagonizar","23":"tag-rapero","24":"tag-ropa","25":"tag-sobredosis","26":"tag-spain","27":"tag-tras"},"share_on_mastodon":{"url":"","error":""},"_links":{"self":[{"href":"https:\/\/www.europesays.com\/es\/wp-json\/wp\/v2\/posts\/64250","targetHints":{"allow":["GET"]}}],"collection":[{"href":"https:\/\/www.europesays.com\/es\/wp-json\/wp\/v2\/posts"}],"about":[{"href":"https:\/\/www.europesays.com\/es\/wp-json\/wp\/v2\/types\/post"}],"author":[{"embeddable":true,"href":"https:\/\/www.europesays.com\/es\/wp-json\/wp\/v2\/users\/2"}],"replies":[{"embeddable":true,"href":"https:\/\/www.europesays.com\/es\/wp-json\/wp\/v2\/comments?post=64250"}],"version-history":[{"count":0,"href":"https:\/\/www.europesays.com\/es\/wp-json\/wp\/v2\/posts\/64250\/revisions"}],"wp:featuredmedia":[{"embeddable":true,"href":"https:\/\/www.europesays.com\/es\/wp-json\/wp\/v2\/media\/64251"}],"wp:attachment":[{"href":"https:\/\/www.europesays.com\/es\/wp-json\/wp\/v2\/media?parent=64250"}],"wp:term":[{"taxonomy":"category","embeddable":true,"href":"https:\/\/www.europesays.com\/es\/wp-json\/wp\/v2\/categories?post=64250"},{"taxonomy":"post_tag","embeddable":true,"href":"https:\/\/www.europesays.com\/es\/wp-json\/wp\/v2\/tags?post=64250"}],"curies":[{"name":"wp","href":"https:\/\/api.w.org\/{rel}","templated":true}]}}