{"id":642519,"date":"2026-07-05T11:11:11","date_gmt":"2026-07-05T11:11:11","guid":{"rendered":"https:\/\/www.europesays.com\/es\/642519\/"},"modified":"2026-07-05T11:11:11","modified_gmt":"2026-07-05T11:11:11","slug":"avila-autentica-agota-existencias-en-musicos-en-la-naturaleza-2026","status":"publish","type":"post","link":"https:\/\/www.europesays.com\/es\/642519\/","title":{"rendered":"\u00c1vila Aut\u00e9ntica agota existencias en M\u00fasicos en la Naturaleza 2026"},"content":{"rendered":"<p>Caracoles de Gredos, Dehesa de la Serna, La Comanda de Vico, la IGP Carne de \u00c1vila e Hidromiel Decuria formaron \u201cun gran elenco de productores que hicieron las delicias de los asistentes al concierto, creando esa conexi\u00f3n entre gastronom\u00eda, territorio y experiencias \u00fanicas que ya es un cl\u00e1sico en M\u00fasicos en la Naturaleza\u201d, explica el presidente, Carlos Garc\u00eda, que asisti\u00f3 al evento como todos los a\u00f1os para mostrar \u201cel compromiso de la Diputaci\u00f3n con el desarrollo de nuestros municipios, de cualquier comarca de la provincia y a trav\u00e9s de cualquiera de las fortalezas con las que contamos, en este caso la m\u00fasica, el paisaje, la hospitalidad y el sabor de los productos agroalimentarios que se elaboran en \u00c1vila\u201d.<\/p>\n<p>Con un cartel de primer nivel encabezado por grandes nombres del panorama musical internacional y nacional, la cita musical de Gredos volvi\u00f3 a demostrar que es referente anual para miles de personas que generan un importante impacto econ\u00f3mico y promocional para la zona.<\/p>\n<p>Por otra parte, en cuanto a la<strong> promoci\u00f3n tur\u00edstica<\/strong> de la provincia en M\u00fasicos en la Naturaleza, este a\u00f1o, por tercera vez, se proyect\u00f3 un v\u00eddeo sobre los atractivos de la provincia en la gran pantalla central del escenario del concierto. \u201c13.000 personas han estado frente a una ventana excepcional a la provincia, y esperamos haber generado en muchas de ellas el inter\u00e9s para que vuelvan a visitarnos en cualquiera de los 247 municipios de nuestro medio rural para vivir in situ la riqueza natural, cultural, art\u00edstica, hist\u00f3rica y de recursos para el deporte y el descanso que tenemos a su disposici\u00f3n\u201d, se\u00f1ala el presidente.<\/p>\n<p>Adem\u00e1s del v\u00eddeo, y como en a\u00f1os anteriores, tambi\u00e9n se instal\u00f3 un expositor del \u00c1rea de Turismo cerca de la entrada al recinto del concierto.<\/p>\n<p class=\"leer\">Volver a las noticias&#13;\n\t\t<\/p>\n","protected":false},"excerpt":{"rendered":"Caracoles de Gredos, Dehesa de la Serna, La Comanda de Vico, la IGP Carne de \u00c1vila e Hidromiel&hellip;\n","protected":false},"author":2,"featured_media":642520,"comment_status":"","ping_status":"","sticky":false,"template":"","format":"standard","meta":{"footnotes":""},"categories":[91],"tags":[19480,19479,19500,19499,19478,19471,7607,19485,19484,19473,19472,19494,19481,19469,7821,19470,146,147,25,24,19493,19492,19491,19490,19483,19482,19489,19496,19495,19475,19474,19477,19476,19504,19503,19497,19498,23,19502,19501,4664,10481,19488,19487,19486,13129],"class_list":["post-642519","post","type-post","status-publish","format-standard","has-post-thumbnail","category-entretenimiento","tag-agencia-provincial-energia-vila","tag-agencia-provincial-energia-avila","tag-alojamientos-rurales-vila","tag-alojamientos-rurales-avila","tag-apea","tag-av","tag-avila","tag-biodiversidad-vila","tag-biodiversidad-avila","tag-boletin-oficial-de-vila","tag-boletin-oficial-de-avila","tag-castros-y-verracos","tag-desarrollo-rural","tag-diputacin","tag-diputacion","tag-diputacionavila","tag-entertainment","tag-entretenimiento","tag-es","tag-espana","tag-fundacin-cultural-santa-teresa","tag-fundacion-cultural-santa-teresa","tag-institucin-gran-duque-de-alba","tag-institucion-gran-duque-de-alba","tag-medio-ambiente-vila","tag-medio-ambiente-avila","tag-naturavila","tag-organismo-recaudacim-de-vila","tag-organismo-recaudacion-de-avila","tag-patronato-turismo-vila","tag-patronato-turismo-avila","tag-provincia-vila","tag-provincia-avila","tag-pueblos-vila","tag-pueblos-avila","tag-servicios-sociales","tag-servicios-sociales-vila","tag-spain","tag-tiempo-en-vila","tag-tiempo-en-avila","tag-turismo","tag-uned","tag-unidad-promocin-desarrollo-vila","tag-unidad-promocion-desarrollo-avila","tag-upd","tag-vila"],"share_on_mastodon":{"url":"","error":"Validation failed: Text character limit of 500 exceeded"},"_links":{"self":[{"href":"https:\/\/www.europesays.com\/es\/wp-json\/wp\/v2\/posts\/642519","targetHints":{"allow":["GET"]}}],"collection":[{"href":"https:\/\/www.europesays.com\/es\/wp-json\/wp\/v2\/posts"}],"about":[{"href":"https:\/\/www.europesays.com\/es\/wp-json\/wp\/v2\/types\/post"}],"author":[{"embeddable":true,"href":"https:\/\/www.europesays.com\/es\/wp-json\/wp\/v2\/users\/2"}],"replies":[{"embeddable":true,"href":"https:\/\/www.europesays.com\/es\/wp-json\/wp\/v2\/comments?post=642519"}],"version-history":[{"count":0,"href":"https:\/\/www.europesays.com\/es\/wp-json\/wp\/v2\/posts\/642519\/revisions"}],"wp:featuredmedia":[{"embeddable":true,"href":"https:\/\/www.europesays.com\/es\/wp-json\/wp\/v2\/media\/642520"}],"wp:attachment":[{"href":"https:\/\/www.europesays.com\/es\/wp-json\/wp\/v2\/media?parent=642519"}],"wp:term":[{"taxonomy":"category","embeddable":true,"href":"https:\/\/www.europesays.com\/es\/wp-json\/wp\/v2\/categories?post=642519"},{"taxonomy":"post_tag","embeddable":true,"href":"https:\/\/www.europesays.com\/es\/wp-json\/wp\/v2\/tags?post=642519"}],"curies":[{"name":"wp","href":"https:\/\/api.w.org\/{rel}","templated":true}]}}