{"id":642567,"date":"2026-07-05T11:52:28","date_gmt":"2026-07-05T11:52:28","guid":{"rendered":"https:\/\/www.europesays.com\/es\/642567\/"},"modified":"2026-07-05T11:52:28","modified_gmt":"2026-07-05T11:52:28","slug":"melody-se-echa-a-llorar-en-la-voz-kids-por-la-actuacion-de-mila-me-has-llegado-al-corazon","status":"publish","type":"post","link":"https:\/\/www.europesays.com\/es\/642567\/","title":{"rendered":"Melody se echa a llorar en &#8216;La Voz Kids&#8217; por la actuaci\u00f3n de Mila: \u00abMe has llegado al coraz\u00f3n\u00bb"},"content":{"rendered":"<p class=\"article-text\">\n        <strong>Melody<\/strong>, que se suele emocionar con facilidad en los plat\u00f3s de televisi\u00f3n, no pudo contener las l\u00e1grimas este s\u00e1bado al presenciar una de las actuaciones de <strong>La Voz Kids<\/strong>.\n    <\/p>\n<p>    <a href=\"https:\/\/www.eldiario.es\/vertele\/noticias\/emocion-anna-bosch-jubilarse-rtve-despide-telediario-reporteras-conocidas_1_13356525.html\" data-mrf-recirculation=\"saber-mas\" data-dl-event=\"saber-mas\" rel=\"nofollow noopener\" target=\"_blank\"><\/p>\n<p class=\"know-more__title\">La emoci\u00f3n de Anna Bosch al jubilarse en RTVE: as\u00ed despide el Telediario a una de sus reporteras m\u00e1s conocidas<\/p>\n<p>            <img decoding=\"async\" class=\"lazy\" loading=\"lazy\" data-src=\"https:\/\/static.eldiario.es\/clip\/b78f3368-2608-455e-82f2-af6346fe5d22_16-9-aspect-ratio_default_0.jpg\" src=\"data:image\/svg+xml,%3Csvg xmlns=\" http:=\"\" viewbox=\"0 0 880 495\" alt=\"La emoci\u00f3n de Anna Bosch al jubilarse en RTVE: as\u00ed despide el Telediario a una de sus reporteras m\u00e1s conocidas\"\/><\/p>\n<p>                        <\/a><\/p>\n<p class=\"article-text\">\n        La peque\u00f1a <strong>Mila Lo Coco<\/strong>\u2013concursante del equipo de Luis Fonsi\u2013 subi\u00f3 al escenario para interpretar <strong>Un mundo ideal<\/strong>, la conocid\u00edsima canci\u00f3n de la pel\u00edcula de <strong>Alad\u00edn<\/strong>. Dif\u00edcil olvidar aquella letra que los coaches del programa tararearon mientras la aspirante se esmeraba en afinar cada nota.\n    <\/p>\n<p class=\"article-text\">\n        A Melody le enterneci\u00f3 ver a aquella jovencita de solo ocho a\u00f1os subida en un escenario tan imponente como el de La Voz Kids. Le conmueve pensar que ella se vio en una situaci\u00f3n parecida hace m\u00e1s de dos d\u00e9cadas cuando salt\u00f3 a la fama siendo solo una ni\u00f1a.\n    <\/p>\n<p>    <a href=\"https:\/\/www.eldiario.es\/vertele\/noticias\/el-show-de-paz-recurre-salvame-telecinco-reencuentro-aramis-fuster_1_13357215.html\" data-mrf-recirculation=\"saber-mas-abajo\" data-dl-event=\"saber-mas-abajo\" rel=\"nofollow noopener\" target=\"_blank\"><\/p>\n<p class=\"know-more__title\">&#8216;El show de Paz&#8217; recurre a &#8216;S\u00e1lvame&#8217; para reeditar en Telecinco uno de los momentos m\u00e1s ic\u00f3nicos del magac\u00edn<\/p>\n<p>            <img decoding=\"async\" class=\"lazy\" loading=\"lazy\" data-src=\"https:\/\/static.eldiario.es\/clip\/aaf9113e-e0d9-4292-b687-9e485a9fdb49_16-9-aspect-ratio_default_0.jpg\" src=\"data:image\/svg+xml,%3Csvg xmlns=\" http:=\"\" viewbox=\"0 0 880 495\" alt=\"'El show de Paz' recurre a 'S\u00e1lvame' para reeditar en Telecinco uno de los momentos m\u00e1s ic\u00f3nicos del magac\u00edn\"\/><\/p>\n<p>                        <\/a><\/p>\n<p class=\"article-text\">\n        \u201cNo hace falta que diga que estoy superemocionada\u201d, reaccion\u00f3 la sevillana mientras se limpiaba las l\u00e1grimas de los ojos. Llevaba un rato llorando. \u201cTe escucho y me imagino c\u00f3mo vas a ser cuando seas grande. Dentro de ese cuerpecito tan bonito est\u00e1 la voz de un adulto\u201d, le dijo a Mila. \u201cEres pura y das amor. Me has llegado al coraz\u00f3n\u201d.\n    <\/p>\n","protected":false},"excerpt":{"rendered":"Melody, que se suele emocionar con facilidad en los plat\u00f3s de televisi\u00f3n, no pudo contener las l\u00e1grimas este&hellip;\n","protected":false},"author":2,"featured_media":642568,"comment_status":"","ping_status":"","sticky":false,"template":"","format":"standard","meta":{"footnotes":""},"categories":[171],"tags":[4641,118428,146,147,25,24,203,1783,8385,25474,13287,23,214,1447],"class_list":["post-642567","post","type-post","status-publish","format-standard","has-post-thumbnail","category-tv","tag-actuacion","tag-aladin","tag-entertainment","tag-entretenimiento","tag-es","tag-espana","tag-kids","tag-la","tag-llora","tag-melody","tag-mila","tag-spain","tag-tv","tag-voz"],"share_on_mastodon":{"url":"https:\/\/pubeurope.com\/@es\/116867232553356939","error":""},"_links":{"self":[{"href":"https:\/\/www.europesays.com\/es\/wp-json\/wp\/v2\/posts\/642567","targetHints":{"allow":["GET"]}}],"collection":[{"href":"https:\/\/www.europesays.com\/es\/wp-json\/wp\/v2\/posts"}],"about":[{"href":"https:\/\/www.europesays.com\/es\/wp-json\/wp\/v2\/types\/post"}],"author":[{"embeddable":true,"href":"https:\/\/www.europesays.com\/es\/wp-json\/wp\/v2\/users\/2"}],"replies":[{"embeddable":true,"href":"https:\/\/www.europesays.com\/es\/wp-json\/wp\/v2\/comments?post=642567"}],"version-history":[{"count":0,"href":"https:\/\/www.europesays.com\/es\/wp-json\/wp\/v2\/posts\/642567\/revisions"}],"wp:featuredmedia":[{"embeddable":true,"href":"https:\/\/www.europesays.com\/es\/wp-json\/wp\/v2\/media\/642568"}],"wp:attachment":[{"href":"https:\/\/www.europesays.com\/es\/wp-json\/wp\/v2\/media?parent=642567"}],"wp:term":[{"taxonomy":"category","embeddable":true,"href":"https:\/\/www.europesays.com\/es\/wp-json\/wp\/v2\/categories?post=642567"},{"taxonomy":"post_tag","embeddable":true,"href":"https:\/\/www.europesays.com\/es\/wp-json\/wp\/v2\/tags?post=642567"}],"curies":[{"name":"wp","href":"https:\/\/api.w.org\/{rel}","templated":true}]}}