{"id":642710,"date":"2026-07-05T13:43:17","date_gmt":"2026-07-05T13:43:17","guid":{"rendered":"https:\/\/www.europesays.com\/es\/642710\/"},"modified":"2026-07-05T13:43:17","modified_gmt":"2026-07-05T13:43:17","slug":"lucas-herrington-justifica-el-viaje-del-barca-a-estados-unidos","status":"publish","type":"post","link":"https:\/\/www.europesays.com\/es\/642710\/","title":{"rendered":"Lucas Herrington &#8216;justifica&#8217; el viaje del Bar\u00e7a a Estados Unidos"},"content":{"rendered":"<p class=\"ft-text\">El FC Barcelona <a class=\"ft-link ft-link--decoration\" href=\"https:\/\/www.sport.es\/es\/noticias\/barca\/barca-sigue-lucas-herrington-nueva-131364813\" rel=\"nofollow noopener\" target=\"_blank\">sigue con detenimiento desde hace meses a Lucas Herrington<\/a>, un defensa central de 18 a\u00f1os que ha disputado el Mundial 2026 con la selecci\u00f3n de Australia. A pesar de estar todav\u00eda en edad juvenil, Herrington fue titular en los dieciseisavos de final del torneo frente a Egipto, una titularidad que se gan\u00f3 tras jugar el partido anterior, decisivo para acceder a las rondas eliminatorias, que termin\u00f3 con un empate 0-0 ante Paraguay. Lucas estuvo a un nivel alt\u00edsimo en ese duelo clave y el seleccionador Tony Popivic decidi\u00f3 darle continuidad.<\/p>\n<p><img decoding=\"async\" src=\"https:\/\/www.europesays.com\/es\/wp-content\/uploads\/2026\/07\/e21dd4a0-166f-4340-adf5-2dc09b662203_alta-libre-aspect-ratio_default_0_x600y225.jpg\" width=\"1200\" height=\"675\" alt=\"Herrington, en una imagen de esta temporada en la MLS\" class=\"ft-helper-img-rd\" loading=\"lazy\" fetchpriority=\"auto\"\/><\/p>\n<p class=\"ft-helper-fontColor-quaternary ft-helper-fontSize-body-S ft-helper-spacer-t-xxs\">Herrington, en una imagen de esta temporada en la MLS  \/ MLS<\/p>\n<p class=\"ft-text\">En el duelo frente a Egipto, el joven central disput\u00f3 todo el partido, incluida la pr\u00f3rroga. En la tanda de penaltis (y pese a su corta edad y experiencia) tuvo el coraje de chutar una de las penas m\u00e1ximas, aunque no tuvo fortuna y su lanzamiento se fue al larguero. Sufri\u00f3 la amargura de la eliminaci\u00f3n en sus carnes. Pese a ello, <strong>el jugador ha dejado muy buenas sensaciones en el torneo.<\/strong><\/p>\n<p>Inter\u00e9s y viaje a Estados Unidos<\/p>\n<p class=\"ft-text\">El seguimiento del club azulgrana viene de lejos. <a class=\"ft-link ft-link--decoration\" href=\"https:\/\/www.sport.es\/es\/noticias\/barca\/barca-serio-muro-australiano-lucas-131564583\" rel=\"nofollow noopener\" target=\"_blank\">Tal y como contamos en Sport<\/a>,<strong> el pasado mes de abril representantes del Bar\u00e7a viajaron a Estados Unidos para verlo in situ<\/strong> y hablaron con su entorno para sondear un posible fichaje.<\/p>\n<p><img decoding=\"async\" src=\"https:\/\/www.europesays.com\/es\/wp-content\/uploads\/2026\/07\/3eaa6b5a-63d5-438c-82cb-7a594ea33c39_alta-libre-aspect-ratio_default_0_x1000y444.jpg\" width=\"1200\" height=\"800\" alt=\"26\/06\/2026 SANTA CLARA, CA - JUNE 25: Lucas Herrington #25 of Australia and Julio Enciso #19 of Paraguay fight for the ball during the FIFA World Cup Group D match between Paraguay and Australia on June 25, 2026 at San Francisco Bay Area Stadium in Santa Clara, CA. DEPORTES Europa Press\/Contacto\/Bob Kupbens\" class=\"ft-helper-img-rd\" loading=\"lazy\" fetchpriority=\"auto\"\/><\/p>\n<p class=\"ft-helper-fontColor-quaternary ft-helper-fontSize-body-S ft-helper-spacer-t-xxs\">Herrington, durante el partido ante Paraguay  \/ Europa Press<\/p>\n<p class=\"ft-text\">Seg\u00fan aseguran fuentes de medios norteamericanos, <strong>el Bar\u00e7a habr\u00eda llegado incluso a realizar una oferta que su equipo actual, el Colorado Rapids<\/strong>, rechaz\u00f3. El club estadounidense lo hab\u00eda firmado apenas medio a\u00f1o antes, procedente del Brisbane Roar de la liga australiana.<\/p>\n<p class=\"ft-text\">A pesar de la primera negativa, el inter\u00e9s del Bar\u00e7a sigue vigente y la idea de la entidad azulgrana es intentar firmarlo este mismo verano.<\/p>\n<p>Perfil f\u00edsico y t\u00e9cnico<\/p>\n<p class=\"ft-text\">Herrington responde a las caracter\u00edsticas de los defensores que est\u00e1 buscando el Bar\u00e7a actualmente, un perfil m\u00e1s f\u00edsico y con mayor envergadura, como es el caso de Juwensley Onstein, a quien se fich\u00f3 el pasado mes de enero. <\/p>\n<p><img decoding=\"async\" src=\"https:\/\/www.europesays.com\/es\/wp-content\/uploads\/2026\/07\/197384b4-1b39-45ec-b4d8-123d4f3aa073_alta-libre-aspect-ratio_default_0_x1000y444.jpg\" width=\"1200\" height=\"799\" alt=\"DALLAS (United States), 03\/07\/2026.- Lucas Herrington of Australia (C) reacts after missing a penalty during the penalty shoot out during the FIFA World Cup 2026 Round of 32 match Australia against Egypt, in Dallas, USA, 03 July 2026. E (Egipto) EFE\/EPA\/JEFFREY MCWHORTER\" class=\"ft-helper-img-rd\" loading=\"lazy\" fetchpriority=\"auto\"\/><\/p>\n<p class=\"ft-helper-fontColor-quaternary ft-helper-fontSize-body-S ft-helper-spacer-t-xxs\">Herrington se lamenta tras fallar su penalti  \/ JEFFREY MCWHORTER \/ EFE<\/p>\n<p class=\"ft-text\">Se trata de un central de 1,94 metros de altura, espigado, con buen juego a\u00e9reo y una salida de bal\u00f3n bastante depurada. Desde el club creen que el australiano, que cuenta con mucho margen de mejora, encajar\u00eda muy bien en el equipo.<\/p>\n","protected":false},"excerpt":{"rendered":"El FC Barcelona sigue con detenimiento desde hace meses a Lucas Herrington, un defensa central de 18 a\u00f1os&hellip;\n","protected":false},"author":2,"featured_media":642711,"comment_status":"","ping_status":"","sticky":false,"template":"","format":"standard","meta":{"footnotes":""},"categories":[268],"tags":[4699,2296,168,25,24,629,881,280,282,114101,114741,281,23,167],"class_list":["post-642710","post","type-post","status-publish","format-standard","has-post-thumbnail","category-futbol","tag-australia","tag-barca","tag-deportes","tag-es","tag-espana","tag-estados-unidos","tag-fc-barcelona","tag-football","tag-futbol","tag-herrington","tag-lucas-herrington","tag-soccer","tag-spain","tag-sports"],"share_on_mastodon":{"url":"https:\/\/pubeurope.com\/@es\/116867669998791996","error":""},"_links":{"self":[{"href":"https:\/\/www.europesays.com\/es\/wp-json\/wp\/v2\/posts\/642710","targetHints":{"allow":["GET"]}}],"collection":[{"href":"https:\/\/www.europesays.com\/es\/wp-json\/wp\/v2\/posts"}],"about":[{"href":"https:\/\/www.europesays.com\/es\/wp-json\/wp\/v2\/types\/post"}],"author":[{"embeddable":true,"href":"https:\/\/www.europesays.com\/es\/wp-json\/wp\/v2\/users\/2"}],"replies":[{"embeddable":true,"href":"https:\/\/www.europesays.com\/es\/wp-json\/wp\/v2\/comments?post=642710"}],"version-history":[{"count":0,"href":"https:\/\/www.europesays.com\/es\/wp-json\/wp\/v2\/posts\/642710\/revisions"}],"wp:featuredmedia":[{"embeddable":true,"href":"https:\/\/www.europesays.com\/es\/wp-json\/wp\/v2\/media\/642711"}],"wp:attachment":[{"href":"https:\/\/www.europesays.com\/es\/wp-json\/wp\/v2\/media?parent=642710"}],"wp:term":[{"taxonomy":"category","embeddable":true,"href":"https:\/\/www.europesays.com\/es\/wp-json\/wp\/v2\/categories?post=642710"},{"taxonomy":"post_tag","embeddable":true,"href":"https:\/\/www.europesays.com\/es\/wp-json\/wp\/v2\/tags?post=642710"}],"curies":[{"name":"wp","href":"https:\/\/api.w.org\/{rel}","templated":true}]}}