{"id":642865,"date":"2026-07-05T15:40:27","date_gmt":"2026-07-05T15:40:27","guid":{"rendered":"https:\/\/www.europesays.com\/es\/642865\/"},"modified":"2026-07-05T15:40:27","modified_gmt":"2026-07-05T15:40:27","slug":"maria-elena-del-olmo-expone-con-exito-en-una-galeria-madrilena","status":"publish","type":"post","link":"https:\/\/www.europesays.com\/es\/642865\/","title":{"rendered":"Mar\u00eda Elena del Olmo expone con \u00e9xito en una galer\u00eda madrile\u00f1a"},"content":{"rendered":"<p>Cuadro a cuadro, verso a verso. Remedando al gran Antonio Machado, una pintora que tambi\u00e9n coincide con el inmortal escritor en que sus trabajos art\u00edsticos \u00abnacen de los sentimientos y la emoci\u00f3n\u00bb, cual afirma Mar\u00eda Elena del Olmo, quien sigue acumulando nombre y prestigio en el siempre complicado escenario de Madrid. En la indudable capital cultural de nuestro pa\u00eds ya ha hecho ese pase\u00edllo especial que es colgar sus cuadros en anteriores ocasiones, y ahora ha vuelto a repetir \u00e9xito desde el pasado 4 de junio y hasta hace pocas fechas \u00a0en la prestigiosa La Zona Gallery. Una galer\u00eda que, desde sus inicios hace cerca de un lustro, tiene como filosof\u00eda impulsar el arte a trav\u00e9s de la muestra del trabajo de artistas consagrados, a la par que convertirse en la plataforma para nuevos creadores y transformarse en una puerta abierta para favorecer el acceso a la cultura del conjunto de la sociedad.<\/p>\n<p>En esta ocasi\u00f3n Del Olmo present\u00f3 una decena de obras sobre la naturaleza, tanto paisajes manchegos, de la tierra de Albacete que le vio nacer y que tantas vivencias le traen a la memoria, como marinas llenas de fuerza y sensibilidad. \u00abTodas me acercan a mi lado materno de Tenerife, donde tambi\u00e9n pas\u00e9 algunos a\u00f1os de mi infancia y est\u00e1n llenos de buenos recuerdos\u00bb, como afirma a La Tribuna. Esta exposici\u00f3n surgi\u00f3 hace ya unos meses cuando la directora de la galer\u00eda contact\u00f3 con la albacetense porque hab\u00eda visto su trabajo y le gust\u00f3. \u00abMostr\u00f3 mucho inter\u00e9s en mi participaci\u00f3n\u00bb.<\/p>\n<p>Aunque ha sido una \u00a0muestra colectiva, se ha publicitado en la promoci\u00f3n y en los cat\u00e1logos como la suma de varias exposiciones individuales, donde cada artista ha pose\u00eddo su sitio perfectamente definido y sin que se haya compartido por de otros. Un aspecto \u00abmuy positivo\u00bb, cual lo valora la albacetense, \u00abpor ese detalle importante por respetar el espacio individual de cada artista\u00bb.<\/p>\n<p>Mar\u00eda Eugenia nada m\u00e1s regresar a Albacete se ha puesto a preparar casi a marchas forzadas, \u00aby siempre sin que ello signifique un detrimento de la calidad\u00bb, cual precisa, varios de los proyectos que a menor o mayor plazo tiene previstos en Madrid, en Barcelona y en M\u00e1laga, ciudades donde ya ha sido protagonista en otras ocasiones con sus obras. Pero la que m\u00e1s le ha impactado, porque se plante\u00f3 como un homenaje a sus padres, fue la titulada Toda una vida In Memoriam en el Museo de Albacete.<\/p>\n<p>De esos proyectos da a conocer uno ya seguro que hasta ahora no hab\u00eda comunicado porque no se hab\u00edan cerrado todos los tr\u00e1mites. Una ocasi\u00f3n \u00a0que va a aumentar su presencia internacional que ya tiene en su hoja de servicios al arte, concretamente en Par\u00eds, Roma, Venecia, La Toscana italiana, Singapur, Qatar y Florida en EEUU.<\/p>\n<p>Se trata, como es l\u00f3gico y comprensible, el de su mayor ilusi\u00f3n en estos momentos, ampliando la expansi\u00f3n internacional: porque desde la capital griega le han pedido una obra nueva para exponerla. Fue Theodorus Kokovidis, director del Museo de Atenas, quien se puso en contacto con ella a trav\u00e9s del correo electr\u00f3nico, porque la hab\u00edan seleccionado para participar, junto con otros artistas espa\u00f1oles, en el Spain 35X35 Art Project Copelouzos Family Art Museum.\u00a0<\/p>\n<p>Este proyecto recoge obras de artistas de diferentes pa\u00edses para formar una exposici\u00f3n permanente en su museo. \u00abEllos me enviaron el lienzo en una preciosa caja azul con un sello en plata del museo, e igualmente lo recogieron. Se encargaron de todo y est\u00e1n preparando el certificado de donaci\u00f3n de obra del museo\u00bb. A lo que han a\u00f1adido un precioso cat\u00e1logo con su \u00a0biograf\u00eda, am\u00e9n de la obra donada con su explicaci\u00f3n y ficha t\u00e9cnica.<\/p>\n<p>Como han apreciado hasta ahora en todas y cada una en sus m\u00faltiples muestras, la creatividad de todos sus cuadros surge de la mezcolanza en forma compulsiva de sentimientos y emociones. Siendo capaz de plasmarlos en pinceladas sueltas a la par que llenas de movimientos, porque es la forma en que surge una pintura viva y llena de color. Aunque como la artista a\u00fana a la par timidez cong\u00e9nita y la t\u00edpica sencillez albacetense, no le gusta hablar sobre si misma, a veces a base de insistirle, se logra que comente sus maneras personales de entender su capacidad art\u00edstica.<\/p>\n<p>\u00abEs verdad que los paisajes siempre son un referente en mi trabajo y es ese profundo amor a la naturaleza y nuestra conexi\u00f3n con la misma la que hace brotar de mis manos estas pinturas llenas de vida, movimiento y sentimiento, dando mucha importancia a la luz y a la textura de las mismas. Siempre tengo muy presente el campo manchego, esos amplios cielos que besan el horizonte en uni\u00f3n casi m\u00edstica con la tierra y esos bellos parajes primaverales que susurran nuestros nombres cuando las flores y la hierba es mecida por el viento\u00bb.<\/p>\n<p>Pero esa magn\u00edfica etapa infantil y juvenil que pas\u00f3 en Tenerife no pod\u00eda quedar fuera, ya que confiesa que igualmente, tiene presente el mar, su movimiento, el chasquido de las olas sobre la ardiente arena. Y con una fuerte emoci\u00f3n concluye: \u00abEs ah\u00ed donde surge la imagen de mis \u00a0padres, siempre presente en mi trabajo\u00bb.<\/p>\n","protected":false},"excerpt":{"rendered":"Cuadro a cuadro, verso a verso. Remedando al gran Antonio Machado, una pintora que tambi\u00e9n coincide con el&hellip;\n","protected":false},"author":2,"featured_media":642866,"comment_status":"","ping_status":"","sticky":false,"template":"","format":"standard","meta":{"footnotes":""},"categories":[173],"tags":[2545,243,229,233,231,230,210,6047,232,234,146,147,25,24,629,241,421,205,3855,118454,1409,4759,438,1748,23,1370,9490],"class_list":["post-642865","post","type-post","status-publish","format-standard","has-post-thumbnail","category-arte-y-diseno","tag-albacete","tag-antonio-machado","tag-arte","tag-arte-y-diseno","tag-arts","tag-arts-and-design","tag-barcelona","tag-catar","tag-design","tag-diseno","tag-entertainment","tag-entretenimiento","tag-es","tag-espana","tag-estados-unidos","tag-exposiciones","tag-florida","tag-madrid","tag-malaga","tag-museo-de-albacete","tag-naturaleza","tag-paris","tag-roma","tag-singapur","tag-spain","tag-tenerife","tag-venecia"],"share_on_mastodon":{"url":"https:\/\/pubeurope.com\/@es\/116868128960817024","error":""},"_links":{"self":[{"href":"https:\/\/www.europesays.com\/es\/wp-json\/wp\/v2\/posts\/642865","targetHints":{"allow":["GET"]}}],"collection":[{"href":"https:\/\/www.europesays.com\/es\/wp-json\/wp\/v2\/posts"}],"about":[{"href":"https:\/\/www.europesays.com\/es\/wp-json\/wp\/v2\/types\/post"}],"author":[{"embeddable":true,"href":"https:\/\/www.europesays.com\/es\/wp-json\/wp\/v2\/users\/2"}],"replies":[{"embeddable":true,"href":"https:\/\/www.europesays.com\/es\/wp-json\/wp\/v2\/comments?post=642865"}],"version-history":[{"count":0,"href":"https:\/\/www.europesays.com\/es\/wp-json\/wp\/v2\/posts\/642865\/revisions"}],"wp:featuredmedia":[{"embeddable":true,"href":"https:\/\/www.europesays.com\/es\/wp-json\/wp\/v2\/media\/642866"}],"wp:attachment":[{"href":"https:\/\/www.europesays.com\/es\/wp-json\/wp\/v2\/media?parent=642865"}],"wp:term":[{"taxonomy":"category","embeddable":true,"href":"https:\/\/www.europesays.com\/es\/wp-json\/wp\/v2\/categories?post=642865"},{"taxonomy":"post_tag","embeddable":true,"href":"https:\/\/www.europesays.com\/es\/wp-json\/wp\/v2\/tags?post=642865"}],"curies":[{"name":"wp","href":"https:\/\/api.w.org\/{rel}","templated":true}]}}