{"id":642872,"date":"2026-07-05T15:46:26","date_gmt":"2026-07-05T15:46:26","guid":{"rendered":"https:\/\/www.europesays.com\/es\/642872\/"},"modified":"2026-07-05T15:46:26","modified_gmt":"2026-07-05T15:46:26","slug":"a-la-busqueda-de-un-nanofarmaco-innovador-contra-el-cancer-ma-jesus-vicent-recibe-una-beca-de-25-millones-de-la-ue","status":"publish","type":"post","link":"https:\/\/www.europesays.com\/es\/642872\/","title":{"rendered":"A la b\u00fasqueda de un nanof\u00e1rmaco innovador contra el c\u00e1ncer: M\u00aa Jes\u00fas Vicent recibe una beca de 2,5 millones de la UE"},"content":{"rendered":"<p class=\"ft-text ft-helper-closenews\">En el mercado farmac\u00f3logico, existen 65 nanomedicinas; algunas muy conocidas como las vacunas frente a la covid de Moderna y <a class=\"ft-link ft-link--decoration\" href=\"https:\/\/www.levante-emv.com\/sociedad\/2022\/10\/06\/refuerzo-vacuna-pfizer-proteccion-76911502.html\" rel=\"nofollow noopener\" target=\"_blank\">Pfizer<\/a> o tratamientos frente al c\u00e1ncer de mama, como Doxil. Pero hay otras en camino. Una de ellas es la tecnolog\u00eda basada en la mec\u00e1nica tumoral que tratar\u00e1 de desarrollar el equipo liderado por la valenciana <strong>M\u00aa Jes\u00fas Vicent<\/strong>, <a class=\"ft-link ft-link--decoration\" href=\"https:\/\/www.levante-emv.com\/comunitat-valenciana\/2025\/11\/25\/maria-jesus-vicent-invertir-ciencia-124098328.html\" rel=\"nofollow noopener\" target=\"_blank\">premio Jaume I 2025<\/a>; una terapia con un funcionamiento innovador -bloquear\u00e1 tres posibles desarrollos del tumor con un mecanismo de activaci\u00f3n en cascada- que ha recibido la <strong>beca Advanced del European Research Council (ERC) <\/strong>dotada con 2,5 millones de euros para un periodo de cinco a\u00f1os. Es una de las ayudas m\u00e1s prestigiosas del planeta; solo un 9 % tienen porcentaje de \u00e9xito. En Espa\u00f1a, se han concedido 29 en esta \u00faltima edici\u00f3n; la <strong>suya es la \u00fanica con ADN valenciano<\/strong>. \u00abEs un proyecto muy ambicioso -, explica Vicent-. Se basa en la relaci\u00f3n existente entre el metabolismo tumoral y las propiedades mec\u00e1nicas en el estroma tumoral\u00bb.<\/p>\n<p class=\"ft-text\">La primera de las condiciones de la ERC es que el proyecto presente un planteamiento completamente innovador. Es una premisa que cumple a la perfecci\u00f3n porque el objetivo es desarrollar una terapia avanzada que est\u00e1 planteada para actuar por capas, concretamente en tres fases o v\u00edas por las que bloquear el tumor. Pero a diferencia de otros tratamientos que lanzan toda su ofensiva simult\u00e1neamente, esta tecnolog\u00eda tiene tres niveles de activaci\u00f3n, los cuales solo se pondr\u00e1n en marcha si las condiciones celulares van requiriendo ese despliegue en cascada que bloquee el desarrollo del c\u00e1ncer. Su investigaci\u00f3n debe demostrar que estas \u00abtres fases se desencadenan adecuadamente, sin ser t\u00f3xicos para otras cosas\u00bb, explica la investigadora a <a class=\"ft-link ft-link--decoration\" href=\"https:\/\/www.levante-emv.com\" rel=\"nofollow noopener\" target=\"_blank\">Levante-EMV<\/a>.<\/p>\n<p class=\"ft-text\">La segunda es que busca una soluci\u00f3n para un \u00abtumor hep\u00e1tico muy peculiar\u00bb, el colangiocarcinoma, con un estroma o matriz extracelular muy fuerte, como ocurre con otras tipolog\u00edas como la de p\u00e1ncreas o p\u00e1ncreas. Esto los hace \u00abmuy dif\u00edciles de tratar\u00bb. Por el momento, no tiene cura; es un tumor de f\u00e1rmaco hu\u00e9rfano, lo que acelera el proceso para su posible aprobaci\u00f3n en el futuro porque no debe demostrar que es mejor que uno ya existente. Esta tipolog\u00eda re\u00fane otras dos circunstancias: no \u00abhay nada que funcione\u00bb para frenarlo y presenta las peores condiciones que se pueden obtener en un tumor. <\/p>\n<p class=\"ft-text\">La tercera es que, aunque el objetivo final no se consiga, <strong>cada uno de los pasos de la investigaci\u00f3n generar\u00e1n conocimiento<\/strong>. \u00abEs una de las condiciones que tienes que defender ante la ERC -, relata-. Que en todos los objetivos del proyecto se genere una progresi\u00f3n de conocimiento\u00bb. Porque el \u00e9xito de la terapia o no depende de su funcionamiento en s\u00ed, pero tambi\u00e9n de otras variables: que el producto hecho qu\u00edmicamente sea escalable, que tenga costo-eficiencia y que se pueden hacer con las caracter\u00edsticas necesarias para poder ser inoculada en una persona. <\/p>\n<p>El talento espa\u00f1ol <\/p>\n<p class=\"ft-text\">La concesi\u00f3n de la beca europea, y en especial su dotaci\u00f3n econ\u00f3mica de 2,5 millones de euros es un seguro de vida, <strong>una \u00abtranquilidad\u00bb <\/strong>como define la investigadora porque permitir\u00e1 pagar los contratos de todo el equipo durante los pr\u00f3ximos cinco a\u00f1os. La financiaci\u00f3n es una preocupaci\u00f3n para muchos equipos de investigaci\u00f3n. Vicent se considera afortunada porque su equipo est\u00e1 inmerso en varios proyectos europeos, nacionales y privados. Hace unos a\u00f1os ya recibi\u00f3 una beca Consolidator de la ERC, el escalaf\u00f3n inferior a la actual, con dos millones de euros un proyecto frente al c\u00e1ncer de mama, con un planteamiento de medicina personalizada, una idea que se traslada a esta nueva investigaci\u00f3n, en la l\u00ednea de la estrategia actual frente al c\u00e1ncer. \u00abAntes se actuaba matando a ca\u00f1onazos, todav\u00eda se hace en algunos casos -, comenta-. Pero avanzamos hacia terapias personalizadas y moleculares\u00bb. <\/p>\n<p><img decoding=\"async\" src=\"https:\/\/www.europesays.com\/es\/wp-content\/uploads\/2026\/07\/7a63ca29-bad1-4180-87c4-aae39e31df4d_alta-libre-aspect-ratio_default_0_x1000y476.jpg\" width=\"1200\" height=\"857\" alt=\"VALENCIA. VLC. Presentaci\u00f3n de los galardonados en las premios Jaume I 2025\" class=\"ft-helper-img-rd\" loading=\"lazy\" fetchpriority=\"auto\"\/><\/p>\n<p class=\"ft-helper-fontColor-quaternary ft-helper-fontSize-body-S ft-helper-spacer-t-xxs\">M\u00aa Jes\u00fas Vicent, en la celebraci\u00f3n de los Premios Jaume I 2025.  \/ Fernando Bustamante \/ LEV<\/p>\n<p class=\"ft-text\">Vicent, coordinadora del Programa de C\u00e1ncer y jefa del Laboratorio de Pol\u00edmeros Terap\u00e9uticos del Centro de Investigaci\u00f3n Pr\u00edncipe Felipe (CIPF) de Val\u00e8ncia, r<strong>eclama \u00abm\u00e1s apoyo a nivel nacional\u00bb<\/strong>. Talento hay, en su opini\u00f3n: \u00abSomos muy buenos -, apunta-. Estamos acostumbrados a ser muy buenos supervivientes, a ser muy imaginativos porque toda la vida hemos tenido que intentar solucionar problemas con menos recursos que nuestros compa\u00f1eros de otros pa\u00edses\u00bb. Considera que los investigadores espa\u00f1oles han aprendido \u00abmuy bien\u00bb, pese a que el nivel educativo va a la baja. \u00abEl nivel es m\u00e1s alto en muchas cosas, aunque nos falta dar m\u00e1s valor a los niveles educativos m\u00e1s avanzados\u00bb, se\u00f1ala. <\/p>\n<p class=\"ft-text\"> Como mujer investigadora ha formado parte de proyectos como \u00abWomen in science\u00bb y reivindica la importancia de tener referentes femeninos aunque en su campo la equidad est\u00e1 m\u00e1s presente que en otras ramas de la investigaci\u00f3n, como en los campos \u00abm\u00e1s tecnol\u00f3gicos\u00bb. \u00abHay que educar para que una ni\u00f1a se plantee ser astronauta, qu\u00edmica, ingeniera o lo que se le ocurra\u00bb.<\/p>\n<p data-close=\"closedContent\" class=\"subscribeHideForDisplay\">Suscr\u00edbete para seguir leyendo<\/p>\n","protected":false},"excerpt":{"rendered":"En el mercado farmac\u00f3logico, existen 65 nanomedicinas; algunas muy conocidas como las vacunas frente a la covid de&hellip;\n","protected":false},"author":2,"featured_media":642873,"comment_status":"","ping_status":"","sticky":false,"template":"","format":"standard","meta":{"footnotes":""},"categories":[92],"tags":[20263,1066,6324,25,24,6861,165,31935,1294,5782,58161,118455,166,23,16578,943],"class_list":["post-642872","post","type-post","status-publish","format-standard","has-post-thumbnail","category-salud","tag-busqueda","tag-cancer","tag-erc","tag-es","tag-espana","tag-financiacion","tag-health","tag-innovador","tag-investigacion","tag-jesus","tag-ma","tag-nanofarmaco","tag-salud","tag-spain","tag-talento","tag-ue"],"share_on_mastodon":{"url":"https:\/\/pubeurope.com\/@es\/116868153463153329","error":""},"_links":{"self":[{"href":"https:\/\/www.europesays.com\/es\/wp-json\/wp\/v2\/posts\/642872","targetHints":{"allow":["GET"]}}],"collection":[{"href":"https:\/\/www.europesays.com\/es\/wp-json\/wp\/v2\/posts"}],"about":[{"href":"https:\/\/www.europesays.com\/es\/wp-json\/wp\/v2\/types\/post"}],"author":[{"embeddable":true,"href":"https:\/\/www.europesays.com\/es\/wp-json\/wp\/v2\/users\/2"}],"replies":[{"embeddable":true,"href":"https:\/\/www.europesays.com\/es\/wp-json\/wp\/v2\/comments?post=642872"}],"version-history":[{"count":0,"href":"https:\/\/www.europesays.com\/es\/wp-json\/wp\/v2\/posts\/642872\/revisions"}],"wp:featuredmedia":[{"embeddable":true,"href":"https:\/\/www.europesays.com\/es\/wp-json\/wp\/v2\/media\/642873"}],"wp:attachment":[{"href":"https:\/\/www.europesays.com\/es\/wp-json\/wp\/v2\/media?parent=642872"}],"wp:term":[{"taxonomy":"category","embeddable":true,"href":"https:\/\/www.europesays.com\/es\/wp-json\/wp\/v2\/categories?post=642872"},{"taxonomy":"post_tag","embeddable":true,"href":"https:\/\/www.europesays.com\/es\/wp-json\/wp\/v2\/tags?post=642872"}],"curies":[{"name":"wp","href":"https:\/\/api.w.org\/{rel}","templated":true}]}}