{"id":642926,"date":"2026-07-05T16:25:12","date_gmt":"2026-07-05T16:25:12","guid":{"rendered":"https:\/\/www.europesays.com\/es\/642926\/"},"modified":"2026-07-05T16:25:12","modified_gmt":"2026-07-05T16:25:12","slug":"monumental-bronca-a-gritos-entre-jose-maria-almoguera-y-maria-sanchez-en-la-boda-de-suso-y-marieta-fue-algo-exagerado","status":"publish","type":"post","link":"https:\/\/www.europesays.com\/es\/642926\/","title":{"rendered":"Monumental bronca, \u00aba gritos\u00bb, entre Jos\u00e9 Mar\u00eda Almoguera y Mar\u00eda S\u00e1nchez en la boda de Suso y Marieta: \u00abFue algo exagerado\u00bb"},"content":{"rendered":"<p class=\"c-paragraph\"><b>Suso \u00c1lvarez y Marieta<\/b>\u00a0por fin se han dado el &#8216;s\u00ed, quiero&#8217; en una\u00a0<b>espectacular boda celebrada en Toledo<\/b>\u00a0este fin de semana y en la que no han faltado sus m\u00e1s allegados y grandes rostros conocidos.<\/p>\n<p class=\"c-paragraph\">Hasta all\u00ed se trasladaban los 220 invitados al enlace, entre los que se encontraban <a href=\"https:\/\/www.20minutos.es\/tags\/temas\/jose-maria-almoguera.html\" title=\"Jos\u00e9 Mar\u00eda Almoguera\" rel=\"nofollow noopener\" target=\"_blank\">Jos\u00e9 Mar\u00eda Almoguera<\/a> y su novia Mar\u00eda S\u00e1nchez. Tambi\u00e9n entre ellos\u00a0<b><a href=\"https:\/\/www.20minutos.es\/tags\/personas\/irene-rosales.html\" title=\"Irene Rosales\" rel=\"nofollow noopener\" target=\"_blank\">Irene Rosales<\/a>,<\/b>\u00a0<a href=\"https:\/\/www.20minutos.es\/tags\/personas\/makoke.html\" title=\"Makoke\" rel=\"nofollow noopener\" target=\"_blank\">Makoke<\/a>,\u00a0<a href=\"https:\/\/www.20minutos.es\/tags\/personas\/amor-romeira.html\" title=\"Amor Romeira\" rel=\"nofollow noopener\" target=\"_blank\">Amor Romeira<\/a>,\u00a0<a href=\"https:\/\/www.20minutos.es\/tags\/personas\/carmen-borrego.html\" title=\"Carmen Borrego\" rel=\"nofollow noopener\" target=\"_blank\">Carmen Borrego<\/a>,<a href=\"https:\/\/www.20minutos.es\/tags\/temas\/jose-maria-almoguera.html\" title=\"Jos\u00e9 Mar\u00eda Almoguera\" rel=\"nofollow noopener\" target=\"_blank\">\u00a0Jos\u00e9 Mar\u00eda Almoguera<\/a>, Mar\u00eda &#8216;La jerezana&#8217;,\u00a0<a href=\"https:\/\/www.20minutos.es\/tags\/personas\/belen-rodriguez.html\" title=\"Bel\u00e9n Rodr\u00edguez\" rel=\"nofollow noopener\" target=\"_blank\">Bel\u00e9n Rodr\u00edguez<\/a>,\u00a0<a href=\"https:\/\/www.20minutos.es\/tags\/personas\/diego-matamoros.html\" title=\"Diego Matamoros\" rel=\"nofollow noopener\" target=\"_blank\">Diego Matamoros<\/a>, Rub\u00e9n Torres, Mar\u00eda Aguilar, Ana L\u00f3pez, Anita Williams,\u00a0<a href=\"https:\/\/www.20minutos.es\/tags\/temas\/rafa-mora.html\" title=\"Rafa Mora\" rel=\"nofollow noopener\" target=\"_blank\">Rafa Mora<\/a>\u00a0o Manuel Cort\u00e9s.<\/p>\n<p class=\"c-paragraph\">Sin embargo, precisamente los dos primeros fueron los que, seg\u00fan el programa Fiesta, protagonizaron el momento m\u00e1s tenso de la jornada.\u00a0Al parecer, tal y como ha contado Luis Roll\u00e1n, cuando la fiesta estaba en su punto \u00e1lgido, ya a altas horas de la madrugada, todo saltaba por los aires entre ellos protagonizando una <b>monumental bronca, \u00aba gritos\u00bb,\u00a0<\/b>por la que incluso abandonaron la boda.<\/p>\n<p class=\"c-paragraph\">\u00abHay un momento en el que estamos fuera de la parte de la discoteca y yo <b>lo que veo es que sale Mar\u00eda bastante alterada y \u00e9l detr\u00e1s<\/b>. Ella a gritos gesticulando mucho y no s\u00e9 por qu\u00e9 fue, pero se fueron de la boda, el enfado fue monumental\u00bb, adelantaba el periodista y colaborador.<\/p>\n<p class=\"c-paragraph\">\u00abMar\u00eda le increpaba a \u00e9l, cogi\u00f3 los abrigos y se fue de all\u00ed, Jos\u00e9 Mar\u00eda sali\u00f3 detr\u00e1s. Eran sobre las cuatro de la ma\u00f1ana. Todos los que est\u00e1bamos all\u00ed lo vimos, <b>fue algo exagerad<\/b>o\u00bb, detallaba.<\/p>\n","protected":false},"excerpt":{"rendered":"Suso \u00c1lvarez y Marieta\u00a0por fin se han dado el &#8216;s\u00ed, quiero&#8217; en una\u00a0espectacular boda celebrada en Toledo\u00a0este fin&hellip;\n","protected":false},"author":2,"featured_media":642927,"comment_status":"","ping_status":"","sticky":false,"template":"","format":"standard","meta":{"footnotes":""},"categories":[174],"tags":[9261,255,146,160,147,25,24,256,11823,2467,24575,23],"class_list":["post-642926","post","type-post","status-publish","format-standard","has-post-thumbnail","category-famosos","tag-bronca","tag-celebrities","tag-entertainment","tag-entre","tag-entretenimiento","tag-es","tag-espana","tag-famosos","tag-gritos","tag-jose","tag-monumental","tag-spain"],"share_on_mastodon":{"url":"https:\/\/pubeurope.com\/@es\/116868305837410429","error":""},"_links":{"self":[{"href":"https:\/\/www.europesays.com\/es\/wp-json\/wp\/v2\/posts\/642926","targetHints":{"allow":["GET"]}}],"collection":[{"href":"https:\/\/www.europesays.com\/es\/wp-json\/wp\/v2\/posts"}],"about":[{"href":"https:\/\/www.europesays.com\/es\/wp-json\/wp\/v2\/types\/post"}],"author":[{"embeddable":true,"href":"https:\/\/www.europesays.com\/es\/wp-json\/wp\/v2\/users\/2"}],"replies":[{"embeddable":true,"href":"https:\/\/www.europesays.com\/es\/wp-json\/wp\/v2\/comments?post=642926"}],"version-history":[{"count":0,"href":"https:\/\/www.europesays.com\/es\/wp-json\/wp\/v2\/posts\/642926\/revisions"}],"wp:featuredmedia":[{"embeddable":true,"href":"https:\/\/www.europesays.com\/es\/wp-json\/wp\/v2\/media\/642927"}],"wp:attachment":[{"href":"https:\/\/www.europesays.com\/es\/wp-json\/wp\/v2\/media?parent=642926"}],"wp:term":[{"taxonomy":"category","embeddable":true,"href":"https:\/\/www.europesays.com\/es\/wp-json\/wp\/v2\/categories?post=642926"},{"taxonomy":"post_tag","embeddable":true,"href":"https:\/\/www.europesays.com\/es\/wp-json\/wp\/v2\/tags?post=642926"}],"curies":[{"name":"wp","href":"https:\/\/api.w.org\/{rel}","templated":true}]}}