{"id":642930,"date":"2026-07-05T16:29:20","date_gmt":"2026-07-05T16:29:20","guid":{"rendered":"https:\/\/www.europesays.com\/es\/642930\/"},"modified":"2026-07-05T16:29:20","modified_gmt":"2026-07-05T16:29:20","slug":"dos-aviones-rusos-14-ninos-y-un-credito-bancario-la-isla-espanola-donde-michael-jackson-dio-su-unico-concierto-en-espana-de-1993","status":"publish","type":"post","link":"https:\/\/www.europesays.com\/es\/642930\/","title":{"rendered":"Dos aviones rusos, 14 ni\u00f1os y un cr\u00e9dito bancario: la isla espa\u00f1ola donde Michael Jackson dio su \u00fanico concierto en Espa\u00f1a de 1993"},"content":{"rendered":"<p class=\"font-claude-response-body break-words whitespace-normal\">Cada entrada costaba <b>5.000 pesetas <\/b>y hoy los coleccionistas pagan hasta 500 euros por una en buen estado. El <b>cantante<\/b> viaj\u00f3 con su madre, su cocinero, su jefe de seguridad y catorce ni\u00f1os. Su cach\u00e9 rond\u00f3 los dos millones de d\u00f3lares de la \u00e9poca. Y para que todo aquello fuera posible, dos promotores tinerfe\u00f1os tuvieron que pedir un <b>cr\u00e9dito a CajaCanarias<\/b> que no terminaron de cuadrar hasta agotar el papel.<\/p>\n<p class=\"font-claude-response-body break-words whitespace-normal\">Son solo algunas cifras del <b>concierto que Michael Jackson ofreci\u00f3 en la explanada del puerto de Santa Cruz de Tenerife el 26 de septiembre de 1993<\/b>, del que ahora se cumplen <b>33 a\u00f1os.<\/b> Fue su \u00fanica actuaci\u00f3n europea dentro del <b>Dangerous World Tour<\/b>, la gira con la que paseaba por medio mundo su octavo disco de estudio, y todav\u00eda nadie ha conseguido arrebatarle el t\u00edtulo de mayor espect\u00e1culo musical celebrado en <a title=\"Canarias\" href=\"https:\/\/www.larazon.es\/canarias\/\" target=\"_blank\" rel=\"nofollow noopener\">Canarias<\/a>. Unas 50.000 personas agotaron las localidades, a las que se sumaron 1.500 pases VIP que se vendieron al doble de precio.<\/p>\n<p>C\u00f3mo se gest\u00f3 esta historia<\/p>\n<p class=\"font-claude-response-body break-words whitespace-normal\">La historia arranca en agosto de 1992, cuando una delegaci\u00f3n tinerfe\u00f1a desplazada a <b>Londres<\/b> fue invitada al concierto que Jackson deb\u00eda dar en Wembley ante 82.000 personas. El recital se cancel\u00f3 en el \u00faltimo momento y a los canarios los evacu\u00f3 la polic\u00eda en el autob\u00fas de los propios m\u00fasicos. Se quedaron sin espect\u00e1culo, pero no sin contactos. <b>Pepe Chiyah<\/b>, entonces <b>concejal de Juventud de Santa Cru<\/b>z, ha contado muchas veces que la operaci\u00f3n termin\u00f3 de fraguarse en una <b>cena londinense<\/b> a la que, en teor\u00eda, ni siquiera estaba invitado.<\/p>\n<p>La ocasi\u00f3n la pint\u00f3 Sevilla<\/p>\n<p class=\"font-claude-response-body break-words whitespace-normal\">El hueco definitivo lo abri\u00f3 la ca\u00edda del concierto previsto en la capital andaluza. Con esa plaza libre, y con la gira saltando de Mosc\u00fa y Estambul hacia Sudam\u00e9rica, Tenerife encajaba como escala. Quedaba resolver un problema may\u00fasculo, porque aquel montaje se mov\u00eda por carretera con 62 tr\u00e1ileres y a una isla no se llega rodando. La soluci\u00f3n pas\u00f3 por fletar dos <b>Antonov<\/b>, los cargueros rusos m\u00e1s grandes del momento, que aterrizaron en el aeropuerto del Sur con cientos de toneladas de material y 260 personas entre t\u00e9cnicos y bailarines. Mucha gente se acerc\u00f3 solo a ver los aviones.<\/p>\n<p class=\"font-claude-response-body break-words whitespace-normal\">Sobre la explanada portuaria, junto al edificio del Cabildo, se levant\u00f3 un <b>escenario de 77 metros de embocadura que estrenaba pantallas de \u00faltima generaci\u00f3n, adem\u00e1s de l\u00e1seres y un despliegue pirot\u00e9cnico pensado para estadios<\/b>. La cita se enmarc\u00f3 en el quinto centenario de la fundaci\u00f3n de Santa Cruz y el presupuesto final, seg\u00fan se supo a\u00f1os despu\u00e9s, rond\u00f3 los <b>300 millones de pesetas<\/b>. En los d\u00edas previos, las emisoras de la isla seleccionaron a una veintena de ni\u00f1os tinerfe\u00f1os para subir al escenario y cantar con el astro el estribillo de <b>Heal the World<\/b>.<\/p>\n<p>Autopista cortada y un aut\u00f3grafo en el techo de una furgoneta<\/p>\n<p class=\"font-claude-response-body break-words whitespace-normal\">Jackson aterriz\u00f3 en Los Rodeos la tarde del d\u00eda 25, procedente de Estambul, y baj\u00f3 del avi\u00f3n para encontrarse con dos ni\u00f1os vestidos de mago que le entregaron un ramo de flores. La foto abri\u00f3 portadas y recorri\u00f3 agencias de medio mundo. Camino del <b>Hotel Bot\u00e1nico,<\/b> en el Puerto de la Cruz, le cortaron la autopista del Norte, un gesto que al parecer le desconcert\u00f3, y su conductor cont\u00f3 despu\u00e9s que fue todo el trayecto cantando y que se qued\u00f3 mirando el <b>Valle de La Orotava<\/b> con evidente agrado. El \u00fanico aut\u00f3grafo de aquellas 36 horas lo firm\u00f3 en el techo del monovolumen. En el hotel le esperaban unas 2.000 personas, tantas que tuvo que entrar por la puerta de servicio, aunque luego se asom\u00f3 varias veces a la ventana para saludar. Entre medias hubo visita al Loro Parque y una parada en una tienda de discos del Paseo de San Telmo, donde gast\u00f3 55.000 pesetas en bandas sonoras.<\/p>\n<p class=\"font-claude-response-body break-words whitespace-normal\">La noche del 26, un domingo caluroso de oto\u00f1o reci\u00e9n estrenado, las luces se apagaron a las diez en punto y son\u00f3 el Carmina Burana de Carl Orff mientras la explanada rug\u00eda. Minutos despu\u00e9s, una explosi\u00f3n de humo escup\u00eda al cantante al escenario. Nadie de los presentes sospechaba que asist\u00eda casi a una despedida. Siete semanas m\u00e1s tarde, tras actuar en Ciudad de M\u00e9xico y con el esc\u00e1ndalo judicial de Los \u00c1ngeles ya encima, Jackson suspendi\u00f3 el resto de la gira.<\/p>\n<p class=\"font-claude-response-body break-words whitespace-normal\">Tres d\u00e9cadas largas despu\u00e9s, el recuerdo sigue rindiendo. En 2023 el documental Adivina qui\u00e9n actu\u00f3 esa noche repas\u00f3 el acontecimiento con testimonios de sus protagonistas, y el pasado junio Santa Cruz acogi\u00f3 una fiesta homenaje con r\u00e9plicas de la entrada original entre los obsequios. Las aut\u00e9nticas, ahora mismo, se cotizan en los portales de segunda mano a precios que multiplican por mucho aquellas 5.000 pesetas. Quien la guard\u00f3, tiene un tesoro.<\/p>\n","protected":false},"excerpt":{"rendered":"Cada entrada costaba 5.000 pesetas y hoy los coleccionistas pagan hasta 500 euros por una en buen estado.&hellip;\n","protected":false},"author":2,"featured_media":642931,"comment_status":"","ping_status":"","sticky":false,"template":"","format":"standard","meta":{"footnotes":""},"categories":[170],"tags":[1896,146,147,25,24,448,11741,186,184,185,48805,23,1370],"class_list":["post-642930","post","type-post","status-publish","format-standard","has-post-thumbnail","category-musica","tag-canarias","tag-entertainment","tag-entretenimiento","tag-es","tag-espana","tag-historia","tag-islas-canarias","tag-michael-jackson","tag-music","tag-musica","tag-santa-cruz-de-tenerife","tag-spain","tag-tenerife"],"share_on_mastodon":{"url":"https:\/\/pubeurope.com\/@es\/116868321529319653","error":""},"_links":{"self":[{"href":"https:\/\/www.europesays.com\/es\/wp-json\/wp\/v2\/posts\/642930","targetHints":{"allow":["GET"]}}],"collection":[{"href":"https:\/\/www.europesays.com\/es\/wp-json\/wp\/v2\/posts"}],"about":[{"href":"https:\/\/www.europesays.com\/es\/wp-json\/wp\/v2\/types\/post"}],"author":[{"embeddable":true,"href":"https:\/\/www.europesays.com\/es\/wp-json\/wp\/v2\/users\/2"}],"replies":[{"embeddable":true,"href":"https:\/\/www.europesays.com\/es\/wp-json\/wp\/v2\/comments?post=642930"}],"version-history":[{"count":0,"href":"https:\/\/www.europesays.com\/es\/wp-json\/wp\/v2\/posts\/642930\/revisions"}],"wp:featuredmedia":[{"embeddable":true,"href":"https:\/\/www.europesays.com\/es\/wp-json\/wp\/v2\/media\/642931"}],"wp:attachment":[{"href":"https:\/\/www.europesays.com\/es\/wp-json\/wp\/v2\/media?parent=642930"}],"wp:term":[{"taxonomy":"category","embeddable":true,"href":"https:\/\/www.europesays.com\/es\/wp-json\/wp\/v2\/categories?post=642930"},{"taxonomy":"post_tag","embeddable":true,"href":"https:\/\/www.europesays.com\/es\/wp-json\/wp\/v2\/tags?post=642930"}],"curies":[{"name":"wp","href":"https:\/\/api.w.org\/{rel}","templated":true}]}}