{"id":642958,"date":"2026-07-05T16:48:17","date_gmt":"2026-07-05T16:48:17","guid":{"rendered":"https:\/\/www.europesays.com\/es\/642958\/"},"modified":"2026-07-05T16:48:17","modified_gmt":"2026-07-05T16:48:17","slug":"la-apasionada-declaracion-de-alvaro-mel-a-anna-castillo-mientras-se-coronan-como-los-invitados-de-boda-perfectos","status":"publish","type":"post","link":"https:\/\/www.europesays.com\/es\/642958\/","title":{"rendered":"La apasionada declaraci\u00f3n de \u00c1lvaro Mel a Anna Castillo mientras se coronan como los invitados de boda perfectos"},"content":{"rendered":"<p id=\"e1P40ezgC1\" data-wc=\"119\">Hay romances que parecen destinados a traspasar la pantalla para regalarnos la mejor de las realidades. Anna Castillo y \u00c1lvaro Mel se han consolidado como una de las parejas m\u00e1s queridas y admiradas del panorama nacional desde que compartieran protagonismo en la peque\u00f1a pantalla en la serie Un cuento perfecto. Manteniendo siempre esa cautivadora mezcla de elegancia y naturalidad que los caracteriza, los actores se han convertido recientemente en los invitados ejemplares de una boda con amigos muy especial para ellos. En las im\u00e1genes compartidas de la celebraci\u00f3n, la <strong>sinton\u00eda entre ambos es innegable<\/strong>, sonrientes en todo momento, derrochando complicidad y d\u00e1ndolo todo en la pista de baile, demostraron que su amor sigue tan vivo como el primer d\u00eda.\u00a0<\/p>\n<p>Te recomendamosSeguir leyendo<br \/>\n <img src=\"https:\/\/www.europesays.com\/es\/wp-content\/uploads\/2026\/07\/9b92e137153a-j-1.jpg\"   width=\"768\" height=\"1024\" loading=\"lazy\" decoding=\"async\" alt=\"Estuvieron resplandecientes y se mostraron muy enamorados\" fetchpriority=\"auto\" class=\"image ho-image\"\/>\u00a9 nanititaEstuvieron resplandecientes y se mostraron muy enamorados<\/p>\n<p id=\"e8FAEsoU3F\" data-wc=\"90\">Para la ocasi\u00f3n, la pareja volvi\u00f3 a dar una lecci\u00f3n de estilo con unos looks tan cuidados como veraniegos, fieles a esa est\u00e9tica impecable pero relajada. Anna luci\u00f3 radiante de rosa, desprendiendo frescura en cada movimiento, mientras que <strong>\u00c1lvaro se mostr\u00f3 como el perfecto acompa\u00f1ante, atento y profundamente enamorado<\/strong>. Su complicidad no solo acapar\u00f3 las miradas de los all\u00ed presentes, sino que ha vuelto a revolucionar a su comunidad de seguidores en las redes sociales, donde no dejan de compartir peque\u00f1os y significativos fragmentos de su rom\u00e1ntica vida en com\u00fan.<\/p>\n<p> <img src=\"https:\/\/www.europesays.com\/es\/wp-content\/uploads\/2026\/07\/2f21eb234f94-j-8.jpg\"   width=\"768\" height=\"1024\" loading=\"lazy\" decoding=\"async\" alt=\"El precioso vestido de la actriz\" fetchpriority=\"auto\" class=\"image ho-image\"\/>\u00a9 nanititaEl precioso vestido de la actriz<br \/>\nEl divertido secreto de sus fotograf\u00edas y los rumores de compromiso<\/p>\n<p id=\"ec3Lb1e18mo\" data-wc=\"71\">Ha sido precisamente en una de las \u00faltimas publicaciones de la actriz donde \u00c1lvaro ha dejado un comentario que ha derretido los corazones de sus fans por su originalidad y ternura. Con total espontaneidad, el actor explicaba el motivo de un curioso detalle en sus instant\u00e1neas: \u00abMuchos y muchas os estar\u00e9is preguntando por qu\u00e9 salen mis dedos en c\u00e1mara cuando hago las fotos. <strong>Es porque la quiero tocar todo el rato\u00bb<\/strong>.\u00a0<\/p>\n<p> <img src=\"https:\/\/www.europesays.com\/es\/wp-content\/uploads\/2026\/07\/989e91c453cf-j-5.jpg\"   width=\"768\" height=\"1024\" loading=\"lazy\" decoding=\"async\" alt=\"La foto sobre la que \u00c1lvaro bromea\" fetchpriority=\"auto\" class=\"image ho-image\"\/>\u00a9 nanititaLa foto sobre la que \u00c1lvaro bromea<\/p>\n<p id=\"epc7nxY-QP\" data-wc=\"86\">Este rom\u00e1ntico cruce de mensajes llega apenas unas semanas despu\u00e9s de que saltaran todas las alarmas sobre un posible compromiso matrimonial, a ra\u00edz de una fotograf\u00eda donde se apreciaba una alianza con una gema azul. Aunque no hay confirmaci\u00f3n oficial de que vayan a pasar por el altar, la actriz aviv\u00f3 las sospechas al reaccionar con un rotundo <strong>\u00abTe amo\u00bb junto al emoticono de un anillo<\/strong>, provocando el entusiasmo de sus seguidores, quienes no tardaron en comentar expresiones como \u00ab\u00a1Qu\u00e9 emoci\u00f3n!\u00bb o \u00ab\u00bfQu\u00e9 nos quieres decir?\u00bb.<\/p>\n<p> <img src=\"https:\/\/www.europesays.com\/es\/wp-content\/uploads\/2026\/07\/e8de991a07ff-j-2.jpg\"   width=\"768\" height=\"1024\" loading=\"lazy\" decoding=\"async\" alt=\"La preciosa decoraci\u00f3n de la boda\" fetchpriority=\"auto\" class=\"image ho-image\"\/>\u00a9 nanititaLa preciosa decoraci\u00f3n de la boda<br \/>\nConfidencias de pareja y su refugio secreto en el sur<\/p>\n<p id=\"etJChwmeAZU\" data-wc=\"98\">A punto de cumplirse tres a\u00f1os desde que esta revista descubriera su noviazgo en el verano de 2023, la pareja sabe perfectamente c\u00f3mo encontrar el equilibrio entre la expectaci\u00f3n medi\u00e1tica y su intimidad. Recientemente, disfrutaron de un merecido descanso en Almer\u00eda, un enclave id\u00edlico donde el tiempo pareci\u00f3 detenerse. \u00ab<a class=\"hm-link ho-link\" href=\"https:\/\/www.hola.com\/actualidad\/20260405893685\/anna-castillo-y-alvaro-mel-en-almeria\/\" rel=\"noopener nofollow\" target=\"_blank\" data-mrf-recirculation=\"article-body-link\">He estado un mes en el cortijo Los Limoneros<\/a>\u201d, desvelaba la ganadora del Goya sobre sus d\u00edas de desconexi\u00f3n en Carboneras. Para Anna, el sur tiene un magnetismo sanador, asegurando con su habitual naturalidad que \u00ab<strong>a veces est\u00e1s de baj\u00f3n y se te pasa estando un ratito al sol<\/strong>\u00ab.<\/p>\n<p> <img src=\"https:\/\/www.europesays.com\/es\/wp-content\/uploads\/2026\/07\/2a11f58cd42f-j-7.jpg\"   width=\"1920\" height=\"1080\" loading=\"lazy\" decoding=\"async\" alt=\"El rom\u00e1ntico beso de la pareja\" fetchpriority=\"auto\" class=\"image ho-image\"\/>\u00a9 nanititaEl rom\u00e1ntico beso de la pareja<\/p>\n<p id=\"eLUYMK1cXmH\" data-wc=\"170\">Esa misma cercan\u00eda es la que demostr\u00f3 en su reciente paso por el podcast La pija y la quinqui, donde desvel\u00f3 con humor algunos detalles de su d\u00eda a d\u00eda. Al hablar de c\u00f3mo se dirige a \u00c1lvaro, confes\u00f3 que utiliza el apelativo \u00abmi amor\u00bb, reconociendo entre risas que es \u00abmuy b\u00e1sica\u00bb. Adem\u00e1s, revel\u00f3 una entra\u00f1able queja sobre el actor: \u00able he pedido que si me puede llamar Anna, nunca me llama por mi nombre\u00bb. Lo que s\u00ed tiene claro es el apodo que jam\u00e1s utilizar\u00eda con \u00e9l, desmarc\u00e1ndose de las modas actuales: \u00abYo es que llamo &#8216;gordi&#8217; y &#8216;gordito&#8217; a mi gato, porque a un animal se le puede llamar &#8216;gordi, gordito&#8217;, pero no a las personas, no a tu pareja\u00bb. En ese entorno de confianza, la actriz tambi\u00e9n se refiri\u00f3 al entra\u00f1able \u00abgrupete\u00bb de amigas que comparte con actrices como Bel\u00e9n Cuesta o Macarena Garc\u00eda, desvelando el cari\u00f1oso t\u00e9rmino que usa con ellas: \u00ab<strong>Yo digo &#8216;culo&#8217;, &#8216;culito&#8217;, como para toda la gente que le tengo cari\u00f1o y confianza<\/strong>\u00ab.<\/p>\n<p> <img src=\"https:\/\/www.europesays.com\/es\/wp-content\/uploads\/2026\/07\/da538e70d714-j-4.jpg\"   width=\"768\" height=\"1024\" loading=\"lazy\" decoding=\"async\" alt=\"Posan muy felices y guapos\" fetchpriority=\"auto\" class=\"image ho-image\"\/>\u00a9 nanititaPosan en la celebraci\u00f3n muy felices y guapos<br \/>\nUn futuro brillante entre el arte y las c\u00e1maras<\/p>\n<p id=\"e9HLIb2xlXD\" data-wc=\"157\">El excelente momento personal de la pareja coincide con una etapa profesional inmejorable para ambos. \u00c1lvaro, que compagina la interpretaci\u00f3n con su exitosa faceta como pintor, resum\u00eda su felicidad actual en sus redes con una preciosa declaraci\u00f3n de principios: \u00abVendiendo pinturas, comiendo comida, amando a mi novia, viajando por el mundo, escuchando m\u00fasica\u00bb, coronada con un expresivo \u00abLovelovelovelovelovelove\u00bb. Con la simpat\u00eda que le caracteriza, el propio actor admite su fortuna exclamando \u00abQu\u00e9 suerte, chaval\u00bb, mientras espera el estreno de sus nuevos proyectos cinematogr\u00e1ficos. Por su parte, Anna contin\u00faa encadenando \u00e9xitos en la pantalla grande y la televisi\u00f3n con la serie Se tiene que morir mucha gente\u00a0que ha confirmado su segunda temporada. Sin embargo, para ellos el verdadero triunfo radica en seguir cuidando esa maravillosa historia que comenz\u00f3 entre guiones y que hoy celebran en cada baile, cada viaje y cada mirada. Como bien dese\u00f3 la propia actriz en una ocasi\u00f3n: \u00ab<strong>Que nunca falte. Amor para todos<\/strong>\u00ab.<\/p>\n","protected":false},"excerpt":{"rendered":"Hay romances que parecen destinados a traspasar la pantalla para regalarnos la mejor de las realidades. Anna Castillo&hellip;\n","protected":false},"author":2,"featured_media":642959,"comment_status":"","ping_status":"","sticky":false,"template":"","format":"standard","meta":{"footnotes":""},"categories":[174],"tags":[517,98576,255,146,147,25,24,256,23],"class_list":["post-642958","post","type-post","status-publish","format-standard","has-post-thumbnail","category-famosos","tag-actualidad","tag-anna-castillo","tag-celebrities","tag-entertainment","tag-entretenimiento","tag-es","tag-espana","tag-famosos","tag-spain"],"share_on_mastodon":{"url":"https:\/\/pubeurope.com\/@es\/116868397022535282","error":""},"_links":{"self":[{"href":"https:\/\/www.europesays.com\/es\/wp-json\/wp\/v2\/posts\/642958","targetHints":{"allow":["GET"]}}],"collection":[{"href":"https:\/\/www.europesays.com\/es\/wp-json\/wp\/v2\/posts"}],"about":[{"href":"https:\/\/www.europesays.com\/es\/wp-json\/wp\/v2\/types\/post"}],"author":[{"embeddable":true,"href":"https:\/\/www.europesays.com\/es\/wp-json\/wp\/v2\/users\/2"}],"replies":[{"embeddable":true,"href":"https:\/\/www.europesays.com\/es\/wp-json\/wp\/v2\/comments?post=642958"}],"version-history":[{"count":0,"href":"https:\/\/www.europesays.com\/es\/wp-json\/wp\/v2\/posts\/642958\/revisions"}],"wp:featuredmedia":[{"embeddable":true,"href":"https:\/\/www.europesays.com\/es\/wp-json\/wp\/v2\/media\/642959"}],"wp:attachment":[{"href":"https:\/\/www.europesays.com\/es\/wp-json\/wp\/v2\/media?parent=642958"}],"wp:term":[{"taxonomy":"category","embeddable":true,"href":"https:\/\/www.europesays.com\/es\/wp-json\/wp\/v2\/categories?post=642958"},{"taxonomy":"post_tag","embeddable":true,"href":"https:\/\/www.europesays.com\/es\/wp-json\/wp\/v2\/tags?post=642958"}],"curies":[{"name":"wp","href":"https:\/\/api.w.org\/{rel}","templated":true}]}}