{"id":643067,"date":"2026-07-05T18:17:11","date_gmt":"2026-07-05T18:17:11","guid":{"rendered":"https:\/\/www.europesays.com\/es\/643067\/"},"modified":"2026-07-05T18:17:11","modified_gmt":"2026-07-05T18:17:11","slug":"tour-de-francia-jonas-vingegaard-satisfecho-por-conservar-el-maillot-amarillo-esciclismo","status":"publish","type":"post","link":"https:\/\/www.europesays.com\/es\/643067\/","title":{"rendered":"Tour de Francia: Jonas Vingegaard, &quot;satisfecho por conservar el maillot amarillo&quot; &#8211; Esciclismo"},"content":{"rendered":"<ol>\n<li><a href=\"https:\/\/news.google.com\/rss\/articles\/CBMiakFVX3lxTE1Gbk13c3dzYkFmLXFZS09TUjJjS3dTaE5Wbnc2NVVMSkd3ZU9Sa2NwTlpoTHdCcDB5UmN1NGtJU0JCaWd1YjNqVkx6SmdFWTlnekh0WEJRd1lEOHJMOHBuN1poTlZkS2VYS0E?oc=5\" target=\"_blank\" rel=\"nofollow noopener\">Tour de Francia: Jonas Vingegaard, \u00absatisfecho por conservar el maillot amarillo\u00bb<\/a>&nbsp;&nbsp;Esciclismo<\/li>\n<li><a href=\"https:\/\/news.google.com\/rss\/articles\/CBMiwwFBVV95cUxPb0Q0bWZMRkJ0aUhLcnd3Z1g1MEhpZDFWVjNEb002V1ZlN2JGdGlhcEpQS1hzdThfY1NtUjVKYTdkSkpTOXN2VTc0OGFKcnR4akxpQkRXemJBeXpMZlBUR2hGV1VUWUJZQmFET1lGWUtBZTllR0RwUHhTVy1kb3JMVzd6Vk1jd1ZORGlYRElmNkJCeHRsV0F3bXNfYXI3dlFrWU5uNWNobDZ3TWhmMDNvbUpNV0Z4UFVSWG4zZzRCVVUtSDTSAdcBQVVfeXFMUGx3R0ozbGlDMy1QQlJxNEJXR1l6amE3Q2tkSFlEaF9YTkVWcEtRZFhTcHhoU25ocENWTHQ2cFRVSUl5dVE3LWE5dG1CVElWOHhZVzE1eVFiRVpiZFpVeEVoVGxhN2dpUlBEOUVGQlZWU1dUVmx5OGRUNkpjOElJaUF3OHI5d3lreFQyOHlmVmlLNGtHXzZlbHA4RWlLM0t3Yk1PNUZPdV9ORTJJZTRhT3Y4dGVRMGM5ZDhlREktSGJNT2pxemllVFJIREdwaWJuZTlDZlhXcVE?oc=5\" target=\"_blank\" rel=\"nofollow noopener\">Vingegaard da la sorpresa en la crono de Barcelona y viste el primer amarillo<\/a>&nbsp;&nbsp;Diario AS<\/li>\n<li><a href=\"https:\/\/news.google.com\/rss\/articles\/CBMingFBVV95cUxPSldVRnNXWXpyYlE5WVpMQVByS0Q0a21Dbncxa3lfN2daZUtuUDYtakhPQWdVSHhBSFlNT0dnTy0wM2E5djZvaXktZWV0RV90ME0xQ2dsR201UUt1MnlQVVVINFhCWHIwd01QZmZUZUh0bUJMdGZuUmlyVXBxalExV2tVb252VFl3bFpJTjBteWo5a1ptbldtd2V4TmUtUdIBngFBVV95cUxOa3R3c3JRTkFMWnZka1RmRmVRMUFneXpoanIzX1hCN3p3TWNCektYUHRjdmlyZllDYmlJTGxzLV85aVRwNERFZDRKNlNWMENpSjJZa195Y2hWaTU3cU5pQ21QcE9HalJsT003empUdk5fWXo2czU0NVZMX19RRXdZWWVKZVlxX0ptM3dEeDNOaGx1MlVBbjdoVWFpazhRZw?oc=5\" target=\"_blank\" rel=\"nofollow noopener\">La emoci\u00f3n de Vingegaard, de amarillo en el Tour tres a\u00f1os despu\u00e9s: \u00abEstuve cerca de la muerte\u00bb<\/a>&nbsp;&nbsp;El Mundo<\/li>\n<li><a href=\"https:\/\/news.google.com\/rss\/articles\/CBMivAFBVV95cUxPWjIya19OdkRyM25kSkFIQTdPNXgxMDZiclRHRVp6ckNxd1JsX0lBT3R3T3BMeWlTUURMYW9pejBYNlZMU1pkMnVRVDU5cFEyNU1vRTRLU1FoeHpHRDZ1Sl80amc0cy1Bb1czRGtWZUdzVWxYdk1SMkJOS0ppa3lRYW9UZ3pvSU5CalpWSFFQZXhCQloxMEYwY2dKNnhieG5nTF9YTUVoY2xfdzF3VU5qVWFLZDNCMXZoQWtZdtIBwgFBVV95cUxQcWE3TnR4Tzg4TmxlY29pWGRLMnNPQld0b3QyaFpIbnpMSkJvLUR6S3BtdlZLbVdRT2pCRVJtTGZFOWp4MS1TLXlRNFFlUk5uZjdDbVc5VVRqc3NuYnhoZ3c4ZkRpSFZOeXJXQ3BiUDBmOUFtd3VmY1A1T1NCdXkxSlJ6N0Y3RHo5aWppX3ZHbFNhMVBpZGFILW15WUFMU2pNeXduQVo4WlhZQktNcUdkQS1Dckh4Q0FmQjlXaTFIdmN1QQ?oc=5\" target=\"_blank\" rel=\"nofollow noopener\">Jonas Vingegaard: \u201cSoy el maillot amarillo, pero esto es cosa de todo el equipo\u201d<\/a>&nbsp;&nbsp;La Vanguardia<\/li>\n<li><a href=\"https:\/\/news.google.com\/rss\/articles\/CBMi3gFBVV95cUxOZ0lURjFGcUhZdEJidkFBS2kxVWtNaC0tSS1EdnJDR01aOFdyMmdpZG1JQnNwcVg5QXhOVWxLYkQ3OXpWVDdwT3pHVFg1SDYyZWpQTmNKNHlrX0hhZ3YtanZaZGRHOWZ6OUpINHphaDlMRjktaVowa29uY0g0R1hNbHU5N2daZ0dmZ0FfYkxrUjdGRkF1TzBzMkpDVV9XZWlwRjAzYkpiQlhmZjA1blhocEZuN2syQ2hEb3d4NU02em5wM1J6WmJ4M2tzcUloUzdkWnpmRnFpRWVNUG1qU2fSAd4BQVVfeXFMT1J0RXMtTHRlbUl6QXBneTIxZjJRUF9hMVpTLXVmcWk2X0kyU1pjOWNpQVItZmJqeXdkV01oeHlua3ZLaFBGaGROOC1KMUFORm1BV1N3ZjUyY0VZRFp2WXdYeXl6SEVEMHJ0NWFDZ3p4ODU1UkhpeVQzUm1LVTNYUTMwdTFneUhZTWYyQnF3ZktsQWV5NGV4dkRuemZidW0zTzdQS0pWVDRvc2lvWXhyeVhuLVhGUVU5VzIxQjEzZkNudkl0NG1HWklqM1F5RDE3d2dNSzQ4dnFJazE4NHBB?oc=5\" target=\"_blank\" rel=\"nofollow noopener\">Una contrarreloj magistral en Barcelona corona a Vingegaard con el maillot amarillo tres a\u00f1os despu\u00e9s<\/a>&nbsp;&nbsp;MARCA<\/li>\n<\/ol>\n","protected":false},"excerpt":{"rendered":"Tour de Francia: Jonas Vingegaard, \u00absatisfecho por conservar el maillot amarillo\u00bb&nbsp;&nbsp;Esciclismo Vingegaard da la sorpresa en la crono&hellip;\n","protected":false},"author":2,"featured_media":643068,"comment_status":"","ping_status":"","sticky":false,"template":"","format":"standard","meta":{"footnotes":""},"categories":[273],"tags":[4924,323,313,1757,312,7423,168,158,551,25,24,608,6633,324,293,322,5549,17735,138,25488,55941,30888,21821,23,167,316,550,1261,325,321,552],"class_list":["post-643067","post","type-post","status-publish","format-standard","has-post-thumbnail","category-ciclismo","tag-amarillo","tag-bike","tag-ciclismo","tag-ciclista","tag-cycling","tag-danes","tag-deportes","tag-el","tag-emirates","tag-es","tag-espana","tag-exhibicion","tag-haber","tag-jonas","tag-jornada","tag-lease","tag-maillot","tag-mantenido","tag-meta","tag-montjuic","tag-mostro","tag-muy","tag-satisfecho","tag-spain","tag-sports","tag-tour","tag-uae","tag-victoria","tag-vingegaard","tag-visma","tag-xrg"],"share_on_mastodon":{"url":"https:\/\/pubeurope.com\/@es\/116868746107324699","error":""},"_links":{"self":[{"href":"https:\/\/www.europesays.com\/es\/wp-json\/wp\/v2\/posts\/643067","targetHints":{"allow":["GET"]}}],"collection":[{"href":"https:\/\/www.europesays.com\/es\/wp-json\/wp\/v2\/posts"}],"about":[{"href":"https:\/\/www.europesays.com\/es\/wp-json\/wp\/v2\/types\/post"}],"author":[{"embeddable":true,"href":"https:\/\/www.europesays.com\/es\/wp-json\/wp\/v2\/users\/2"}],"replies":[{"embeddable":true,"href":"https:\/\/www.europesays.com\/es\/wp-json\/wp\/v2\/comments?post=643067"}],"version-history":[{"count":0,"href":"https:\/\/www.europesays.com\/es\/wp-json\/wp\/v2\/posts\/643067\/revisions"}],"wp:featuredmedia":[{"embeddable":true,"href":"https:\/\/www.europesays.com\/es\/wp-json\/wp\/v2\/media\/643068"}],"wp:attachment":[{"href":"https:\/\/www.europesays.com\/es\/wp-json\/wp\/v2\/media?parent=643067"}],"wp:term":[{"taxonomy":"category","embeddable":true,"href":"https:\/\/www.europesays.com\/es\/wp-json\/wp\/v2\/categories?post=643067"},{"taxonomy":"post_tag","embeddable":true,"href":"https:\/\/www.europesays.com\/es\/wp-json\/wp\/v2\/tags?post=643067"}],"curies":[{"name":"wp","href":"https:\/\/api.w.org\/{rel}","templated":true}]}}