{"id":643134,"date":"2026-07-05T19:18:11","date_gmt":"2026-07-05T19:18:11","guid":{"rendered":"https:\/\/www.europesays.com\/es\/643134\/"},"modified":"2026-07-05T19:18:11","modified_gmt":"2026-07-05T19:18:11","slug":"julia-del-amo-referente-en-la-prevencion-del-vih","status":"publish","type":"post","link":"https:\/\/www.europesays.com\/es\/643134\/","title":{"rendered":"Julia del Amo, referente en la prevenci\u00f3n del VIH"},"content":{"rendered":"<p>Para las personas con riesgo elevado de adquirir el VIH, los programas de profilaxis preexposici\u00f3n (PrEP) ofrecen una medida preventiva altamente eficaz. Al tomar medicamentos antirretrovirales antes de una posible exposici\u00f3n, se<b> reduce el riesgo de infecci\u00f3n por encima del 90%. <\/b><\/p>\n<p>Ahora bien, pese a que los n\u00fameros lo avalan, aprobar su financiaci\u00f3n en nuestro pa\u00eds no ha sido f\u00e1cil. No lo fue en 2019, cuando Espa\u00f1a logr\u00f3 aprobar la PrEP, ni este a\u00f1o, cuando nuestro pa\u00eds se ha convertido en el primer Estado miembro de la UE en financiar la PrEP inyectable frente al VIH.<\/p>\n<p>Unas dificultades que bien conoce Julia del Amo, directora de la Divisi\u00f3n de Control del VIH, ITS, Hepatitis Virales y Tuberculosis de la Direcci\u00f3n General de Salud P\u00fablica y Equidad en Salud del Ministerio de Sanidad. Es precisamente su Contribuci\u00f3n a la Profilaxis para Prevenir Nuevas Infecciones por VIH por lo que el suplemento A TU SALUD ha querido galardonar a Del Amo, quien por motivos de trabajo no pudo acudir a recoger el galard\u00f3n al encontrarse en Ginebra.<\/p>\n<p>\u00abRecibir este premio es una gran alegr\u00eda y queremos trasladar nuestro agradecimiento, pero quiero resaltar que el premio A TU SALUD es extensible a todas las personas, entidades y administraciones centrales, auton\u00f3micas y municipales que han contribuido a que la profilaxis pre-exposici\u00f3n al VIH est\u00e9 disponible dentro de la cartera de servicios del Sistema Nacional de Salud en Espa\u00f1a desde octubre de 2019. Me gustar\u00eda destacar que, de todas las personas, entidades y administraciones que hemos impulsado la PrEP en Espa\u00f1a, la sociedad civil organizada de personas a riesgo de y con el VIH merecen una menci\u00f3n especial\u00bb, afirm\u00f3 Del Amo, al comunicarle el galard\u00f3n.<\/p>\n<p>\u00abLo m\u00e1s dif\u00edcil ha sido trasladar la necesidad de incorporar la prevenci\u00f3n biom\u00e9dica al VIH como una herramienta m\u00e1s, que se suma a otras comportamentales como la promoci\u00f3n de pr\u00e1cticas sexuales m\u00e1s seguras y la promoci\u00f3n del uso del preservativo. <b>No es en vez de, sino adem\u00e1s de\u00bb<\/b>, record\u00f3 Del Amo en respuesta al debate y a la pol\u00e9mica en torno a la PrEP.<\/p>\n<p>\u00abHemos encontrado resistencias a su aprobaci\u00f3n con el argumento que las personas deben usar el preservativo exclusivamente, ya que la PrEP no previene otras infecciones de transmisi\u00f3n sexual. Nosotros proponemos el concepto de prevenci\u00f3n combinada, propuesto por Onusida, que contempla integrar diferentes intervenciones biom\u00e9dicas, comportamentales y estructurales adaptadas a las necesidades de la persona para evitar la transmisi\u00f3n del VIH y reducir el estigma\u00bb, incidi\u00f3.<\/p>\n<p>En la actualidad, seg\u00fan los datos facilitados por esta experta, \u00ab<b>hay aproximadamente 42.000 personas recibiendo PrEP oral<\/b> en todas las comunidades y ciudades aut\u00f3nomas de Espa\u00f1a y, por definici\u00f3n, son personas con un elevado riesgo de adquirir el VIH. Por tanto, podemos inferir que el riesgo de VIH se ha reducido en estas personas\u00bb.<\/p>\n<blockquote class=\"blockquote\">\n<p class=\"blockquote__quote\">\u00abTanto la prueba del VIH como el tratamiento deben ser accesibles y gratuitos para todos\u00bb<\/p>\n<\/blockquote>\n<p>Medir su impacto no es f\u00e1cil. No obstante, el Ministerio de Sanidad est\u00e1 trabajando con estimaciones indirectas para poder cuantificarlo.<\/p>\n<p>En cuanto al <b>PrEP inyectable,<\/b> Del Amo precis\u00f3 que \u00abno es deseable una sustituci\u00f3n de una modalidad por otra sin una de las indicaciones m\u00e9dicas contempladas. Hay diferentes motivos para que no sea recomendable, pero destaco el de impacto presupuestario y la sostenibilidad de nuestro sistema sanitario, que es un argumento que todos apoyamos\u00bb. De modo que esta opci\u00f3n ser\u00e1 para una peque\u00f1a proporci\u00f3n de las 42.000 personas que en situaci\u00f3n de alto riesgo est\u00e1n tomando PrEP.<\/p>\n<p>Con esta incorporaci\u00f3n, Espa\u00f1a est\u00e1 m\u00e1s cerca de cumplir los ambiciosos objetivos marcados por Onusida. Y es que la combinaci\u00f3n de la PrEP con los programas de diagn\u00f3stico precoz y cribado est\u00e1 permitiendo encaminarnos a un objetivo: \u00abTenemos que poder <b>diagnosticar a m\u00e1s del 95% de las personas con el VIH en Espa\u00f1a<\/b> y vincularlas al sistema sanitario para que inicien tratamiento antirretroviral de manera que supriman la replicaci\u00f3n del VIH y con ello hagan que el virus sea indetectable en un an\u00e1lisis de sangre; todo ello hace que el VIH no se pueda transmitir. Para ello, tanto la prueba del VIH como el tratamiento frente al VIH deben ser accesibles y gratuitos para todas las personas que lo necesiten y debe realizarse en un sistema sanitario que acoja y que no estigmatice ni discrimine\u00bb, concluy\u00f3 Del Amo.<\/p>\n","protected":false},"excerpt":{"rendered":"Para las personas con riesgo elevado de adquirir el VIH, los programas de profilaxis preexposici\u00f3n (PrEP) ofrecen una&hellip;\n","protected":false},"author":2,"featured_media":643135,"comment_status":"","ping_status":"","sticky":false,"template":"","format":"standard","meta":{"footnotes":""},"categories":[92],"tags":[25,24,165,8509,1817,118485,166,23,6877],"class_list":["post-643134","post","type-post","status-publish","format-standard","has-post-thumbnail","category-salud","tag-es","tag-espana","tag-health","tag-ministerio-de-sanidad","tag-pacientes","tag-premios-a-tu-salud","tag-salud","tag-spain","tag-vih"],"share_on_mastodon":{"url":"","error":""},"_links":{"self":[{"href":"https:\/\/www.europesays.com\/es\/wp-json\/wp\/v2\/posts\/643134","targetHints":{"allow":["GET"]}}],"collection":[{"href":"https:\/\/www.europesays.com\/es\/wp-json\/wp\/v2\/posts"}],"about":[{"href":"https:\/\/www.europesays.com\/es\/wp-json\/wp\/v2\/types\/post"}],"author":[{"embeddable":true,"href":"https:\/\/www.europesays.com\/es\/wp-json\/wp\/v2\/users\/2"}],"replies":[{"embeddable":true,"href":"https:\/\/www.europesays.com\/es\/wp-json\/wp\/v2\/comments?post=643134"}],"version-history":[{"count":0,"href":"https:\/\/www.europesays.com\/es\/wp-json\/wp\/v2\/posts\/643134\/revisions"}],"wp:featuredmedia":[{"embeddable":true,"href":"https:\/\/www.europesays.com\/es\/wp-json\/wp\/v2\/media\/643135"}],"wp:attachment":[{"href":"https:\/\/www.europesays.com\/es\/wp-json\/wp\/v2\/media?parent=643134"}],"wp:term":[{"taxonomy":"category","embeddable":true,"href":"https:\/\/www.europesays.com\/es\/wp-json\/wp\/v2\/categories?post=643134"},{"taxonomy":"post_tag","embeddable":true,"href":"https:\/\/www.europesays.com\/es\/wp-json\/wp\/v2\/tags?post=643134"}],"curies":[{"name":"wp","href":"https:\/\/api.w.org\/{rel}","templated":true}]}}