{"id":643220,"date":"2026-07-05T20:29:20","date_gmt":"2026-07-05T20:29:20","guid":{"rendered":"https:\/\/www.europesays.com\/es\/643220\/"},"modified":"2026-07-05T20:29:20","modified_gmt":"2026-07-05T20:29:20","slug":"dave-mustaine-de-megadeth-revela-los-guitarristas-que-mas-admira-de-iron-maiden-y-ac-dc-a-una-leyenda-de-pink-floyd","status":"publish","type":"post","link":"https:\/\/www.europesays.com\/es\/643220\/","title":{"rendered":"Dave Mustaine de MEGADETH revela los guitarristas que m\u00e1s admira: de IRON MAIDEN y AC\/DC a una leyenda de PINK FLOYD"},"content":{"rendered":"<p>Los guitarristas preferidos del m\u00fasico estadounidense<\/p>\n<p>El l\u00edder de <strong>MEGADETH<\/strong>, Dave Mustaine, ha compartido cu\u00e1les son <strong>los guitarristas que m\u00e1s admira<\/strong> y ha reflexionado sobre la evoluci\u00f3n de la t\u00e9cnica en la guitarra dentro del Heavy Metal.<\/p>\n<p>El m\u00fasico considera que el contexto hist\u00f3rico en el que surgieron determinados artistas fue clave para convertirlos en referentes y sit\u00faa a nombres como <strong>Jimmy Page, David Gilmour, Ritchie Blackmore, Angus Young y Michael Schenker<\/strong> entre sus favoritos.<\/p>\n<p>La influencia de Yngwie Malmsteen y la evoluci\u00f3n de los guitarristas<\/p>\n<p>Mustaine sostiene en una entrevista concedida a <a href=\"https:\/\/www.youtube.com\/watch?v=DDD-wBjCvM0\" target=\"_blank\" rel=\"noopener nofollow\">Ysolife<\/a> que <strong>en la escena europea existen numerosos guitarristas de gran velocidad<\/strong>, pero afirma que, desde la irrupci\u00f3n de <strong>Yngwie Malmsteen<\/strong>, \u00abtodos los dem\u00e1s son solo guitarristas muy r\u00e1pidos\u00bb. El l\u00edder de MEGADETH recuerda que antes de la aparici\u00f3n del guitarrista sueco, figuras como <strong>Michael Schenker, Angus Young, James Hetfield o <a href=\"https:\/\/www.hellpress.com\/noticias\/dave-mustaine-megadeth-reivindica-papel-metallica-slayer-anthrax-he-sido-muy-influyente-guitarra\/\" rel=\"nofollow noopener\" target=\"_blank\">\u00e9l mismo<\/a><\/strong> destacaban por tener una personalidad muy marcada, al igual que los <strong>guitarristas de IRON MAIDEN<\/strong>.<\/p>\n<p>El artista a\u00f1ade que <strong>actualmente hay \u00abmuch\u00edsimos guitarristas realmente buenos\u00bb<\/strong>, especialmente porque las nuevas generaciones cuentan con software y aplicaciones que facilitan el aprendizaje del instrumento.<\/p>\n<p>C\u00f3mo aprendi\u00f3 a tocar la guitarra<\/p>\n<p>Mustaine explica que su generaci\u00f3n tuvo que aprender de una forma mucho m\u00e1s <strong>artesanal<\/strong>. El m\u00fasico recuerda que, cuando comenzaron, no dispon\u00edan de aplicaciones ni herramientas digitales y que ten\u00edan que levantar la aguja del tocadiscos, retroceder unos surcos y confiar en que volviera al punto correcto para poder reproducir de nuevo el fragmento que intentaban aprender.<\/p>\n<p>El l\u00edder de MEGADETH se\u00f1ala que ese proceso <strong>cambi\u00f3 con la llegada de las cintas de casete<\/strong>, ya que permit\u00edan ralentizar la reproducci\u00f3n y rebobinar con facilidad. Seg\u00fan afirma, \u00abas\u00ed fue como aprendimos a tocar\u00bb.<\/p>\n<p>\nSus guitarristas favoritos<\/p>\n<p>Mustaine asegura que la elecci\u00f3n de sus guitarristas preferidos est\u00e1 muy ligada al momento hist\u00f3rico en el que aparecieron. El m\u00fasico destaca a <strong>Jimmy Page<\/strong> de LED ZEPPELIN por \u00abla superposici\u00f3n de guitarras y los sonidos\u00bb, a <strong>David Gilmour<\/strong> de PINK FLOYD por \u00abla excelente selecci\u00f3n de notas\u00bb y a <strong>Ritchie Blackmore<\/strong> de RAINBOW por haber sido \u00abMetal hasta la m\u00e9dula en una \u00e9poca en la que no exist\u00edan guitarristas de Metal\u00bb.<\/p>\n<p>Adem\u00e1s, vuelve a mencionar a <strong>Angus Young<\/strong>, de AC\/DC, y a <strong>Michael Schenker<\/strong>, de UFO, como otros de sus grandes referentes. Mustaine concluye que, en una especie de \u00ab<strong>\u00daltima Cena<\/strong>\u00bb particular, le gustar\u00eda compartir mesa con todos ellos.<\/p>\n<p>Las memorias de Mustaine<\/p>\n<p>El l\u00edder de\u00a0<strong>MEGADETH<\/strong>,\u00a0<strong>Dave Mustaine<\/strong>, lanzar\u00e1 el 8 de septiembre de 2026 sus nuevas memorias, \u00ab<strong>In My Darkest Hour<\/strong>\u00ab, en las que narra su\u00a0<strong><a href=\"https:\/\/www.hellpress.com\/noticias\/megadeth-fe-ser-curado-cancer\/\" rel=\"nofollow noopener\" target=\"_blank\">batalla contra el c\u00e1ncer\u00a0<\/a><\/strong>que le fue\u00a0<a href=\"https:\/\/www.hellpress.com\/noticias\/dave-mustaine-cancer-garganta\/\" rel=\"nofollow noopener\" target=\"_blank\">diagnosticado en 2019<\/a>. El libro, publicado por Da Capo Press, profundizar\u00e1 en el proceso de tratamiento, recuperaci\u00f3n y su\u00a0<a href=\"https:\/\/www.hellpress.com\/noticias\/dave-mustaine-bruce-dickinson-lucha-contra-cancer\/\" rel=\"nofollow noopener\" target=\"_blank\">impacto tanto en su vida personal<\/a>\u00a0como en su actividad musical.<\/p>\n<p>Las\u00a0<strong>reservas del libro<\/strong>, en su edici\u00f3n en ingl\u00e9s, est\u00e1n disponibles en Amazon (los enlaces contienen link de afiliados, y comprando a trav\u00e9s de ellos colaboras con HELLPRESS sin coste alguno para ti):<\/p>\n<p>Dave Mustaine, -cuyos\u00a0<strong><a href=\"https:\/\/www.hellpress.com\/noticias\/dave-mustaine-artritis-estado-fisico-impulsado-final-megadeth\/\" rel=\"nofollow noopener\" target=\"_blank\">problemas de salud<\/a><\/strong>\u00a0han motivado acelerar la retirada de MEGADETH- ha confirmado que quiere ser fiel a sus palabras sobre el fin del grupo ya que \u00ab<a href=\"https:\/\/www.hellpress.com\/noticias\/dave-mustaine-megadeth-retirada-megadeth-autentica\/\" rel=\"nofollow noopener\" target=\"_blank\">hay bandas que nunca cumplen lo que dicen<\/a>\u00bb y\u00a0<strong>no descarta la posibilidad de sacar un disco en directo<\/strong>\u00a0que recopile la pr\u00f3xima gira de despedida de la formaci\u00f3n.<\/p>\n<p>MEGADETH ha editado este a\u00f1o su <a href=\"https:\/\/www.hellpress.com\/discos\/megadeth-disco-homonimo-grupo-thrash-metal-dave-mustaine-cierra-ciclo\/\" rel=\"nofollow noopener\" target=\"_blank\">disco hom\u00f3nimo<\/a>.<\/p>\n<p>M\u00e1s informaci\u00f3n sobre el grupo en su\u00a0<a href=\"https:\/\/www.megadeth.com\/\" target=\"_blank\" rel=\"noopener nofollow\">web oficial<\/a>.<\/p>\n<p>Sigue a\u00a0<a href=\"https:\/\/whatsapp.com\/channel\/0029Va89dzX9cDDVSdC3pt2Q\" target=\"_blank\" rel=\"noopener nofollow\"><strong>HELLPRESS en Whatsapp<\/strong><\/a>\u00a0para m\u00e1s noticias y contenidos de Heavy Metal.<\/p>\n","protected":false},"excerpt":{"rendered":"Los guitarristas preferidos del m\u00fasico estadounidense El l\u00edder de MEGADETH, Dave Mustaine, ha compartido cu\u00e1les son los guitarristas&hellip;\n","protected":false},"author":2,"featured_media":643221,"comment_status":"","ping_status":"","sticky":false,"template":"","format":"standard","meta":{"footnotes":""},"categories":[170],"tags":[4620,21619,146,147,25,24,188,477,39619,8979,13321,40654,184,185,1273,23,571],"class_list":["post-643220","post","type-post","status-publish","format-standard","has-post-thumbnail","category-musica","tag-ac-dc","tag-dave-mustaine","tag-entertainment","tag-entretenimiento","tag-es","tag-espana","tag-heavy-metal","tag-iron-maiden","tag-james-hetfield","tag-led-zeppelin","tag-megadeth","tag-michael-schenker","tag-music","tag-musica","tag-rock","tag-spain","tag-thrash-metal"],"share_on_mastodon":{"url":"https:\/\/pubeurope.com\/@es\/116869265197521619","error":""},"_links":{"self":[{"href":"https:\/\/www.europesays.com\/es\/wp-json\/wp\/v2\/posts\/643220","targetHints":{"allow":["GET"]}}],"collection":[{"href":"https:\/\/www.europesays.com\/es\/wp-json\/wp\/v2\/posts"}],"about":[{"href":"https:\/\/www.europesays.com\/es\/wp-json\/wp\/v2\/types\/post"}],"author":[{"embeddable":true,"href":"https:\/\/www.europesays.com\/es\/wp-json\/wp\/v2\/users\/2"}],"replies":[{"embeddable":true,"href":"https:\/\/www.europesays.com\/es\/wp-json\/wp\/v2\/comments?post=643220"}],"version-history":[{"count":0,"href":"https:\/\/www.europesays.com\/es\/wp-json\/wp\/v2\/posts\/643220\/revisions"}],"wp:featuredmedia":[{"embeddable":true,"href":"https:\/\/www.europesays.com\/es\/wp-json\/wp\/v2\/media\/643221"}],"wp:attachment":[{"href":"https:\/\/www.europesays.com\/es\/wp-json\/wp\/v2\/media?parent=643220"}],"wp:term":[{"taxonomy":"category","embeddable":true,"href":"https:\/\/www.europesays.com\/es\/wp-json\/wp\/v2\/categories?post=643220"},{"taxonomy":"post_tag","embeddable":true,"href":"https:\/\/www.europesays.com\/es\/wp-json\/wp\/v2\/tags?post=643220"}],"curies":[{"name":"wp","href":"https:\/\/api.w.org\/{rel}","templated":true}]}}