{"id":64325,"date":"2025-08-22T09:26:09","date_gmt":"2025-08-22T09:26:09","guid":{"rendered":"https:\/\/www.europesays.com\/es\/64325\/"},"modified":"2025-08-22T09:26:09","modified_gmt":"2025-08-22T09:26:09","slug":"un-divorcio-sin-cuentas-pendientes-y-dos-caminos-opuestos","status":"publish","type":"post","link":"https:\/\/www.europesays.com\/es\/64325\/","title":{"rendered":"un divorcio sin cuentas pendientes y dos caminos opuestos"},"content":{"rendered":"<p><img decoding=\"async\" class=\"voc-author__img\" src=\"https:\/\/www.europesays.com\/es\/wp-content\/uploads\/2025\/08\/autor-6797-foto-1.png\" alt=\"Daniella Bejarano\"\/><\/p>\n<p>22\/08\/2025<br \/>\n<br \/><strong><br \/>\nActualizado a las 10:51h.<br \/>\n<\/strong><\/p>\n<p class=\"voc-p\" style=\"\">Despu\u00e9s de trece a\u00f1os de relaci\u00f3n y dos de matriomonio, Joaqu\u00edn Torres y <a href=\"https:\/\/www.abc.es\/gente\/raul-prieto-sorprendido-formentera-hombre-tras-ruptura-20250819114739-nt.html\" target=\"_self\" data-voc-vtm-id=\"in-text-traffic\" title=\"Ra\u00fal Prieto\" data-mrf-link=\"www.abc.es\" rel=\"nofollow noopener\">Ra\u00fal Prieto<\/a> han puesto fin a su historia de amor. La noticia, adelantada por &#8216;El Espa\u00f1ol&#8217;, fue confirmada por el propio arquitecto en declaraciones al citado medio. \u00abMe ha dejado. Es algo que iba a llegar en alg\u00fan momento. Yo acepto la decisi\u00f3n de Ra\u00fal, pero nadie me puede quitar mi tristeza\u00bb confes\u00f3. <\/p>\n<p class=\"voc-p\" style=\"\">Tras el anuncio, la duda que ha saltado es sobre c\u00f3mo se llevar\u00e1 a cabo el futuro divorcio. Sin embargo, lejos de convertirse en un proceso largo y tedioso, las cuestiones econ\u00f3micas parecen no suponer un obst\u00e1culo para ambos. \u00bfEl motivo? A pesar de los a\u00f1os juntos, nunca consolidaron un patrimonio en com\u00fan. Su enlace no se tradujo en sociedades compartidas ni en propiedades a nombre de ambos. Adem\u00e1s, seg\u00fan revela &#8216;Vanitatis&#8217;, el patrimonio de cada uno se ha gestionado siempre por separado. De hecho, el exdirector de &#8216;S\u00e1lvame&#8217; solo lleg\u00f3 a participar en una de las sociedades del arquitecto como administrador mancomunado hasta 2021.<\/p>\n<p class=\"voc-p\" style=\"\">Por su parte, Prieto cuenta con una \u00fanica propiedad a su nombre: un piso de 100 metros cuadrados en Las Letras, adquirido en 2012. Mientras que la exclusiva vivienda que ambos compartieron pertenec\u00eda exclusivamente a Joaqu\u00edn Torres, adem\u00e1s de un inmueble de 400 metros cuadrados en el barrio de Salamanca. <\/p>\n<p class=\"voc-p\" style=\"\">Cabe resaltar que Joaqu\u00edn cuenta con un notable patrimonio inmobiliario, con propiedad en Madrid y Galicia, as\u00ed como un negocio de alquiler vacacional de lujo. Adem\u00e1s, a ello se suma su reconocida trayectora como &#8216;el aquitecto de lo famosos&#8217;, llegando a tener clientes como Madonna, Crisitiano Ronaldo, Alejandro Sanz o Amancio Ortega.<\/p>\n<p class=\"voc-p\" style=\"\">Fieles a su discreci\u00f3n, la noticia de su separaci\u00f3n despu\u00e9s de meses de haber roto. \u00abLa vida es as\u00ed. Para m\u00ed ha sido un palo muy grande. No lo puedo ocultar: a\u00fan no estoy bien\u00bb, admit\u00eda recientemente Joaqu\u00edn, quien se ha efugiado en su casa de Galicia y volcado en el trabajo, evita alimentar titulares sobre su vida sentimental.<\/p>\n<p class=\"voc-p\" style=\"\">En cambio, tras la reciente publicaciones de unas im\u00e1genes en &#8216;Look&#8217;, donde se ve a Prieto disfrutando de sus vacaciones en compa\u00f1\u00eda de un nuevo gal\u00e1n, todo apuntaria que el periodista habr\u00eda encontrado una nueva ilusi\u00f3n y se tratar\u00eda de ser\u00eda un doctor en medicina est\u00e9tica de Barcelona, \u00abmuy integrado en su c\u00edrculo de amistades\u00bb, seg\u00fan menciona &#8216;Vanitatis&#8217;. Fuentes consultadas por el mismo medio aseguran que se conocieron gracias a amigos en com\u00fan y que la relaci\u00f3n avanza con discreci\u00f3n.<\/p>\n<p class=\"voc-p\" style=\"\">En definitiva, mientras uno trata de recomponerse de un a\u00f1o marcado por el dolor, el otro encuentra un soplo de aire fresco en un nuevo comienzo. Dos caras opuestas de una misma moneda que reflejan el final de una etapa y el inicio de otra.<\/p>\n<p>Reportar un error<\/p>\n","protected":false},"excerpt":{"rendered":"22\/08\/2025 Actualizado a las 10:51h. Despu\u00e9s de trece a\u00f1os de relaci\u00f3n y dos de matriomonio, Joaqu\u00edn Torres y&hellip;\n","protected":false},"author":2,"featured_media":64326,"comment_status":"","ping_status":"","sticky":false,"template":"","format":"standard","meta":{"footnotes":""},"categories":[91],"tags":[22431,10305,12703,1563,146,147,25,24,8488,26335,13901,12526,10571,23,4655],"class_list":["post-64325","post","type-post","status-publish","format-standard","has-post-thumbnail","category-entretenimiento","tag-caminos","tag-cuentas","tag-divorcio","tag-dos","tag-entertainment","tag-entretenimiento","tag-es","tag-espana","tag-joaquin","tag-opuestos","tag-pendientes","tag-prieto","tag-raul","tag-spain","tag-torres"],"share_on_mastodon":{"url":"","error":""},"_links":{"self":[{"href":"https:\/\/www.europesays.com\/es\/wp-json\/wp\/v2\/posts\/64325","targetHints":{"allow":["GET"]}}],"collection":[{"href":"https:\/\/www.europesays.com\/es\/wp-json\/wp\/v2\/posts"}],"about":[{"href":"https:\/\/www.europesays.com\/es\/wp-json\/wp\/v2\/types\/post"}],"author":[{"embeddable":true,"href":"https:\/\/www.europesays.com\/es\/wp-json\/wp\/v2\/users\/2"}],"replies":[{"embeddable":true,"href":"https:\/\/www.europesays.com\/es\/wp-json\/wp\/v2\/comments?post=64325"}],"version-history":[{"count":0,"href":"https:\/\/www.europesays.com\/es\/wp-json\/wp\/v2\/posts\/64325\/revisions"}],"wp:featuredmedia":[{"embeddable":true,"href":"https:\/\/www.europesays.com\/es\/wp-json\/wp\/v2\/media\/64326"}],"wp:attachment":[{"href":"https:\/\/www.europesays.com\/es\/wp-json\/wp\/v2\/media?parent=64325"}],"wp:term":[{"taxonomy":"category","embeddable":true,"href":"https:\/\/www.europesays.com\/es\/wp-json\/wp\/v2\/categories?post=64325"},{"taxonomy":"post_tag","embeddable":true,"href":"https:\/\/www.europesays.com\/es\/wp-json\/wp\/v2\/tags?post=64325"}],"curies":[{"name":"wp","href":"https:\/\/api.w.org\/{rel}","templated":true}]}}