{"id":643265,"date":"2026-07-05T21:02:12","date_gmt":"2026-07-05T21:02:12","guid":{"rendered":"https:\/\/www.europesays.com\/es\/643265\/"},"modified":"2026-07-05T21:02:12","modified_gmt":"2026-07-05T21:02:12","slug":"mueren-cuatro-personas-de-una-familia-y-una-menor-se-encuentra-grave-tras-un-accidente-de-trafico-en-palencia-espana","status":"publish","type":"post","link":"https:\/\/www.europesays.com\/es\/643265\/","title":{"rendered":"Mueren cuatro personas de una familia y una menor se encuentra grave tras un accidente de tr\u00e1fico en Palencia | Espa\u00f1a"},"content":{"rendered":"<p class=\"\">Cuatro personas de una misma familia, entre ellas dos ni\u00f1os de 17 y de 14 a\u00f1os, han muerto este domingo por la tarde tras un accidente de tr\u00e1fico en la autov\u00eda A-67 a la altura de Herrera de Pisuerga (Palencia). Una menor, de nueve a\u00f1os, ha resultado gravemente herida en el suceso. Los adultos ten\u00edan 48 y 45 a\u00f1os y se corresponden con la familia de Iv\u00e1n Sanz Cid, un importante empresario de la bodega de Ribera de Duero Dehesa de los Can\u00f3nigos, seg\u00fan El Norte de Castilla. La menor herida ha sido trasladada al hospital de Burgos, donde ha sido intervenida quir\u00fargicamente. Fuentes de la Subdelegaci\u00f3n del Gobierno informan de que, dentro de la gravedad, se encuentra estable. <\/p>\n<p class=\"\">El coche en el que viajaban en direcci\u00f3n Valladolid, de donde proced\u00edan, se ha salido de la v\u00eda y ha ocasionado el siniestro, dando varias vueltas de campana, provocado seg\u00fan las primeras hip\u00f3tesis por la somnolencia del conductor. La subdelegaci\u00f3n del Gobierno en Palencia ha informado de los detalles del suceso, producido en una jornada de intenso tr\u00e1fico de retorno a la meseta tras muchos desplazamientos de fin de semana en direcci\u00f3n al litoral cant\u00e1brico. La Guardia Civil ha cortado inicialmente parte de la autov\u00eda y redirigido a los dem\u00e1s veh\u00edculos hacia la carretera nacional contigua hasta que despu\u00e9s ha cortado un carril de la A-67 y recontrolado la circulaci\u00f3n.<\/p>\n<p class=\"\">El accidente se ha producido a las 16.20 de este domingo en la autov\u00eda que conecta Cantabria con el centro de Castilla y Le\u00f3n, desplazamiento muy popular en esta \u00e9poca del a\u00f1o de intenso calor por parte de viajeros que buscan refrescarse en el norte el fin de semana para volver el domingo a sus localidades de procedencia. La familia, de cinco miembros y de origen vallisoletano, regresaba hacia Valladolid cuando el autom\u00f3vil ha virado hacia la derecha, ocupando el otro carril moment\u00e1neamente, para luego dar un volantazo, salirse del trazado hacia la izquierda y perdido el dominio del coche, que ha dado varias vueltas de campana en la mediana y ha quedado destrozado. Los bomberos del parque de Herrera de Pisuerga han sido requeridos para excarcelar a algunos de los accidentados, que han quedado atrapados en el interior del autom\u00f3vil, y por cuyas vidas no se ha podido hacer nada. Varias dotaciones de la Guardia Civil han acudido al lugar de los hechos para investigar las posibles causas del cu\u00e1druple fallecimiento y tratar de mantener el orden circulatorio, con atascos en una zona pegada a un \u00e1rea de servicio por el que muchos conductores se han desviado para desahogar la circulaci\u00f3n. Los equipos de emergencias, que han contado con el soporte de un helic\u00f3ptero, tratan de salvar a la ni\u00f1a de nueve a\u00f1os que ha sobrevivido al siniestro aunque se encuentra herida muy grave.<\/p>\n<p class=\"\">\u201cLa principal hip\u00f3tesis sobre la causa del siniestro, seg\u00fan las primeras manifestaciones de testigos, es una posible somnolencia del conductor\u201d, ha indicado la subdelegaci\u00f3n, pues los agentes estaban tomando declaraci\u00f3n a otros viajeros que han coincidido con el suceso, producido a una hora de intenso calor y en el entorno de la hora de comer. \u201cNo hay otros veh\u00edculos implicados\u201d, detallan, motivo por el cual se sospecha que el conductor haya podido quedarse dormido al volante instantes antes de los acontecimientos en el kil\u00f3metro 83, sentido decreciente, de esta autov\u00eda. <\/p>\n<p>Familia bodeguera<\/p>\n<p class=\"\">Sanz Cid llevaba un a\u00f1o al frente de la bodega vallisoletana, una de las m\u00e1s populares de la conocida como Milla de Oro del vino y la enolog\u00eda. El hombre y su hermana Bel\u00e9n ocuparon este puesto directivo despu\u00e9s de que falleciera su padre Luis Sanz, una de las personalidades m\u00e1s reconocidas del sector, hace aproximadamente un a\u00f1o. La v\u00edctima ten\u00eda estudios como ingeniero t\u00e9cnico agr\u00edcola y en direcci\u00f3n de empresas. Junto a Sanz ha fallecido su esposa, Irene Garijo<\/p>\n<p class=\"\">Estas cuatro v\u00edctimas mortales, a expensas de la evoluci\u00f3n de la ni\u00f1a de nueve a\u00f1os que ha quedado herida en el accidente de tr\u00e1fico, se unen a otras seis que han fallecido este fin de semana en siete siniestros producidos en esta primera fase de la Operaci\u00f3n Salida definida por la Direcci\u00f3n General de Tr\u00e1fico (DGT). La DGT ha informado de que el viernes hubo dos accidentes con dos muertes, exactamente igual que el s\u00e1bado y el domingo, m\u00e1s all\u00e1 de lo sucedido en Palencia, se han dado otros dos accidentes con dos v\u00edctimas m\u00e1s.<\/p>\n<p class=\"\">El ministro de Transportes, \u00d3scar Puente, tambi\u00e9n exalcalde de Valladolid, ha expresado sus condolencias en la red social X, antes Twitter: \u201cTerrible noticia y tremendo el dolor. Una gran persona y una gran familia. Hicieron mucho por el mundo del vino en Ribera del Duero. D.E.P\u201d. El presidente de la Junta de Castilla y Le\u00f3n, Alfonso Fern\u00e1ndez Ma\u00f1ueco (PP), ha lamentado en la misma red social el accidente en Palencia cuando a\u00fan no se conoc\u00eda la identidad de los implicados: \u201cProfundamente consternado por el tr\u00e1gico accidente ocurrido en la A-67, en el que han perdido la vida cuatro miembros de una misma familia. Todo mi cari\u00f1o y mi m\u00e1s sentido p\u00e9same a sus familiares y amigos. Deseo de coraz\u00f3n la recuperaci\u00f3n de la ni\u00f1a herida\u201d.<\/p>\n<p class=\"\">El presidente de la Diputaci\u00f3n de Valladolid, Conrado \u00cdscar, ha manifestado en redes sociales su pesar por la noticia de este domingo: \u201cTr\u00e1gica noticia que me apena terriblemente. Iv\u00e1n y su familia eran ejemplo de dedicaci\u00f3n, cari\u00f1o y trabajo por la provincia de Valladolid. Deseo de todo coraz\u00f3n la recuperaci\u00f3n temprana de la peque\u00f1a de nueve a\u00f1os. Un abrazo al cielo. D.E.P.\u201d.<\/p>\n","protected":false},"excerpt":{"rendered":"Cuatro personas de una misma familia, entre ellas dos ni\u00f1os de 17 y de 14 a\u00f1os, han muerto&hellip;\n","protected":false},"author":2,"featured_media":643266,"comment_status":"","ping_status":"","sticky":false,"template":"","format":"standard","meta":{"footnotes":""},"categories":[5],"tags":[6015,17,18,25,24,13,14,11,6441,19,20,9,10,15,16,6442,23,257,12,589,21,22,1607],"class_list":["post-643265","post","type-post","status-publish","format-standard","has-post-thumbnail","category-titulares","tag-accidentes-trafico","tag-breaking-news","tag-breakingnews","tag-es","tag-espana","tag-featured-news","tag-featurednews","tag-headlines","tag-herrera-de-pisuerga","tag-latest-news","tag-latestnews","tag-news","tag-noticias","tag-noticias-destacadas","tag-noticiasdestacadas","tag-palencia","tag-spain","tag-sucesos","tag-titulares","tag-trafico","tag-ultimas-noticias","tag-ultimasnoticias","tag-valladolid"],"share_on_mastodon":{"url":"https:\/\/pubeurope.com\/@es\/116869394815064402","error":""},"_links":{"self":[{"href":"https:\/\/www.europesays.com\/es\/wp-json\/wp\/v2\/posts\/643265","targetHints":{"allow":["GET"]}}],"collection":[{"href":"https:\/\/www.europesays.com\/es\/wp-json\/wp\/v2\/posts"}],"about":[{"href":"https:\/\/www.europesays.com\/es\/wp-json\/wp\/v2\/types\/post"}],"author":[{"embeddable":true,"href":"https:\/\/www.europesays.com\/es\/wp-json\/wp\/v2\/users\/2"}],"replies":[{"embeddable":true,"href":"https:\/\/www.europesays.com\/es\/wp-json\/wp\/v2\/comments?post=643265"}],"version-history":[{"count":0,"href":"https:\/\/www.europesays.com\/es\/wp-json\/wp\/v2\/posts\/643265\/revisions"}],"wp:featuredmedia":[{"embeddable":true,"href":"https:\/\/www.europesays.com\/es\/wp-json\/wp\/v2\/media\/643266"}],"wp:attachment":[{"href":"https:\/\/www.europesays.com\/es\/wp-json\/wp\/v2\/media?parent=643265"}],"wp:term":[{"taxonomy":"category","embeddable":true,"href":"https:\/\/www.europesays.com\/es\/wp-json\/wp\/v2\/categories?post=643265"},{"taxonomy":"post_tag","embeddable":true,"href":"https:\/\/www.europesays.com\/es\/wp-json\/wp\/v2\/tags?post=643265"}],"curies":[{"name":"wp","href":"https:\/\/api.w.org\/{rel}","templated":true}]}}