{"id":643482,"date":"2026-07-05T23:41:23","date_gmt":"2026-07-05T23:41:23","guid":{"rendered":"https:\/\/www.europesays.com\/es\/643482\/"},"modified":"2026-07-05T23:41:23","modified_gmt":"2026-07-05T23:41:23","slug":"confirman-el-sonado-encontronazo-en-la-boda-de-suso-y-marieta-era-la-mesa-mas-conazo-porque-era-la-senior-y-luego-fue-la-que-dio-mas-juego","status":"publish","type":"post","link":"https:\/\/www.europesays.com\/es\/643482\/","title":{"rendered":"Confirman el sonado encontronazo en la boda de Suso y Marieta: \u00abEra la mesa m\u00e1s co\u00f1azo porque era la senior y luego fue la que dio m\u00e1s juego\u00bb"},"content":{"rendered":"<p class=\"v-d-p\" style=\"\">Toledo se convirti\u00f3 el pasado 3 de julio en el escenario de uno de los acontecimientos sociales m\u00e1s comentados del verano con la <strong>boda de Suso \u00c1lvarez y Marieta<\/strong>. El enlace, celebrado en el Cigarral del \u00c1ngel Custodio, reuni\u00f3 a <strong>cerca de 200 invitados<\/strong>, entre los que se encontraban numerosos rostros conocidos del universo Mediaset y de los realities, como <strong>Carmen Borrego, Bel\u00e9n Rodr\u00edguez, Jos\u00e9 Mar\u00eda Almoguera junto a Mar\u00eda &#8216;La Jerezana&#8217;, Makoke, Irene Rosales, Marta L\u00f3pez, Amor Romeira o Manuel Cort\u00e9s<\/strong>, entre otros, que no quisieron perderse uno de los d\u00edas m\u00e1s importantes de la vida de la pareja.<\/p>\n<p class=\"v-d-p\" style=\"\">Sin embargo, m\u00e1s all\u00e1 de la emoci\u00f3n del enlace, el convite tambi\u00e9n dej\u00f3 algunos <strong>momentos de tensi\u00f3n<\/strong>. Despu\u00e9s de que trascendiera que <strong>Bel\u00e9n Rodr\u00edguez y Carmen Borrego<\/strong> hab\u00edan protagonizado un desencuentro durante la celebraci\u00f3n, Kike Calleja y Raquel Abad <strong>han confirmado que, efectivamente, existi\u00f3 un rifirrafe entre ambas<\/strong>.<\/p>\n<p class=\"v-d-p\" style=\"\">El periodista, no obstante, quiso restarle importancia a lo ocurrido. \u00abAh, que igual, fue como una cosa de amigas que al final terminaron d\u00e1ndose un abrazo, es que fue una tonter\u00eda\u00bb, asegur\u00f3, dejando claro que el incidente no fue a mayores.<\/p>\n<p class=\"v-d-p\" style=\"\">Raquel Abad, por su parte, reconoci\u00f3 que s\u00ed hubo un momento inc\u00f3modo durante el banquete, aunque tambi\u00e9n insisti\u00f3 en que todo qued\u00f3 solucionado r\u00e1pidamente. \u00abUna peque\u00f1a discusi\u00f3n, un malentendido, pero vamos, que luego qued\u00f3 en nada. Pero s\u00ed que es verdad que hubo un momento que nos quedamos todos as\u00ed\u00bb, explic\u00f3 entre risas, antes de a\u00f1adir una divertida an\u00e9cdota sobre la mesa que compart\u00edan: \u00abAmor dec\u00eda que era la mesa m\u00e1s co\u00f1azo porque era la mesa senior y luego fue la mesa que dio m\u00e1s juego\u00bb.<\/p>\n<p class=\"v-d-p\" style=\"\">Tanto Kike como Raquel tambi\u00e9n reaccionaron con sorpresa al conocer que otra de las parejas presentes en el enlace, <strong>Jos\u00e9 Mar\u00eda Almoguera y Mar\u00eda &#8216;La Jerezana&#8217;<\/strong>, podr\u00edan haber protagonizado igualmente una discusi\u00f3n durante el convite. Ambos aseguraron desconocer ese episodio, por lo que no pudieron confirmar si realmente se produjo.<\/p>\n<p class=\"v-d-p\" style=\"\">Aunque la boda estuvo marcada por la emoci\u00f3n del esperado \u00abs\u00ed, quiero\u00bb de Suso y Marieta, las horas posteriores al enlace tambi\u00e9n dejaron varios momentos comentados entre los invitados, demostrando que, incluso en las celebraciones m\u00e1s especiales, siempre hay espacio para alg\u00fan peque\u00f1o desencuentro que, en esta ocasi\u00f3n, termin\u00f3 resolvi\u00e9ndose con normalidad.<\/p>\n","protected":false},"excerpt":{"rendered":"Toledo se convirti\u00f3 el pasado 3 de julio en el escenario de uno de los acontecimientos sociales m\u00e1s&hellip;\n","protected":false},"author":2,"featured_media":643483,"comment_status":"","ping_status":"","sticky":false,"template":"","format":"standard","meta":{"footnotes":""},"categories":[91],"tags":[3158,90186,8824,13653,31961,146,147,981,25,24,1444,95882,2570,19136,33079,23,80523],"class_list":["post-643482","post","type-post","status-publish","format-standard","has-post-thumbnail","category-entretenimiento","tag-boda","tag-conazo","tag-confirman","tag-dio","tag-encontronazo","tag-entertainment","tag-entretenimiento","tag-era","tag-es","tag-espana","tag-juego","tag-marieta","tag-mesa","tag-senior","tag-sonado","tag-spain","tag-suso"],"share_on_mastodon":{"url":"https:\/\/pubeurope.com\/@es\/116870020386484264","error":""},"_links":{"self":[{"href":"https:\/\/www.europesays.com\/es\/wp-json\/wp\/v2\/posts\/643482","targetHints":{"allow":["GET"]}}],"collection":[{"href":"https:\/\/www.europesays.com\/es\/wp-json\/wp\/v2\/posts"}],"about":[{"href":"https:\/\/www.europesays.com\/es\/wp-json\/wp\/v2\/types\/post"}],"author":[{"embeddable":true,"href":"https:\/\/www.europesays.com\/es\/wp-json\/wp\/v2\/users\/2"}],"replies":[{"embeddable":true,"href":"https:\/\/www.europesays.com\/es\/wp-json\/wp\/v2\/comments?post=643482"}],"version-history":[{"count":0,"href":"https:\/\/www.europesays.com\/es\/wp-json\/wp\/v2\/posts\/643482\/revisions"}],"wp:featuredmedia":[{"embeddable":true,"href":"https:\/\/www.europesays.com\/es\/wp-json\/wp\/v2\/media\/643483"}],"wp:attachment":[{"href":"https:\/\/www.europesays.com\/es\/wp-json\/wp\/v2\/media?parent=643482"}],"wp:term":[{"taxonomy":"category","embeddable":true,"href":"https:\/\/www.europesays.com\/es\/wp-json\/wp\/v2\/categories?post=643482"},{"taxonomy":"post_tag","embeddable":true,"href":"https:\/\/www.europesays.com\/es\/wp-json\/wp\/v2\/tags?post=643482"}],"curies":[{"name":"wp","href":"https:\/\/api.w.org\/{rel}","templated":true}]}}