{"id":643506,"date":"2026-07-06T00:05:16","date_gmt":"2026-07-06T00:05:16","guid":{"rendered":"https:\/\/www.europesays.com\/es\/643506\/"},"modified":"2026-07-06T00:05:16","modified_gmt":"2026-07-06T00:05:16","slug":"la-musica-sintetica-tomara-la-primera-noche-en-compania","status":"publish","type":"post","link":"https:\/\/www.europesays.com\/es\/643506\/","title":{"rendered":"La m\u00fasica sint\u00e9tica tomar\u00e1 la primera noche en Compa\u00f1\u00eda"},"content":{"rendered":"<p>\n        <strong>La plaza de la Compa\u00f1\u00eda recibir\u00e1 esta tarde a tres djs diferentes en un set que promete m\u00fasica variada, nombres prometedores y talento local. El concierto empezar\u00e1 a las 19.00 en dicho lugar, y los artistas que formar\u00e1n parte de la funci\u00f3n ser\u00e1n Odd Signals, CC:DISCO! y la dj Celia Carrera.<\/strong>\n<\/p>\n<p class=\"article-body__text \">\n        Los tres artistas vienen de contextos distintos, pero todos prometen una m\u00fasica sin igual. Por un lado, Celia Carrera es una artista de origen c\u00e1ntabro afincada en Pamplona, con un estilo muy marcado por su b\u00fasqueda de combinar diferentes g\u00e9neros dentro de proyectos que terminan encontrando una armon\u00eda propia. Su \u00faltimo trabajo, <strong>Operator<\/strong>, es su proyecto m\u00e1s personal, en el que busca demostrar de forma introspectiva esa combinaci\u00f3n de g\u00e9neros, pasando de atm\u00f3sferas profundas y meditativas a un ritmo m\u00e1s envolvente y agitado.\n<\/p>\n<p class=\"article-body__text \">\n        Por otro lado,<strong> CC:DISCO! es una dj australiana conocida por sus mezclas de disco, house y boogie, con un estilo lento, de ritmo pulsante, rom\u00e1ntico y estimulante. La artista, radicada actualmente en Lisboa, se ha presentado en salas como Sub Club, DJOON y Good Room, y ha sido cabeza de cartel en festivales como Kala, Pitch Music &amp; Arts, Love International, Glastonbury y Sonar by Night.\u00a0<\/strong>\n<\/p>\n<p class=\"article-body__text \">\n        Su trayectoria internacional hace que sea reconocida mundialmente como una dj de estilo \u00fanico, fuertemente arraigada a su identidad; as\u00ed lo demuestra su mantra, en el que recuerda que los djs solo ponen la m\u00fasica, lo que la lleva a defender una postura marcada por la humildad, seg\u00fan la cual el dj no es m\u00e1s ni menos importante que la persona de seguridad que tambi\u00e9n ayuda a que el evento se lleve a cabo.\n<\/p>\n<p class=\"article-body__text \">\n        F<strong>inalmente, Odd Signals, el pseud\u00f3nimo tras el que se esconde el navarro Ander Elustando,<\/strong> es un artista emergente cuyo estilo se centra en la creaci\u00f3n de sonidos sint\u00e9ticos y en el uso de la voz como parte de la melod\u00eda. Su propuesta se aleja de las estructuras m\u00e1s convencionales de la m\u00fasica electr\u00f3nica, apostando por texturas experimentales y una producci\u00f3n cuidada en la que cada elemento vocal se integra como un instrumento m\u00e1s dentro del conjunto. Este enfoque lo convierte en una de las apuestas m\u00e1s frescas y arriesgadas del cartel de esta tarde.<\/p>\n","protected":false},"excerpt":{"rendered":"La plaza de la Compa\u00f1\u00eda recibir\u00e1 esta tarde a tres djs diferentes en un set que promete m\u00fasica&hellip;\n","protected":false},"author":2,"featured_media":643507,"comment_status":"","ping_status":"","sticky":false,"template":"","format":"standard","meta":{"footnotes":""},"categories":[91],"tags":[146,147,25,24,185,193,1078,118520,23,14387],"class_list":["post-643506","post","type-post","status-publish","format-standard","has-post-thumbnail","category-entretenimiento","tag-entertainment","tag-entretenimiento","tag-es","tag-espana","tag-musica","tag-noche","tag-primera","tag-sintetica","tag-spain","tag-tomara"],"share_on_mastodon":{"url":"","error":""},"_links":{"self":[{"href":"https:\/\/www.europesays.com\/es\/wp-json\/wp\/v2\/posts\/643506","targetHints":{"allow":["GET"]}}],"collection":[{"href":"https:\/\/www.europesays.com\/es\/wp-json\/wp\/v2\/posts"}],"about":[{"href":"https:\/\/www.europesays.com\/es\/wp-json\/wp\/v2\/types\/post"}],"author":[{"embeddable":true,"href":"https:\/\/www.europesays.com\/es\/wp-json\/wp\/v2\/users\/2"}],"replies":[{"embeddable":true,"href":"https:\/\/www.europesays.com\/es\/wp-json\/wp\/v2\/comments?post=643506"}],"version-history":[{"count":0,"href":"https:\/\/www.europesays.com\/es\/wp-json\/wp\/v2\/posts\/643506\/revisions"}],"wp:featuredmedia":[{"embeddable":true,"href":"https:\/\/www.europesays.com\/es\/wp-json\/wp\/v2\/media\/643507"}],"wp:attachment":[{"href":"https:\/\/www.europesays.com\/es\/wp-json\/wp\/v2\/media?parent=643506"}],"wp:term":[{"taxonomy":"category","embeddable":true,"href":"https:\/\/www.europesays.com\/es\/wp-json\/wp\/v2\/categories?post=643506"},{"taxonomy":"post_tag","embeddable":true,"href":"https:\/\/www.europesays.com\/es\/wp-json\/wp\/v2\/tags?post=643506"}],"curies":[{"name":"wp","href":"https:\/\/api.w.org\/{rel}","templated":true}]}}