{"id":643559,"date":"2026-07-06T00:56:11","date_gmt":"2026-07-06T00:56:11","guid":{"rendered":"https:\/\/www.europesays.com\/es\/643559\/"},"modified":"2026-07-06T00:56:11","modified_gmt":"2026-07-06T00:56:11","slug":"resena-del-amazfit-cheetah-2-pro-por-que-estas-caracteristicas-son-ahora-imprescindibles-para-mi","status":"publish","type":"post","link":"https:\/\/www.europesays.com\/es\/643559\/","title":{"rendered":"Rese\u00f1a del Amazfit Cheetah 2 Pro: Por qu\u00e9 estas caracter\u00edsticas son (ahora) imprescindibles para m\u00ed"},"content":{"rendered":"<p class=\"bodytext\">Una de las principales ventajas que Garmin ha destacado <a href=\"http:\/\/www.notebookcheck.com\/Garmin-Fenix-8-Pro-Launch-der-neuen-Premium-Multisport-Smartwatch-ist-wohl-Abgesang-auf-spannende-Technologie.1103779.0.html\" target=\"_self\" class=\"internal-link\" rel=\"nofollow noopener\">desde hace a\u00f1os<\/a> en relaci\u00f3n con sus pantallas MiP es el bajo consumo energ\u00e9tico y la excelente legibilidad sin retroiluminaci\u00f3n. El Amazfit Cheetah 2 Pro adopta un enfoque diferente con su pantalla AMOLED, aunque sigue ofreciendo un modo \u00absiempre encendido\u00bb, junto con esferas de reloj dise\u00f1adas para mantener una gran legibilidad a la luz del sol. Aunque el encendido autom\u00e1tico de la pantalla funcion\u00f3 de forma fiable en la unidad de prueba, no querr\u00eda prescindir de la funcionalidad de pantalla siempre encendida. En parte es una cuesti\u00f3n de gustos, pero tambi\u00e9n es, sencillamente, pr\u00e1ctico. Al mismo tiempo, no deseo tener que cargar mi reloj inteligente constantemente. En condiciones exigentes, el Amazfit Cheetah 2 Pro alcanz\u00f3 una autonom\u00eda realista de poco menos de una semana. Sobre el papel, no es una cifra excepcional, pero en el uso diario resulta perfectamente aceptable.<\/p>\n","protected":false},"excerpt":{"rendered":"Una de las principales ventajas que Garmin ha destacado desde hace a\u00f1os en relaci\u00f3n con sus pantallas MiP&hellip;\n","protected":false},"author":2,"featured_media":643560,"comment_status":"","ping_status":"","sticky":false,"template":"","format":"standard","meta":{"footnotes":""},"categories":[81],"tags":[118536,119,123,124,25,24,6406,6404,10,6405,2761,111966,3840,93787,4262,118537,117,121,122,23,118,120],"class_list":["post-643559","post","type-post","status-publish","format-standard","has-post-thumbnail","category-ciencia-y-tecnologia","tag-amazfit-cheetah-2-pro","tag-ciencia","tag-ciencia-y-tecnologia","tag-cienciaytecnologia","tag-es","tag-espana","tag-informaciones","tag-informes","tag-noticias","tag-portatil","tag-prueba","tag-recortada","tag-reloj","tag-reloj-inteligente","tag-resena","tag-resena-recortada","tag-science","tag-science-and-technology","tag-scienceandtechnology","tag-spain","tag-technology","tag-tecnologia"],"share_on_mastodon":{"url":"https:\/\/pubeurope.com\/@es\/116870315229108465","error":""},"_links":{"self":[{"href":"https:\/\/www.europesays.com\/es\/wp-json\/wp\/v2\/posts\/643559","targetHints":{"allow":["GET"]}}],"collection":[{"href":"https:\/\/www.europesays.com\/es\/wp-json\/wp\/v2\/posts"}],"about":[{"href":"https:\/\/www.europesays.com\/es\/wp-json\/wp\/v2\/types\/post"}],"author":[{"embeddable":true,"href":"https:\/\/www.europesays.com\/es\/wp-json\/wp\/v2\/users\/2"}],"replies":[{"embeddable":true,"href":"https:\/\/www.europesays.com\/es\/wp-json\/wp\/v2\/comments?post=643559"}],"version-history":[{"count":0,"href":"https:\/\/www.europesays.com\/es\/wp-json\/wp\/v2\/posts\/643559\/revisions"}],"wp:featuredmedia":[{"embeddable":true,"href":"https:\/\/www.europesays.com\/es\/wp-json\/wp\/v2\/media\/643560"}],"wp:attachment":[{"href":"https:\/\/www.europesays.com\/es\/wp-json\/wp\/v2\/media?parent=643559"}],"wp:term":[{"taxonomy":"category","embeddable":true,"href":"https:\/\/www.europesays.com\/es\/wp-json\/wp\/v2\/categories?post=643559"},{"taxonomy":"post_tag","embeddable":true,"href":"https:\/\/www.europesays.com\/es\/wp-json\/wp\/v2\/tags?post=643559"}],"curies":[{"name":"wp","href":"https:\/\/api.w.org\/{rel}","templated":true}]}}