{"id":643868,"date":"2026-07-06T06:38:15","date_gmt":"2026-07-06T06:38:15","guid":{"rendered":"https:\/\/www.europesays.com\/es\/643868\/"},"modified":"2026-07-06T06:38:15","modified_gmt":"2026-07-06T06:38:15","slug":"el-record-de-sergi-garcia-con-el-casademont-zaragoza-que-le-arrebato-jilson-bango","status":"publish","type":"post","link":"https:\/\/www.europesays.com\/es\/643868\/","title":{"rendered":"El r\u00e9cord de Sergi Garc\u00eda con el Casademont Zaragoza que le arrebat\u00f3 Jilson Bango"},"content":{"rendered":"<p class=\"ft-text\">Regresa <strong>Sergi Garc\u00eda a Zaragoza. Un jugador que, en su momento, entr\u00f3 en la historia del club aragon\u00e9s<\/strong>. Porque el base, que lleg\u00f3 como una gran promesa a la cantera del Casademont, creci\u00f3 mucho en el Pr\u00edncipe Felipe y su buen hacer llam\u00f3 la atenci\u00f3n de muchos equipos, aunque el que acab\u00f3 apostando por su incorporaci\u00f3n fue el Valencia Basket. <\/p>\n<p class=\"ft-text\">Y lo hizo muy fuerte, tanto <strong>como para pagar alrededor de 350.000 euros al Tecnyconta Zaragoza por hacerse con sus servicios en el a\u00f1o 2017 pagando la cl\u00e1usula de rescisi\u00f3n<\/strong>. Esa cantidad era por aquel entonces la m\u00e1s alta que nunca hab\u00edan recibido en las oficinas del Pr\u00edncipe Felipe por un jugador. Un r\u00e9cord que tard\u00f3 muchos a\u00f1os en superarse hasta que el Fenerbahce tir\u00f3 la casa por la ventana para fichar en medio de la temporada 24-25 a Jilson Bango. Los turcos abonaron un total de 950.000 euros, una cifra muy lejana de los traspasos que habitualmente ha protagonizado el club zaragozano.<\/p>\n<p><img decoding=\"async\" src=\"https:\/\/www.europesays.com\/es\/wp-content\/uploads\/2026\/07\/996068dd-50b6-4069-bf18-8cf12c084be2_alta-libre-aspect-ratio_default_0_x600y225.jpg\" width=\"1200\" height=\"675\" alt=\"Sergi Garc\u00eda\" class=\"ft-helper-img-rd\" loading=\"lazy\" fetchpriority=\"auto\"\/><\/p>\n<p class=\"ft-helper-fontColor-quaternary ft-helper-fontSize-body-S ft-helper-spacer-t-xxs\">Sergi Garc\u00eda  \/ Estudiantes<\/p>\n<p class=\"ft-text\">De hecho, los 350.000 euros de Sergi Garc\u00eda siguen siendo la segunda cifra m\u00e1s alta que ha recibido el Casademont. El siguiente en la lista e<strong>s Giannis Antetokounmpo gracias a la curiosa historia de su llegada frustrada a Zaragoza porque el club  vendi\u00f3 a los Milwaukee Bucks por 1.000.000 de d\u00f3lares <\/strong>(758.100 euros al cambio del 23 de julio del 2013, d\u00eda de la firma del contrato). El club hab\u00eda pagado un total de 275.810 euros por los derechos del jugador griego al Filatilikos tras la firma de varios contratos y acab\u00f3 consignando 301.000 euros de beneficios en las cuentas de esa temporada.<\/p>\n<p>M\u00e1s casos<\/p>\n<p class=\"ft-text\">Hay muchos casos m\u00e1s. Da<strong>mjan Rudez hizo efectivo su buy out de 300.000 euros para marcharse a la NBA en 2014.<\/strong> El Valencia pag\u00f3 225.000 por Jaime Pradilla en 2020 y el FC Barcelona, 200.000 por Jaime Fern\u00e1ndez en 2018. Los canteranos han dejado un r\u00e9dito econ\u00f3mico en las arcas de la entidad. El Real Madrid pag\u00f3 150.000 euros por hacerse con Carlos Aloc\u00e9n y la salida de Vit Krejci a Oklahoma tambi\u00e9n dej\u00f3 un traspaso. El club aragon\u00e9s ha obtenido varios traspasos en sus 16 temporadas en la ACB. En 2012 el Real Madrid pag\u00f3 100.000 euros por Hettsheimeir y el Baskonia, 30.000 por Carlos Cabezas. En 2013 el Valencia se llev\u00f3 a Pablo Aguilar por 150.000 euros y a Sam Van Rossom por 100.000. En 2014 Gio Shermadini tampoco acab\u00f3 la temporada, el Olympiacos se reforz\u00f3 con \u00e9l por 100.000 euros.<\/p>\n<p><img decoding=\"async\" src=\"https:\/\/www.europesays.com\/es\/wp-content\/uploads\/2026\/07\/2029084f-cb8d-48e3-9f72-bce01a4ca0f4_alta-libre-aspect-ratio_default_0_x450y200.jpg\" width=\"1200\" height=\"800\" alt=\"Sergi Garc\u00eda\" class=\"ft-helper-img-rd\" loading=\"lazy\" fetchpriority=\"auto\"\/><\/p>\n<p class=\"ft-helper-fontColor-quaternary ft-helper-fontSize-body-S ft-helper-spacer-t-xxs\">Sergi Garc\u00eda  \/ ACB PHOTO<\/p>\n<p class=\"ft-text\">Ha habido incluso varios casos de jugadores que dejaron un traspaso sin llegar a vestir la camiseta del equipo aragon\u00e9s. El primero fue Veremeenko en el verano de 2014, que se fue al Banvit por 100.000 euros, en 2016 ocurri\u00f3 con Larentzakis, que dej\u00f3 25.000 euros del AEK de Atenas y hace un par de a\u00f1os<strong> con Leo Meindl y Jordan Morgan, que rescindieron su contrato con el club antes siquiera de pisar Zaragoza <\/strong>sin que las cantidades de esas rupturas trascendieran.<\/p>\n","protected":false},"excerpt":{"rendered":"Regresa Sergi Garc\u00eda a Zaragoza. Un jugador que, en su momento, entr\u00f3 en la historia del club aragon\u00e9s.&hellip;\n","protected":false},"author":2,"featured_media":643869,"comment_status":"","ping_status":"","sticky":false,"template":"","format":"standard","meta":{"footnotes":""},"categories":[269],"tags":[299,298,2511,168,25,24,3142,4722,3441,23,167,491],"class_list":["post-643868","post","type-post","status-publish","format-standard","has-post-thumbnail","category-baloncesto","tag-baloncesto","tag-basketball","tag-casademont","tag-deportes","tag-es","tag-espana","tag-garcia","tag-record","tag-sergi","tag-spain","tag-sports","tag-zaragoza"],"share_on_mastodon":{"url":"https:\/\/pubeurope.com\/@es\/116871660897189147","error":""},"_links":{"self":[{"href":"https:\/\/www.europesays.com\/es\/wp-json\/wp\/v2\/posts\/643868","targetHints":{"allow":["GET"]}}],"collection":[{"href":"https:\/\/www.europesays.com\/es\/wp-json\/wp\/v2\/posts"}],"about":[{"href":"https:\/\/www.europesays.com\/es\/wp-json\/wp\/v2\/types\/post"}],"author":[{"embeddable":true,"href":"https:\/\/www.europesays.com\/es\/wp-json\/wp\/v2\/users\/2"}],"replies":[{"embeddable":true,"href":"https:\/\/www.europesays.com\/es\/wp-json\/wp\/v2\/comments?post=643868"}],"version-history":[{"count":0,"href":"https:\/\/www.europesays.com\/es\/wp-json\/wp\/v2\/posts\/643868\/revisions"}],"wp:featuredmedia":[{"embeddable":true,"href":"https:\/\/www.europesays.com\/es\/wp-json\/wp\/v2\/media\/643869"}],"wp:attachment":[{"href":"https:\/\/www.europesays.com\/es\/wp-json\/wp\/v2\/media?parent=643868"}],"wp:term":[{"taxonomy":"category","embeddable":true,"href":"https:\/\/www.europesays.com\/es\/wp-json\/wp\/v2\/categories?post=643868"},{"taxonomy":"post_tag","embeddable":true,"href":"https:\/\/www.europesays.com\/es\/wp-json\/wp\/v2\/tags?post=643868"}],"curies":[{"name":"wp","href":"https:\/\/api.w.org\/{rel}","templated":true}]}}