{"id":643900,"date":"2026-07-06T07:06:18","date_gmt":"2026-07-06T07:06:18","guid":{"rendered":"https:\/\/www.europesays.com\/es\/643900\/"},"modified":"2026-07-06T07:06:18","modified_gmt":"2026-07-06T07:06:18","slug":"la-tdt-se-renueva-a-partir-de-esta-fecha-llega-un-nuevo-canal-y-las-emisiones-en-ultra-alta-definicion","status":"publish","type":"post","link":"https:\/\/www.europesays.com\/es\/643900\/","title":{"rendered":"La TDT se renueva a partir de esta fecha: llega un nuevo canal y las emisiones en ultra alta definici\u00f3n"},"content":{"rendered":"<p class=\"c-paragraph\"><b\/><b>La programaci\u00f3n del canal Siete de la TDT podr\u00e1 arrancar el pr\u00f3ximo 5 de noviembre<\/b> cuando se abra su espacio en el espectro radioel\u00e9ctrico, coincidiendo tambi\u00e9n con el inicio de las emisiones de la TDT en ultra alta definici\u00f3n.<\/p>\n<p class=\"c-paragraph\">Tras darse a conocer la llegada de este canal a la televisi\u00f3n digital terrestre <a href=\"https:\/\/www.20minutos.es\/tecnologia\/actualidad\/tdt-estrena-nuevo-canal-antes-tiempo-guarda-sorpresa-lanzamiento_7001637_0.html\" rel=\"nofollow noopener\" target=\"_blank\">a finales de junio<\/a>, recientemente, el Ministerio para la Transformaci\u00f3n Digital y de la Funci\u00f3n P\u00fablica ha dado a conocer en un<a href=\"https:\/\/digital.gob.es\/comunicacion\/notas-prensa\/secretaria-estado-telecomunicaciones-e-infraestructuras-digitales\/2026\/07\/el-proximo-5-de-noviembre-comenzara-la-emision-de-los-canales-de\" rel=\"nofollow noreferrer noopener\" target=\"_blank\"> comunicado oficial <\/a>que la parrilla de la cadena de televisi\u00f3n Siete tendr\u00e1 que estar disponible para los espectadores \u00absiempre antes del 27 de noviembre\u00bb, teniendo en cuenta que<b> la duraci\u00f3n de la licencia ser\u00e1 de quince a\u00f1os<\/b> y ser\u00e1 susceptible de renovaci\u00f3n por el mismo plazo, siempre que se cumplan los requisitos previstos en la Ley 13\/2022.<\/p>\n<p class=\"c-paragraph\">Con este despliegue, el Gobierno hace posible una <b>oferta audiovisual con mayor n\u00famero de contenidos y m\u00e1s diferenciada<\/b>, fomentando la innovaci\u00f3n tecnol\u00f3gica y ofreciendo servicios de TDT de mayor calidad.<\/p>\n<p>Llega el nuevo est\u00e1ndar DVB-T2 a la TDT<\/p>\n<p class=\"c-paragraph\"><b\/>El Ministerio para la Transformaci\u00f3n Digital y de la Funci\u00f3n P\u00fablica tambi\u00e9n somete a audiencia p\u00fablica una resoluci\u00f3n que, cuando se apruebe, pondr\u00e1 en marcha la<b> implantaci\u00f3n del nuevo est\u00e1ndar tecnol\u00f3gico DVB-T2<\/b> (Digital Video Broadcasting \u2013 Terrestrial 2, por su significado) en el servicio de la TDT.<\/p>\n<p class=\"c-paragraph\">Esta innovaci\u00f3n <b>permite emisiones en ultra alta definici\u00f3n (UHD) para ofrecer<\/b><b> mayor nitidez y calidad tanto de imagen como de sonido<\/b>, de esta manera, seg\u00fan el departamento dirigido por \u00d3scar L\u00f3pez, \u00ablos prestadores de TDT podr\u00e1n competir con otras plataformas o servicios audiovisuales que utilizan otras redes de transmisi\u00f3n, como el sat\u00e9lite o la televisi\u00f3n por internet, que ya emiten en UHD\u00bb. Adem\u00e1s, la tecnolog\u00eda DVB-T2 permitir\u00e1 un <b>uso m\u00e1s eficiente del espectro radioel\u00e9ctrico<\/b>.<\/p>\n<p>\u00bfCu\u00e1ndo se har\u00e1n oficiales estos cambios?<\/p>\n<p class=\"c-paragraph\"><b\/>Acorde a la informaci\u00f3n compartida por el Ministerio para la Transformaci\u00f3n Digital y de la Funci\u00f3n P\u00fablica, en la <b>madrugada del 5 de noviembre<\/b> se realizar\u00e1 la redistribuci\u00f3n de los canales entre los diferentes m\u00faltiples digitales, al mismo tiempo que se habilitar\u00e1 la nueva tecnolog\u00eda DVB-T2 en los principales canales de TDT, que pasar\u00e1n a disponer de dos emisiones simult\u00e1neas \u2014es decir, una en HD y otra en UHD\u2014.<\/p>\n<p class=\"c-paragraph\">Tambi\u00e9n, ese mismo d\u00eda, <b>a partir de las 8 de la ma\u00f1ana, la ciudadan\u00eda deber\u00e1 sintonizar de nuevo la TDT <\/b>para disfrutar de las emisiones en UHD, as\u00ed como del nuevo canal y de todos los canales en su nueva posici\u00f3n.<\/p>\n<p class=\"c-paragraph\">En este punto, cabe mencionar que, <b>hasta que se haga una nueva sintonizaci\u00f3n, no se podr\u00e1n ver las nuevas emisiones en UHD<\/b>, pero la mayor\u00eda de los canales se podr\u00e1n seguir viendo como hasta ahora. No obstante, Clan, DKISS, A3Series, BeMad y Boing tendr\u00e1n que sintonizarse porque podr\u00edan verse en una ubicaci\u00f3n diferente del dial TDT o incluso dejar de verse.<\/p>\n<p class=\"c-paragraph\">Por otro lado, la audiencia tambi\u00e9n establece que las empresas afectadas por la redistribuci\u00f3n de canales est\u00e1n <b>obligadas a informar de los cambios que les afectan desde el pr\u00f3ximo 8 de septiembre<\/b>, para que la ciudadan\u00eda conozca con antelaci\u00f3n la necesidad de resintonizar sus televisores para disfrutar de las nuevas prestaciones de la TDT.<\/p>\n","protected":false},"excerpt":{"rendered":"La programaci\u00f3n del canal Siete de la TDT podr\u00e1 arrancar el pr\u00f3ximo 5 de noviembre cuando se abra&hellip;\n","protected":false},"author":2,"featured_media":643901,"comment_status":"","ping_status":"","sticky":false,"template":"","format":"standard","meta":{"footnotes":""},"categories":[171],"tags":[118594,118593,118596,146,147,25,24,68632,53553,118592,5294,23,2458,807,118595,214,104184,118597],"class_list":["post-643900","post","type-post","status-publish","format-standard","has-post-thumbnail","category-tv","tag-canal-siete","tag-canal-tdt","tag-dvb-t2","tag-entertainment","tag-entretenimiento","tag-es","tag-espana","tag-ministerio-para-la-transformacion-digital-y-de-la-funcion-publica","tag-noticias-de-tecnologia","tag-nuevo-canal-tdt","tag-siete","tag-spain","tag-tdt","tag-television","tag-television-digital-terrestre","tag-tv","tag-uhd","tag-ultra-alta-definicion"],"share_on_mastodon":{"url":"https:\/\/pubeurope.com\/@es\/116871770230512949","error":""},"_links":{"self":[{"href":"https:\/\/www.europesays.com\/es\/wp-json\/wp\/v2\/posts\/643900","targetHints":{"allow":["GET"]}}],"collection":[{"href":"https:\/\/www.europesays.com\/es\/wp-json\/wp\/v2\/posts"}],"about":[{"href":"https:\/\/www.europesays.com\/es\/wp-json\/wp\/v2\/types\/post"}],"author":[{"embeddable":true,"href":"https:\/\/www.europesays.com\/es\/wp-json\/wp\/v2\/users\/2"}],"replies":[{"embeddable":true,"href":"https:\/\/www.europesays.com\/es\/wp-json\/wp\/v2\/comments?post=643900"}],"version-history":[{"count":0,"href":"https:\/\/www.europesays.com\/es\/wp-json\/wp\/v2\/posts\/643900\/revisions"}],"wp:featuredmedia":[{"embeddable":true,"href":"https:\/\/www.europesays.com\/es\/wp-json\/wp\/v2\/media\/643901"}],"wp:attachment":[{"href":"https:\/\/www.europesays.com\/es\/wp-json\/wp\/v2\/media?parent=643900"}],"wp:term":[{"taxonomy":"category","embeddable":true,"href":"https:\/\/www.europesays.com\/es\/wp-json\/wp\/v2\/categories?post=643900"},{"taxonomy":"post_tag","embeddable":true,"href":"https:\/\/www.europesays.com\/es\/wp-json\/wp\/v2\/tags?post=643900"}],"curies":[{"name":"wp","href":"https:\/\/api.w.org\/{rel}","templated":true}]}}