{"id":64395,"date":"2025-08-22T10:07:09","date_gmt":"2025-08-22T10:07:09","guid":{"rendered":"https:\/\/www.europesays.com\/es\/64395\/"},"modified":"2025-08-22T10:07:09","modified_gmt":"2025-08-22T10:07:09","slug":"asi-fueron-los-ultimos-dias-de-gonzalo-miro-fichaje-sorpresa-de-tve-en-espejo-publico-y-mas-vale-tarde","status":"publish","type":"post","link":"https:\/\/www.europesays.com\/es\/64395\/","title":{"rendered":"as\u00ed fueron los \u00faltimos d\u00edas de Gonzalo Mir\u00f3, fichaje sorpresa de TVE, en &#8216;Espejo p\u00fablico&#8217; y &#8216;M\u00e1s vale tarde&#8217;"},"content":{"rendered":"<p><img loading=\"lazy\" decoding=\"async\" src=\"https:\/\/www.europesays.com\/es\/wp-content\/uploads\/2025\/08\/david.jpg\" itemtype=\"\/\/schema.org\/ImageObject\" itemprop=\"url\" alt=\"David Saiz\" width=\"64\" height=\"64\" pinger-seen=\"true\"\/><\/p>\n<p>El fichaje de Gonzalo Mir\u00f3 por TVE ha sacudido la televisi\u00f3n en las \u00faltimas horas. El colaborador ha firmado un contrato con la cadena p\u00fablica para copresentar, a partir de septiembre, Directo al grano, el nuevo programa de Marta Flich en La 1.<\/p>\n<p>El salto de Gonzalo Mir\u00f3 a la cadena p\u00fablica impedir\u00e1 que siga colaborando en los programas de Atresmedia donde ahora participaba, entre otros Espejo p\u00fablico y M\u00e1s vale tarde. Curiosamente, el tertuliano estuvo en este \u00faltimo programa este mismo jueves, el d\u00eda que se anunci\u00f3 su flamante fichaje por RTVE. De hecho,<b> <a href=\"https:\/\/www.eleconomista.es\/informalia\/television\/noticias\/13513569\/08\/25\/gonzalo-miro-nueva-pareja-de-marta-flich-en-tve-el-tertuliano-regresa-a-la-publica-para-copresentar-directo-al-grano.html\" title=\"Gonzalo Mir\u00f3 acompa\u00f1ar\u00e1 a Marta Flich en TVE: el hijo de la fallecida directora de cine regresa a la p\u00fablica para copresentar &#039;Directo al grano&#039;\" rel=\"nofollow noopener\" target=\"_blank\">la noticia salt\u00f3 poco despu\u00e9s de que el magac\u00edn de La Sexta terminase<\/a>.<\/b><\/p>\n<p>Gonzalo Mir\u00f3 comparti\u00f3 su \u00faltimo d\u00eda en M\u00e1s vale tarde con Marina Vald\u00e9s, la presentadora del programa durante el verano, y otros colaboradores que, como \u00e9l mismo destac\u00f3, ten\u00edan algo en com\u00fan: todos eran calvos. Esta situaci\u00f3n sirvi\u00f3 para que <b>Mir\u00f3 bromease con el \u00abahorro\u00bb que hab\u00edan supuesto en peluquer\u00eda.<\/b><\/p>\n<p>\u00abOs hab\u00e9is ganado el sueldo porque hab\u00e9is venido y hab\u00e9is estado fenomenal\u00bb, les dijo la presentadora en la despedida del programa. <b>\u00abEn la peluquer\u00eda no nos lo vamos a gastar\u00bb<\/b>, solt\u00f3 Mir\u00f3 entre risas. \u00abGracias por venir\u00bb, a\u00f1adi\u00f3 Vald\u00e9s, que antes de terminar se llev\u00f3 un halago por parte de Mir\u00f3. \u00abBien llevado\u00bb, le dijo el tertuliano sobre su labor como moderadora de la tertulia que acaban de tener. Minutos despu\u00e9s, como dec\u00edamos, se hizo p\u00fablico el fichaje de Mir\u00f3 por RTVE.<\/p>\n<p>Enganch\u00f3n de Gonzalo Mir\u00f3 en &#8216;Espejo p\u00fablico&#8217;<\/p>\n<p>Este final de Mir\u00f3 en La Sexta nada tiene que ver con su \u00faltima intervenci\u00f3n en Espejo p\u00fablico, el mi\u00e9rcoles por la ma\u00f1ana. En esa ocasi\u00f3n, fue mucho m\u00e1s tensa, porque<b> <a href=\"https:\/\/www.eleconomista.es\/informalia\/television\/noticias\/13513002\/08\/25\/gonzalo-miro-se-la-juega-al-presentador-de-espejo-publico-en-el-ultimo-momento-con-una-pulla-que-no-esperaba.html\" title=\"Gonzalo Mir\u00f3 se la juega al presentador de &#039;Espejo p\u00fablico&#039; en el \u00faltimo momento con una pulla que no esperaba\" rel=\"nofollow noopener\" target=\"_blank\">el colaborador protagoniz\u00f3 un encontronazo con Miquel Valls, como hemos contado<\/a>.<\/b> Mir\u00f3 reproch\u00f3 a Espejo p\u00fablico que en el programa solo se hablase de Pedro S\u00e1nchez y que no reclamase responsabilidades a los presidentes auton\u00f3micos por la gesti\u00f3n de los incendios.<\/p>\n<p><b>\u00ab\u00bfPero t\u00fa vas a aprovechar el \u00faltimo minuto para ganar la partida? \u00bfO para intentar ganar una partida? <\/b>En el momento de despide&#8230;\u00bb, le reproch\u00f3 el presentador. \u00ab\u00bfHemos hablado de alg\u00fan presidente auton\u00f3mico en la mesa en la que hemos estado debatiendo sobre la responsabilidad de los incendios?\u00bb, pregunt\u00f3 Mir\u00f3, que insisti\u00f3 en que el programa solo hab\u00eda \u00abmencionado a Pedro S\u00e1nchez y \u00d3scar Puente\u00bb. \u00ab\u00a1Los incendios de S\u00e1nchez!\u00bb, solt\u00f3 indignado.<\/p>\n<p>Ese enganch\u00f3n se produjo al final de la secci\u00f3n que presentaba Valls, quien no pudo mantener mucho tiempo la discusi\u00f3n. \u00abEste es un debate absurdo que no lleva a ninguna parte. Gracias por estar esta ma\u00f1ana con nosotros\u00bb, intent\u00f3 resolver el presentador. A Mir\u00f3 no le gust\u00f3 que Valls le &#8216;despachara&#8217; de esa manera y as\u00ed lo manifest\u00f3: <b>\u00abEso, venga, buenas noches, Miquel\u00bb.<\/b><\/p>\n<p>WhatsApp<a href=\"https:\/\/api.whatsapp.com\/send?text=https:\/\/www.eleconomista.es\/informalia\/television\/noticias\/13513799\/08\/25\/una-bronca-y-una-despedida-entre-bromas-asi-fueron-los-ultimos-dias-de-gonzalo-miro-fichaje-sorpresa-de-tve-en-espejo-publico-y-mas-vale-tarde.html?utm_source%3Dwhatsapp%26utm_medium%3Dshare_button&amp;id=1648118629957_whatsapp\" target=\"_blank\" data-action=\"share\/whatsapp\/share\" aria-label=\"Compartir en Whatsapp\" rel=\"nofollow noopener\"><\/a>Facebook<a id=\"fb-share\" href=\"#\" target=\"_blank\" rel=\"noopener noreferrer\" aria-label=\"Compartir en Facebook\"><\/a>Twitter<a href=\"https:\/\/twitter.com\/share?text=Una+bronca+y+una+despedida+entre+bromas%3A+as%C3%AD+fueron+los+%C3%BAltimos+d%C3%ADas+de+Gonzalo+Mir%C3%B3%2C+fichaje+sorpresa+de+TVE%2C+en+%27Espejo+p%C3%BAblico%27+y+%27M%C3%A1s+vale+tarde%27&amp;url=https:\/\/www.eleconomista.es\/informalia\/television\/noticias\/13513799\/08\/25\/una-bronca-y-una-despedida-entre-bromas-asi-fueron-los-ultimos-dias-de-gonzalo-miro-fichaje-sorpresa-de-tve-en-espejo-publico-y-mas-vale-tarde.html&amp;via=Informalia&amp;id=1648118839245_twitter\" target=\"_blank\" aria-label=\"Compartir en Twitter\" rel=\"nofollow noopener\"><\/a>Linkedin<a onclick=\"return abrirLinkedin();\" href=\"https:\/\/www.linkedin.com\/shareArticle?text=Una+bronca+y+una+despedida+entre+bromas%3A+as%C3%AD+fueron+los+%C3%BAltimos+d%C3%ADas+de+Gonzalo+Mir%C3%B3%2C+fichaje+sorpresa+de+TVE%2C+en+%27Espejo+p%C3%BAblico%27+y+%27M%C3%A1s+vale+tarde%27&amp;url=https:\/\/www.eleconomista.es\/informalia\/television\/noticias\/13513799\/08\/25\/una-bronca-y-una-despedida-entre-bromas-asi-fueron-los-ultimos-dias-de-gonzalo-miro-fichaje-sorpresa-de-tve-en-espejo-publico-y-mas-vale-tarde.html&amp;mini=true\" target=\"_blank\" aria-label=\"Compartir en linkedin\" rel=\"nofollow noopener\"><\/a>Beloud<a href=\"https:\/\/beloud.com\/share?text=Una+bronca+y+una+despedida+entre+bromas%3A+as%C3%AD+fueron+los+%C3%BAltimos+d%C3%ADas+de+Gonzalo+Mir%C3%B3%2C+fichaje+sorpresa+de+TVE%2C+en+%27Espejo+p%C3%BAblico%27+y+%27M%C3%A1s+vale+tarde%27&amp;url=https:\/\/www.eleconomista.es\/informalia\/television\/noticias\/13513799\/08\/25\/una-bronca-y-una-despedida-entre-bromas-asi-fueron-los-ultimos-dias-de-gonzalo-miro-fichaje-sorpresa-de-tve-en-espejo-publico-y-mas-vale-tarde.html&amp;via=Informalia&amp;id=1648118839245_beloud\" target=\"_blank\" aria-label=\"Compartir en beloud\" rel=\"nofollow noopener\"><\/a>Bluesky<a href=\"https:\/\/bsky.app\/intent\/compose?text=https:\/\/bsky.app\/intent\/compose?text=https:\/\/www.eleconomista.es\/informalia\/television\/noticias\/13513799\/08\/25\/una-bronca-y-una-despedida-entre-bromas-asi-fueron-los-ultimos-dias-de-gonzalo-miro-fichaje-sorpresa-de-tve-en-espejo-publico-y-mas-vale-tarde.html&amp;url=https:\/\/www.eleconomista.es\/informalia\/television\/noticias\/13513799\/08\/25\/una-bronca-y-una-despedida-entre-bromas-asi-fueron-los-ultimos-dias-de-gonzalo-miro-fichaje-sorpresa-de-tve-en-espejo-publico-y-mas-vale-tarde.html&amp;via=elEconomistaes&amp;id=1648118839245_bluesky\" target=\"_blank\" aria-label=\"Compartir en bluesky\" rel=\"nofollow noopener\"><\/a><\/p>\n<p><script async src=\"https:\/\/platform.twitter.com\/widgets.js\" charset=\"utf-8\"><\/script><\/p>\n","protected":false},"excerpt":{"rendered":"El fichaje de Gonzalo Mir\u00f3 por TVE ha sacudido la televisi\u00f3n en las \u00faltimas horas. El colaborador ha&hellip;\n","protected":false},"author":2,"featured_media":64396,"comment_status":"","ping_status":"","sticky":false,"template":"","format":"standard","meta":{"footnotes":""},"categories":[171],"tags":[146,147,25,24,23,807,214],"class_list":{"0":"post-64395","1":"post","2":"type-post","3":"status-publish","4":"format-standard","5":"has-post-thumbnail","7":"category-tv","8":"tag-entertainment","9":"tag-entretenimiento","10":"tag-es","11":"tag-espana","12":"tag-spain","13":"tag-television","14":"tag-tv"},"share_on_mastodon":{"url":"","error":""},"_links":{"self":[{"href":"https:\/\/www.europesays.com\/es\/wp-json\/wp\/v2\/posts\/64395","targetHints":{"allow":["GET"]}}],"collection":[{"href":"https:\/\/www.europesays.com\/es\/wp-json\/wp\/v2\/posts"}],"about":[{"href":"https:\/\/www.europesays.com\/es\/wp-json\/wp\/v2\/types\/post"}],"author":[{"embeddable":true,"href":"https:\/\/www.europesays.com\/es\/wp-json\/wp\/v2\/users\/2"}],"replies":[{"embeddable":true,"href":"https:\/\/www.europesays.com\/es\/wp-json\/wp\/v2\/comments?post=64395"}],"version-history":[{"count":0,"href":"https:\/\/www.europesays.com\/es\/wp-json\/wp\/v2\/posts\/64395\/revisions"}],"wp:featuredmedia":[{"embeddable":true,"href":"https:\/\/www.europesays.com\/es\/wp-json\/wp\/v2\/media\/64396"}],"wp:attachment":[{"href":"https:\/\/www.europesays.com\/es\/wp-json\/wp\/v2\/media?parent=64395"}],"wp:term":[{"taxonomy":"category","embeddable":true,"href":"https:\/\/www.europesays.com\/es\/wp-json\/wp\/v2\/categories?post=64395"},{"taxonomy":"post_tag","embeddable":true,"href":"https:\/\/www.europesays.com\/es\/wp-json\/wp\/v2\/tags?post=64395"}],"curies":[{"name":"wp","href":"https:\/\/api.w.org\/{rel}","templated":true}]}}