{"id":643994,"date":"2026-07-06T08:27:14","date_gmt":"2026-07-06T08:27:14","guid":{"rendered":"https:\/\/www.europesays.com\/es\/643994\/"},"modified":"2026-07-06T08:27:14","modified_gmt":"2026-07-06T08:27:14","slug":"ultima-hora-del-incendio-forestal-en-soneja-castellon-en-directo-sigue-las-ultimas-noticias-del-fuego-que-arrasa-la-serra-despada","status":"publish","type":"post","link":"https:\/\/www.europesays.com\/es\/643994\/","title":{"rendered":"\u00daltima hora del incendio forestal en Soneja (Castell\u00f3n), en directo: sigue las \u00faltimas noticias del fuego que arrasa la Serra d&#8217;Espad\u00e0"},"content":{"rendered":"<p class=\"ft-text\">Bernab\u00e9: \u00abDesde luego no parece que sean causas naturales, por lo tanto, vamos a seguir investigando\u00bb<\/p>\n<p class=\"ft-text\">El foco del incendio declarado en la localidad castellonense de Soneja est\u00e1 \u00abmuy localizado\u00bb con lo que, seg\u00fan ha indicado la delegada del Gobierno en la Comunitat\u00a0Valenciana, Pilar Bernab\u00e9, \u00abno parece que se deba a causas naturales\u00bb. En cualquier caso, el Seprona de la Guardia Civil investiga las causas.<\/p>\n<p class=\"ft-text\">Bernab\u00e9 se ha pronunciado en estos t\u00e9rminos en declaraciones a los medios de comunicaci\u00f3n en relaci\u00f3n con el incendio declarado ayer en Soneja.<\/p>\n<p class=\"ft-text\">La delegada ha manifestado que, en cuanto al origen, el Seprona est\u00e1 investigando. \u00abLo que s\u00ed podemos decir es que est\u00e1 muy localizado el foco, por lo tanto, es f\u00e1cil que en las pr\u00f3ximas horas podamos tener m\u00e1s informaci\u00f3n\u00bb. \u00abDesde luego no parece que sean causas naturales, por lo tanto, vamos a seguir investigando\u00bb, ha a\u00f1adido.<\/p>\n<p class=\"ft-text\">Bernab\u00e9 tambi\u00e9n ha destacado la \u00abcolaboraci\u00f3n total\u00bb por parte del Gobierno de Espa\u00f1a para sofocar el fuego y ha indicado que la Unidad Militar de Emergencias (UME) se incorpor\u00f3 a primera hora de la tarde de ayer en las labores de control y extinci\u00f3n.<\/p>\n<p class=\"ft-text\">En este momento son m\u00e1s de 110 efectivos de la UME los que est\u00e1n trabajando sobre el terreno con 47 veh\u00edculos, ha a\u00f1adido la delegada. As\u00ed mismo, hay ocho medios a\u00e9reos del Gobierno sobre el terreno: \u00abVamos a seguir, sin alguna duda, todo el tiempo que sea necesario, con los recursos que sean necesarios, para poder acometer esta extinci\u00f3n lo antes posible\u00bb, ha subrayado.<\/p>\n<p class=\"ft-text\">\u00abSomos conscientes, como bien ha dicho el presidente, de que las pr\u00f3ximas horas son importantes, son cruciales, y especialmente los pr\u00f3ximos d\u00edas, que son d\u00edas de m\u00e1ximas temperaturas, en las que insistimos en concienciar a la ciudadan\u00eda, en cumplir todas y cada una de las indicaciones que se transmitan a trav\u00e9s de los canales oficiales\u00bb, ha reclamado.<\/p>\n","protected":false},"excerpt":{"rendered":"Bernab\u00e9: \u00abDesde luego no parece que sean causas naturales, por lo tanto, vamos a seguir investigando\u00bb El foco&hellip;\n","protected":false},"author":2,"featured_media":643995,"comment_status":"","ping_status":"","sticky":false,"template":"","format":"standard","meta":{"footnotes":""},"categories":[8],"tags":[17,18,3965,12189,19877,25,24,13,14,4513,11,18442,1458,48,19,20,9,10,15,16,1735,23,12,1885,1529,21,22],"class_list":["post-643994","post","type-post","status-publish","format-standard","has-post-thumbnail","category-espana","tag-breaking-news","tag-breakingnews","tag-castellon","tag-comunitat-valenciana","tag-desalojados","tag-es","tag-espana","tag-featured-news","tag-featurednews","tag-fuego","tag-headlines","tag-hectareas","tag-hora","tag-incendio","tag-latest-news","tag-latestnews","tag-news","tag-noticias","tag-noticias-destacadas","tag-noticiasdestacadas","tag-soneja","tag-spain","tag-titulares","tag-ultima","tag-ultima-hora","tag-ultimas-noticias","tag-ultimasnoticias"],"share_on_mastodon":{"url":"https:\/\/pubeurope.com\/@es\/116872088591237760","error":""},"_links":{"self":[{"href":"https:\/\/www.europesays.com\/es\/wp-json\/wp\/v2\/posts\/643994","targetHints":{"allow":["GET"]}}],"collection":[{"href":"https:\/\/www.europesays.com\/es\/wp-json\/wp\/v2\/posts"}],"about":[{"href":"https:\/\/www.europesays.com\/es\/wp-json\/wp\/v2\/types\/post"}],"author":[{"embeddable":true,"href":"https:\/\/www.europesays.com\/es\/wp-json\/wp\/v2\/users\/2"}],"replies":[{"embeddable":true,"href":"https:\/\/www.europesays.com\/es\/wp-json\/wp\/v2\/comments?post=643994"}],"version-history":[{"count":0,"href":"https:\/\/www.europesays.com\/es\/wp-json\/wp\/v2\/posts\/643994\/revisions"}],"wp:featuredmedia":[{"embeddable":true,"href":"https:\/\/www.europesays.com\/es\/wp-json\/wp\/v2\/media\/643995"}],"wp:attachment":[{"href":"https:\/\/www.europesays.com\/es\/wp-json\/wp\/v2\/media?parent=643994"}],"wp:term":[{"taxonomy":"category","embeddable":true,"href":"https:\/\/www.europesays.com\/es\/wp-json\/wp\/v2\/categories?post=643994"},{"taxonomy":"post_tag","embeddable":true,"href":"https:\/\/www.europesays.com\/es\/wp-json\/wp\/v2\/tags?post=643994"}],"curies":[{"name":"wp","href":"https:\/\/api.w.org\/{rel}","templated":true}]}}