{"id":644086,"date":"2026-07-06T09:47:15","date_gmt":"2026-07-06T09:47:15","guid":{"rendered":"https:\/\/www.europesays.com\/es\/644086\/"},"modified":"2026-07-06T09:47:15","modified_gmt":"2026-07-06T09:47:15","slug":"el-caceres-cierra-a-james-potier-un-anotador-belga-para-revolucionar-partidos","status":"publish","type":"post","link":"https:\/\/www.europesays.com\/es\/644086\/","title":{"rendered":"El C\u00e1ceres cierra a James Potier, un anotador belga para revolucionar partidos"},"content":{"rendered":"<p class=\"ft-text\">El <strong>C\u00e1ceres Patrimonio de la Humanidad tiene cerrado a James Potier<\/strong>, escolta belga procedente del Valle de Eg\u00fc\u00e9s, seg\u00fan puede adelantar este diario. El club verdinegro incorpora as\u00ed a un jugador exterior con puntos en las manos, capacidad para cambiar ritmos y un perfil que gusta mucho en el Multiusos por sus caracter\u00edsticas como <strong>anotador y revolucionador de partidos<\/strong>.<\/p>\n<p>Un exterior con puntos<\/p>\n<p class=\"ft-text\">Potier, de <strong>1,85 metros<\/strong> y nacido el 31 de diciembre de 1998, llega despu\u00e9s de completar una notable temporada en Segunda FEB con el Castillo de Gorraiz Valle de Eg\u00fc\u00e9s. En la fase regular disput\u00f3 24 partidos, con una media de <strong>15,8 puntos, 2,5 rebotes, 2,2 asistencias, 1,8 recuperaciones y 11,4 de valoraci\u00f3n<\/strong> en algo m\u00e1s de 25 minutos por encuentro. Si se suman tambi\u00e9n sus apariciones en Copa Espa\u00f1a, sus registros fueron de <strong>15,6 puntos en 27 partidos. Gusta mucho tanto al entrenador, Jacinto Carbajal, como al director general y deportivo, Luis Parejo.<\/strong><\/p>\n<p class=\"ft-text\">Su actuaci\u00f3n m\u00e1s destacada lleg\u00f3 en la jornada 11, en la victoria del Castillo de Gorraiz Valle de Eg\u00fc\u00e9s en la pista del C\u00edrculo Gij\u00f3n por <strong>95-98<\/strong>. Potier firm\u00f3 entonces <strong>27 puntos, 6 rebotes, 8 asistencias, 3 recuperaciones y 33 de valoraci\u00f3n<\/strong>, n\u00fameros que le valieron para ser elegido <strong>MVP de la jornada<\/strong> en Segunda FEB. La FEB destac\u00f3 aquella actuaci\u00f3n como la mejor de su carrera en territorio nacional y subray\u00f3 que supuso \u201cun soplo de aire fresco\u201d para su equipo.<\/p>\n<p class=\"ft-text\">El nuevo jugador del C\u00e1ceres es, sobre todo, un exterior agresivo, vertical y con capacidad para generar desde el bote. <strong>Pese a estar por debajo de los est\u00e1ndares en altura para esa posici\u00f3n, se trata principalmente de un escolta que tambi\u00e9n puede asumir minutos como base<\/strong>, una versatilidad que el club valora especialmente para completar la l\u00ednea exterior. En ese sentido, su llegada recuerda en cierto modo al papel que tuvo <strong>Lance Amir Paul<\/strong> la pasada campa\u00f1a: un jugador capaz de salir desde el banquillo o aparecer en determinados tramos para acelerar el partido, aportar amenaza ofensiva y romper din\u00e1micas.<\/p>\n<p><img decoding=\"async\" src=\"https:\/\/www.europesays.com\/es\/wp-content\/uploads\/2026\/07\/327f266d-9a4e-4d3c-8af1-d8af2838848a_alta-libre-aspect-ratio_default_0_x537y400.jpg\" width=\"1200\" height=\"1341\" alt=\"Entrada a canasta de Potier con el Liege de su pa\u00eds.\" class=\"ft-helper-img-rd\" loading=\"lazy\" fetchpriority=\"auto\"\/><\/p>\n<p class=\"ft-helper-fontColor-quaternary ft-helper-fontSize-body-S ft-helper-spacer-t-xxs\">Entrada a canasta de Potier con el Liege de su pa\u00eds.  \/ E. P.<\/p>\n<p>Experiencia en Espa\u00f1a<\/p>\n<p class=\"ft-text\">Formado en el baloncesto belga, Potier pas\u00f3 por el Li\u00e8ge Basket, con experiencia en la m\u00e1xima categor\u00eda de su pa\u00eds y en la BNXT League, antes de asentarse en Espa\u00f1a. Su primera parada fue el Calvo Basket Xiria, donde ya dej\u00f3 cifras llamativas en la entonces Liga EBA, con <strong>16,4 puntos, 4,7 rebotes y 2,8 asistencias por partido<\/strong>. Despu\u00e9s continu\u00f3 su crecimiento en el Huelva Comercio y esta \u00faltima temporada dio otro paso adelante en el Valle de Eg\u00fc\u00e9s, <strong>pese al descenso del conjunto navarro<\/strong>, ya en Segunda FEB.<\/p>\n<p class=\"ft-text\">Su incorporaci\u00f3n ampl\u00eda una plantilla que va tomando forma para el nuevo curso. El C\u00e1ceres ya tiene renovados a <a class=\"ft-link ft-link--decoration\" href=\"https:\/\/www.elperiodicoextremadura.com\/deportes\/2026\/07\/01\/albert-lafuente-seguira-llevando-timon-131999363.html\" target=\"_blank\" rel=\"nofollow noopener\"><strong>Albert Lafuente<\/strong><\/a><strong>, <\/strong><a class=\"ft-link ft-link--decoration\" href=\"https:\/\/www.elperiodicoextremadura.com\/deportes\/2026\/06\/25\/kalinicenko-confirma-continuara-caceres-131819288.html\" target=\"_blank\" rel=\"nofollow noopener\"><strong>Erikas Kalinicenko<\/strong><\/a><strong> y <\/strong><a class=\"ft-link ft-link--decoration\" href=\"https:\/\/www.elperiodicoextremadura.com\/deportes\/2026\/06\/30\/pol-campeny-segunda-renovacion-caceres-131986740.html\" target=\"_blank\" rel=\"nofollow noopener\">Pol Campeny<\/a>, tres piezas de continuidad para el proyecto, y ha cerrado tambi\u00e9n los fichajes de <a class=\"ft-link ft-link--decoration\" href=\"https:\/\/www.elperiodicoextremadura.com\/deportes\/2026\/07\/02\/caceres-ficha-volodymyr-orlov-cubrir-132062448.html\" target=\"_blank\" rel=\"nofollow noopener\">Vladimir Orlov <\/a>y<a class=\"ft-link ft-link--decoration\" href=\"https:\/\/www.elperiodicoextremadura.com\/deportes\/2026\/06\/28\/luis-garcia-continuara-caceres-131899989.html\" target=\"_blank\" rel=\"nofollow noopener\"> Jos\u00e9 Antonio Nve Maleva<\/a>. Potier se suma ahora a esa construcci\u00f3n como una apuesta exterior con capacidad para anotar, acelerar el juego y ofrecer minutos tanto de escolta como de base.<\/p>\n","protected":false},"excerpt":{"rendered":"El C\u00e1ceres Patrimonio de la Humanidad tiene cerrado a James Potier, escolta belga procedente del Valle de Eg\u00fc\u00e9s,&hellip;\n","protected":false},"author":2,"featured_media":644087,"comment_status":"","ping_status":"","sticky":false,"template":"","format":"standard","meta":{"footnotes":""},"categories":[269],"tags":[8940,299,298,3975,3976,500,168,25,24,13783,22025,3977,23,167],"class_list":["post-644086","post","type-post","status-publish","format-standard","has-post-thumbnail","category-baloncesto","tag-anotador","tag-baloncesto","tag-basketball","tag-caceres","tag-caceres-basket","tag-cierra","tag-deportes","tag-es","tag-espana","tag-james","tag-potier","tag-segunda-feb","tag-spain","tag-sports"],"share_on_mastodon":{"url":"https:\/\/pubeurope.com\/@es\/116872403943895671","error":""},"_links":{"self":[{"href":"https:\/\/www.europesays.com\/es\/wp-json\/wp\/v2\/posts\/644086","targetHints":{"allow":["GET"]}}],"collection":[{"href":"https:\/\/www.europesays.com\/es\/wp-json\/wp\/v2\/posts"}],"about":[{"href":"https:\/\/www.europesays.com\/es\/wp-json\/wp\/v2\/types\/post"}],"author":[{"embeddable":true,"href":"https:\/\/www.europesays.com\/es\/wp-json\/wp\/v2\/users\/2"}],"replies":[{"embeddable":true,"href":"https:\/\/www.europesays.com\/es\/wp-json\/wp\/v2\/comments?post=644086"}],"version-history":[{"count":0,"href":"https:\/\/www.europesays.com\/es\/wp-json\/wp\/v2\/posts\/644086\/revisions"}],"wp:featuredmedia":[{"embeddable":true,"href":"https:\/\/www.europesays.com\/es\/wp-json\/wp\/v2\/media\/644087"}],"wp:attachment":[{"href":"https:\/\/www.europesays.com\/es\/wp-json\/wp\/v2\/media?parent=644086"}],"wp:term":[{"taxonomy":"category","embeddable":true,"href":"https:\/\/www.europesays.com\/es\/wp-json\/wp\/v2\/categories?post=644086"},{"taxonomy":"post_tag","embeddable":true,"href":"https:\/\/www.europesays.com\/es\/wp-json\/wp\/v2\/tags?post=644086"}],"curies":[{"name":"wp","href":"https:\/\/api.w.org\/{rel}","templated":true}]}}