{"id":644092,"date":"2026-07-06T09:52:09","date_gmt":"2026-07-06T09:52:09","guid":{"rendered":"https:\/\/www.europesays.com\/es\/644092\/"},"modified":"2026-07-06T09:52:09","modified_gmt":"2026-07-06T09:52:09","slug":"rtve-agita-su-programacion-este-lunes-asi-queda-la-parrilla-con-cambios-para-mananeros-360-y-directo-al-grano","status":"publish","type":"post","link":"https:\/\/www.europesays.com\/es\/644092\/","title":{"rendered":"RTVE agita su programaci\u00f3n este lunes: as\u00ed queda la parrilla, con cambios para &#8216;Ma\u00f1aneros 360&#8217; y &#8216;Directo al grano&#8217;"},"content":{"rendered":"<p class=\"article-text\">\n        <strong>La 1 de RTVE<\/strong> afronta <strong>este lunes una jornada marcada por importantes cambios en su programaci\u00f3n<\/strong> debido a la coincidencia de varios acontecimientos de gran seguimiento. La cadena reorganiza su parrilla para ofrecer la cobertura del inicio de los <a href=\"https:\/\/www.eldiario.es\/vertele\/temas\/sanfermines\/\" data-mrf-recirculation=\"links-noticia\" class=\"link\" rel=\"nofollow noopener\" target=\"_blank\">Sanfermines<\/a>, una nueva etapa del <a href=\"https:\/\/www.eldiario.es\/vertele\/temas\/tour-de-francia\/\" data-mrf-recirculation=\"links-noticia\" class=\"link\" rel=\"nofollow noopener\" target=\"_blank\">Tour de Francia<\/a> y el encuentro entre Espa\u00f1a y Portugal del <a href=\"https:\/\/www.eldiario.es\/vertele\/temas\/mundial\/\" data-mrf-recirculation=\"links-noticia\" class=\"link\" rel=\"nofollow noopener\" target=\"_blank\">Mundial 2026<\/a>, lo que modificar\u00e1 los horarios de <a href=\"https:\/\/www.eldiario.es\/vertele\/temas\/mananeros\/\" data-mrf-recirculation=\"links-noticia\" class=\"link\" rel=\"nofollow noopener\" target=\"_blank\">Ma\u00f1aneros 360<\/a> y <a href=\"https:\/\/www.eldiario.es\/vertele\/temas\/directo-al-grano\/\" data-mrf-recirculation=\"links-noticia\" class=\"link\" rel=\"nofollow noopener\" target=\"_blank\">Directo al grano<\/a>, adem\u00e1s de obligar a suspender la emisi\u00f3n de varios espacios habituales.\n    <\/p>\n<p>    <a href=\"https:\/\/www.eldiario.es\/vertele\/noticias\/paz-padilla-pide-perdon-aramis-fuster-despues-recordada-bronca-salvame-vida-golpeo_1_13358354.html\" data-mrf-recirculation=\"saber-mas\" data-dl-event=\"saber-mas\" rel=\"nofollow noopener\" target=\"_blank\"><\/p>\n<p class=\"know-more__title\">Paz Padilla pide perd\u00f3n a Aram\u00eds Fuster despu\u00e9s de su recordada bronca en &#8216;S\u00e1lvame&#8217;: \u00abLa vida me golpe\u00f3 desde entonces\u00bb<\/p>\n<p>            <img decoding=\"async\" class=\"lazy\" loading=\"lazy\" data-src=\"https:\/\/static.eldiario.es\/clip\/3d2f6c2f-c0a6-468e-adcd-2eb83a96b23f_16-9-aspect-ratio_default_0.jpg\" src=\"data:image\/svg+xml,%3Csvg xmlns=\" http:=\"\" viewbox=\"0 0 880 495\" alt=\"Paz Padilla pide perd\u00f3n a Aram\u00eds Fuster despu\u00e9s de su recordada bronca en 'S\u00e1lvame': &quot;La vida me golpe\u00f3 desde entonces&quot;\"\/><\/p>\n<p>                        <\/a><\/p>\n<p class=\"article-text\">\n        El primer ajuste llegar\u00e1 durante la ma\u00f1ana. Ma\u00f1aneros 360, el magac\u00edn <strong>presentado por <\/strong><a href=\"https:\/\/www.eldiario.es\/vertele\/temas\/javier-ruiz\/\" data-mrf-recirculation=\"links-noticia\" class=\"link\" rel=\"nofollow noopener\" target=\"_blank\"><strong>Javier Ruiz<\/strong><\/a><strong> y <\/strong><a href=\"https:\/\/www.eldiario.es\/vertele\/temas\/adela-gonzalez\/\" data-mrf-recirculation=\"links-noticia\" class=\"link\" rel=\"nofollow noopener\" target=\"_blank\"><strong>Adela Gonz\u00e1lez<\/strong><\/a><strong>, interrumpir\u00e1 su emisi\u00f3n a las 11:30 horas<\/strong> para dar paso al <strong>especial dedicado al chupinazo desde el Ayuntamiento de Pamplona<\/strong>, acto que marca el inicio oficial de los Sanfermines. La retransmisi\u00f3n se prolongar\u00e1 hasta las 12:45 horas, momento en el que el programa retomar\u00e1 su emisi\u00f3n antes de volver a detenerse, como cada d\u00eda, a las 13:55 horas con motivo del informativo territorial. Posteriormente <strong>regresar\u00e1 de nuevo a las 14:20 horas<\/strong>.\n    <\/p>\n<p>            <img decoding=\"async\" class=\"lazy\" loading=\"lazy\" data-src=\"https:\/\/static.eldiario.es\/clip\/1be4192b-3f83-473e-87ab-a6b9d370c2cb_16-9-discover-aspect-ratio_default_0.jpg\" src=\"data:image\/svg+xml,%3Csvg xmlns=\" http:=\"\" viewbox=\"0 0 1200 675\" alt=\"Adela Gonz\u00e1lez y Javier Ruiz, presentadores titulares en 'Ma\u00f1aneros 360'\"\/><\/p>\n<p class=\"article-text\">\n        Por la tarde, tras la primera edici\u00f3n del Telediario y el espacio Teledeporte directo al Mundial, La 1 ofrecer\u00e1 la <strong>retransmisi\u00f3n del Tour de Francia entre las 15:50 y las 17:05 horas<\/strong>. Esa emisi\u00f3n deportiva <strong>retrasar\u00e1 el comienzo de <\/strong><strong>Directo al grano<\/strong>, el magac\u00edn conducido por <a href=\"https:\/\/www.eldiario.es\/vertele\/temas\/marta-flich\/\" data-mrf-recirculation=\"links-noticia\" class=\"link\" rel=\"nofollow noopener\" target=\"_blank\">Marta Flich<\/a> y <a href=\"https:\/\/www.eldiario.es\/vertele\/temas\/gonzalo-miro\/\" data-mrf-recirculation=\"links-noticia\" class=\"link\" rel=\"nofollow noopener\" target=\"_blank\">Gonzalo Mir\u00f3<\/a>.\n    <\/p>\n<p class=\"article-text\">\n        El espacio vespertino <strong>arrancar\u00e1 finalmente a las 17:05 horas<\/strong>, alrededor de 70 minutos m\u00e1s tarde de lo habitual, y permanecer\u00e1 en antena hasta las 18:30 horas. A partir de ese momento, RTVE enlazar\u00e1 con la <strong>programaci\u00f3n previa al partido entre Espa\u00f1a y Portugal <\/strong>correspondiente al Mundial 2026, cuya retransmisi\u00f3n comenzar\u00e1 a las 21:00 horas.\n    <\/p>\n<p>    Varias series y programas desaparecen de la parrilla<\/p>\n<p class=\"article-text\">\n        La intensa jornada deportiva e informativa tambi\u00e9n <strong>alterar\u00e1 el resto de la programaci\u00f3n de La 1<\/strong>. Como consecuencia de estos cambios, este lunes<strong> no se emitir\u00e1n <\/strong><a href=\"https:\/\/www.eldiario.es\/vertele\/temas\/valle-salvaje\/\" data-mrf-recirculation=\"links-noticia\" class=\"link\" rel=\"nofollow noopener\" target=\"_blank\"><strong>Valle Salvaje<\/strong><\/a><strong>, <\/strong><a href=\"https:\/\/www.eldiario.es\/vertele\/temas\/la-promesa\/\" data-mrf-recirculation=\"links-noticia\" class=\"link\" rel=\"nofollow noopener\" target=\"_blank\"><strong>La Promesa<\/strong><\/a><strong>, <\/strong><a href=\"https:\/\/www.eldiario.es\/vertele\/temas\/malas-lenguas\/\" data-mrf-recirculation=\"links-noticia\" class=\"link\" rel=\"nofollow noopener\" target=\"_blank\"><strong>Malas lenguas<\/strong><\/a><strong> ni <\/strong><a href=\"https:\/\/www.eldiario.es\/vertele\/temas\/aqui-la-tierra\/\" data-mrf-recirculation=\"links-noticia\" class=\"link\" rel=\"nofollow noopener\" target=\"_blank\"><strong>Aqu\u00ed la Tierra<\/strong><\/a>, que desaparecer\u00e1n de forma excepcional para dejar espacio a las distintas retransmisiones previstas por la cadena p\u00fablica.\n    <\/p>\n<p>            <img decoding=\"async\" class=\"lazy\" loading=\"lazy\" data-src=\"https:\/\/static.eldiario.es\/clip\/32e7e0fb-fe55-484b-8392-4313a2275b5a_16-9-discover-aspect-ratio_default_0.jpg\" src=\"data:image\/svg+xml,%3Csvg xmlns=\" http:=\"\" viewbox=\"0 0 1200 675\" alt=\"IMAGEN EDITORIAL - 'LA PROMESA' CAP\u00cdTULO 863 \/ RTVE\"\/><\/p>\n<p>    As\u00ed queda la programaci\u00f3n de La 1 este lunes<\/p>\n<p class=\"article-text\">\n        La parrilla prevista por RTVE para este lunes queda configurada de la siguiente manera: a las 08:30 horas se emiti\u00f3 La Hora de La 1; a las 10:35 arranc\u00f3 Ma\u00f1aneros 360; a las 11:30 arrancar\u00e1 Vive San Ferm\u00edn 2026; a las 12:45 regresar\u00e1 Ma\u00f1aneros 360; a las 13:55 llegar\u00e1 el Informativo Territorial; a las 14:20 volver\u00e1 el magac\u00edn matinal; a las 14:55 se ofrecer\u00e1 Telediario 1; a las 15:20 se emitir\u00e1 Teledeporte directo al Mundial; a las 15:50 comenzar\u00e1 el Tour de Francia; a las 17:05 ser\u00e1 el turno de Directo al grano; a las 18:30 arrancar\u00e1 Camino a Nueva York; a las 20:45 se ofrecer\u00e1 el previo del Mundial y, finalmente, a las 21:00 dar\u00e1 comienzo el partido entre Portugal y Espa\u00f1a.\n    <\/p>\n<p>    <a href=\"https:\/\/www.eldiario.es\/vertele\/analisis\/telecinco-estreno-lunes-viernes-apuesta-firme-marcar-futuro-identidad-salvame-santi-acosta-bea-archidona_1_13352381.html\" data-mrf-recirculation=\"saber-mas-abajo\" data-dl-event=\"saber-mas-abajo\" rel=\"nofollow noopener\" target=\"_blank\"><\/p>\n<p class=\"know-more__title\">Telecinco se la juega con &#8216;De lunes a viernes&#8217;, la apuesta m\u00e1s firme que puede marcar su futuro\u2026 y su identidad\n<\/p>\n<p>            <img decoding=\"async\" class=\"lazy\" loading=\"lazy\" data-src=\"https:\/\/static.eldiario.es\/clip\/7cd072bc-9e17-4708-b117-7acb2c0b944a_16-9-aspect-ratio_default_0.jpg\" src=\"data:image\/svg+xml,%3Csvg xmlns=\" http:=\"\" viewbox=\"0 0 880 495\" alt=\"Telecinco se la juega con 'De lunes a viernes', la apuesta m\u00e1s firme que puede marcar su futuro\u2026 y su identidad\"\/><\/p>\n<p>                        <\/a><\/p>\n<p class=\"article-text\">\n        Tras el encuentro de la selecci\u00f3n espa\u00f1ola,<strong> la programaci\u00f3n recuperar\u00e1 su esquema habitual en la franja nocturna<\/strong> con la emisi\u00f3n de <a href=\"https:\/\/www.eldiario.es\/vertele\/temas\/la-revuelta\/\" data-mrf-recirculation=\"links-noticia\" class=\"link\" rel=\"nofollow noopener\" target=\"_blank\"><strong>La Revuelta<\/strong><\/a>,<strong> prevista para alrededor de las 23:00 horas<\/strong>, una vez concluya la retransmisi\u00f3n deportiva.\n    <\/p>\n","protected":false},"excerpt":{"rendered":"La 1 de RTVE afronta este lunes una jornada marcada por importantes cambios en su programaci\u00f3n debido a&hellip;\n","protected":false},"author":2,"featured_media":644093,"comment_status":"","ping_status":"","sticky":false,"template":"","format":"standard","meta":{"footnotes":""},"categories":[171],"tags":[16117,34392,3463,2125,146,147,25,24,22509,1051,16116,11551,8485,3041,518,23,214,118621],"class_list":["post-644092","post","type-post","status-publish","format-standard","has-post-thumbnail","category-tv","tag-16117","tag-agita","tag-cambios","tag-directo","tag-entertainment","tag-entretenimiento","tag-es","tag-espana","tag-grano","tag-lunes","tag-mananeros","tag-parrilla","tag-programacion","tag-queda","tag-rtve","tag-spain","tag-tv","tag-vt"],"share_on_mastodon":{"url":"https:\/\/pubeurope.com\/@es\/116872422789453794","error":""},"_links":{"self":[{"href":"https:\/\/www.europesays.com\/es\/wp-json\/wp\/v2\/posts\/644092","targetHints":{"allow":["GET"]}}],"collection":[{"href":"https:\/\/www.europesays.com\/es\/wp-json\/wp\/v2\/posts"}],"about":[{"href":"https:\/\/www.europesays.com\/es\/wp-json\/wp\/v2\/types\/post"}],"author":[{"embeddable":true,"href":"https:\/\/www.europesays.com\/es\/wp-json\/wp\/v2\/users\/2"}],"replies":[{"embeddable":true,"href":"https:\/\/www.europesays.com\/es\/wp-json\/wp\/v2\/comments?post=644092"}],"version-history":[{"count":0,"href":"https:\/\/www.europesays.com\/es\/wp-json\/wp\/v2\/posts\/644092\/revisions"}],"wp:featuredmedia":[{"embeddable":true,"href":"https:\/\/www.europesays.com\/es\/wp-json\/wp\/v2\/media\/644093"}],"wp:attachment":[{"href":"https:\/\/www.europesays.com\/es\/wp-json\/wp\/v2\/media?parent=644092"}],"wp:term":[{"taxonomy":"category","embeddable":true,"href":"https:\/\/www.europesays.com\/es\/wp-json\/wp\/v2\/categories?post=644092"},{"taxonomy":"post_tag","embeddable":true,"href":"https:\/\/www.europesays.com\/es\/wp-json\/wp\/v2\/tags?post=644092"}],"curies":[{"name":"wp","href":"https:\/\/api.w.org\/{rel}","templated":true}]}}