{"id":644177,"date":"2026-07-06T10:54:14","date_gmt":"2026-07-06T10:54:14","guid":{"rendered":"https:\/\/www.europesays.com\/es\/644177\/"},"modified":"2026-07-06T10:54:14","modified_gmt":"2026-07-06T10:54:14","slug":"siero-parada-fija-y-punto-de-encuentro-para-los-amantes-del-ciclismo-es-una-ruta-segura-y-esta-cerca-de-todo","status":"publish","type":"post","link":"https:\/\/www.europesays.com\/es\/644177\/","title":{"rendered":"Siero, parada fija y punto de encuentro para los amantes del ciclismo: \u00abEs una ruta segura y est\u00e1 cerca de todo\u00bb"},"content":{"rendered":"<p class=\"ft-text ft-helper-closenews\">El concejo de <strong>Siero<\/strong> es parada de <strong>avituallamiento<\/strong> y hasta <strong>final de etapa<\/strong> para muchos amantes de las dos ruedas. La Pola puede presumir de ser punto de referencia cuando toca hacer un descanso obligatorio y son much\u00edsimos<strong> ciclistas l<\/strong>os que lo han elegido con lugar de encuentro con otros para tomarse un <strong>tentempi\u00e9 <\/strong>y charlar un rato tras haberle dado fuerte al pedal. El municipio, y en concreto la capital sierense, es territorio de ruta ciclista, con<strong> m\u00faltiples posibilidades para rodar<\/strong> por distintos parajes y con el atractivo a\u00f1adido de que \u00abparas aqu\u00ed y comes un buen pincho\u00bb. <\/p>\n<p class=\"ft-text\">El grupo de amigos gijoneses compuesto por <strong>Juan Lartategui, Lorena Estrada y Guillermo Flecha<\/strong> son buen ejemplo de ello, a mediod\u00eda de un domingo caluroso, a la sombra de una terraza en el centro de la capital polesa. \u00abSiempre paramos aqu\u00ed, porque <strong>es como el centro de todo<\/strong>\u00ab, relatan mientras reponen fuerzas. Aficionados a la bici desde hace mucho, Siero siempre acaba entrando en los planes, <strong>tanto de diario como los fines de semana<\/strong>. Porque \u00abes un<strong> destino muy asequible<\/strong>, cerca de Oviedo, Gij\u00f3n y de cualquier punto desde el que vengas rodando\u00bb, se\u00f1ala Lartategui. <\/p>\n<p class=\"ft-text\">As\u00ed, bajarse de la montura para descansar en la Pola es un hito \u00abtanto <strong>para los que hacen etapas largas como para las medias y las cortas distancias<\/strong>, al final parece que toco acaba cayendo aqu\u00ed, es el mejor punto para parar vengas de donde vengas\u00bb, indican. Los fines de semana, sobre todo. Es entonces cuando m\u00e1s gente se junta para descansar por unos momentos, con la pared de la<strong> plaza de Cabo Noval llena de bicis <\/strong>arrimadas y ciclistas comentando su jornada deportiva con camarader\u00eda, porque m\u00e1s de uno ya se conoce de la ruta. <\/p>\n<p class=\"ft-text\">A ello se suma que \u00ab<strong>por semana Siero tambi\u00e9n es un concejo muy apetecible <\/strong>para venir en bici, porque est\u00e1 cerca para dar una vuelta corta <strong>despu\u00e9s de trabajar<\/strong>. Es la distancia ideal para marcarse el objetivo de venir a rodar un poco cuando no hay mucho tiempo\u00bb, apuntan. Con el atractivo, adem\u00e1s, de que <strong>\u00abhay buenas carreteras\u00bb,<\/strong> tanto en el firme como en lo que se refiere al tr\u00e1fico. <\/p>\n<p class=\"ft-text\">\u00abAl estar rodeados de autov\u00edas, se nota mucho que <strong>hay menos coches y se puede rodar con seguridad<\/strong>. Hay menos densidad de tr\u00e1fico que en otras zonas, y tambi\u00e9n es importante que casi todas las carreteras<strong> tienen arc\u00e9n<\/strong>, lo que nos da mucha seguridad, aunque no estar\u00eda de m\u00e1s que las podaran\u00bb, recomiendan los ciclistas. Una lista de bondades que asimismo se completa con \u00ab<strong>mucha variedad para rodar<\/strong>\u00ab. <\/p>\n<p>\u00abGravel\u00bb<\/p>\n<p class=\"ft-text\">Porque \u00abest\u00e1 bien para andar por llano, pero luego tambi\u00e9n tienes cerca <strong>zonas con subidas m\u00e1s marcadas para entrenar,<\/strong> y adem\u00e1s ofrece posibilidades para practicar el <strong>&#8216;gravel&#8217;, que est\u00e1 muy de moda<\/strong>\u00ab, exponen. El &#8216;gravel&#8217; es una modalidad de ciclismo similar al de carretera, pero con cuadro y ruedas para <strong>poder circular por caminos<\/strong>. \u00abDe esos hay muchos en Siero, y es algo que se agradece mucho\u00bb, apunta Guillermo Flecha, porque adem\u00e1s \u00abson <strong>zonas rurales con paisajes muy guapos<\/strong>\u00ab. <\/p>\n<p class=\"ft-text\">El paisaje es algo que atrae a dos amigas de Gij\u00f3n, <strong>Candi Rodr\u00edguez y M\u00f3nica Maneiro,<\/strong> que ruedan con mucha frecuencia por Siero. \u00abCasi siempre, es una tirada muy buena para hacer desde la ciudad y te puedes acercar a Sariego y otras<strong> zonas que son muy tranquilas y por las que apetecer circular<\/strong>\u00ab. Ellas tambi\u00e9n hacen parada desde hace un par de a\u00f1os en la Pola, porque \u00abes el mejor sitio para tomar algo y descansar\u00bb. <\/p>\n<p><img decoding=\"async\" src=\"https:\/\/www.europesays.com\/es\/wp-content\/uploads\/2026\/07\/b04a0aad-b0fb-4ae4-acad-f3570f769417_alta-libre-aspect-ratio_default_0_x1000y500.jpg\" width=\"1200\" height=\"900\" alt=\"Por la izquierda, M\u00f3nica Maneiro y Candi Rodr\u00edguez\" class=\"ft-helper-img-rd\" loading=\"lazy\" fetchpriority=\"auto\"\/><\/p>\n<p class=\"ft-helper-fontColor-quaternary ft-helper-fontSize-body-S ft-helper-spacer-t-xxs\">Por la izquierda, M\u00f3nica Maneiro y Candi Rodr\u00edguez  \/ Luj\u00e1n Palacios<\/p>\n<p class=\"ft-text\">En el caso de M\u00f3nica, empez\u00f3 en el mundillo porque \u00abmi marido hace triatlones y decidi\u00f3 que iba a vender la bici que ten\u00eda, que le hab\u00eda comprado yo con mi primer sueldo. Como me daba pena, decid\u00ed <strong>quedarme yo con la bicicleta y empec\u00e9 a salir<\/strong>; descubr\u00ed que esto era lo m\u00edo y llevo ya un par de a\u00f1os\u00bb, relata. \u00abEs muy profesional, tambi\u00e9n hace duatl\u00f3n\u00bb, cuenta su amiga Candi, que en su juventud hac\u00eda bici de monta\u00f1a y que se anim\u00f3 a salir a la carretera hace un a\u00f1o. \u00abBusqu\u00e9 <strong>un grupo para salir<\/strong> y me encontr\u00e9 con M\u00f3nica, que adem\u00e1s somos vecinas, y salimos mucho juntas\u00bb, explica. Suelen hacerlo hasta Siero por cercan\u00eda y porque<strong> \u00abnos gusta mucho\u00bb.<\/strong> Un ritual para \u00abdisfrutar, nosotras somos disfrutonas de la bici\u00bb, aseguran entre risas en la Pola. \u00abY es una forma de dejar un rato a los maridos y los hijos en casa\u00bb, bromean. <\/p>\n<p class=\"ft-text\">Como cientos de aficionados m\u00e1s, forman parte de un pelot\u00f3n que ha encontado en el concejo<strong> su particular meca<\/strong>, como destino y punto de parada pa seguir ruta. Y como aseguran, \u00abcada vez somos m\u00e1s\u00bb.<\/p>\n<p data-close=\"closedContent\" class=\"subscribeHideForDisplay\">Suscr\u00edbete para seguir leyendo<\/p>\n","protected":false},"excerpt":{"rendered":"El concejo de Siero es parada de avituallamiento y hasta final de etapa para muchos amantes de las&hellip;\n","protected":false},"author":2,"featured_media":644178,"comment_status":"","ping_status":"","sticky":false,"template":"","format":"standard","meta":{"footnotes":""},"categories":[273],"tags":[2984,313,2838,312,168,437,25,24,2540,5997,2320,19973,23,167,589],"class_list":["post-644177","post","type-post","status-publish","format-standard","has-post-thumbnail","category-ciclismo","tag-aficionados","tag-ciclismo","tag-ciclistas","tag-cycling","tag-deportes","tag-encuentro","tag-es","tag-espana","tag-fija","tag-parada","tag-punto","tag-siero","tag-spain","tag-sports","tag-trafico"],"share_on_mastodon":{"url":"https:\/\/pubeurope.com\/@es\/116872666820938685","error":""},"_links":{"self":[{"href":"https:\/\/www.europesays.com\/es\/wp-json\/wp\/v2\/posts\/644177","targetHints":{"allow":["GET"]}}],"collection":[{"href":"https:\/\/www.europesays.com\/es\/wp-json\/wp\/v2\/posts"}],"about":[{"href":"https:\/\/www.europesays.com\/es\/wp-json\/wp\/v2\/types\/post"}],"author":[{"embeddable":true,"href":"https:\/\/www.europesays.com\/es\/wp-json\/wp\/v2\/users\/2"}],"replies":[{"embeddable":true,"href":"https:\/\/www.europesays.com\/es\/wp-json\/wp\/v2\/comments?post=644177"}],"version-history":[{"count":0,"href":"https:\/\/www.europesays.com\/es\/wp-json\/wp\/v2\/posts\/644177\/revisions"}],"wp:featuredmedia":[{"embeddable":true,"href":"https:\/\/www.europesays.com\/es\/wp-json\/wp\/v2\/media\/644178"}],"wp:attachment":[{"href":"https:\/\/www.europesays.com\/es\/wp-json\/wp\/v2\/media?parent=644177"}],"wp:term":[{"taxonomy":"category","embeddable":true,"href":"https:\/\/www.europesays.com\/es\/wp-json\/wp\/v2\/categories?post=644177"},{"taxonomy":"post_tag","embeddable":true,"href":"https:\/\/www.europesays.com\/es\/wp-json\/wp\/v2\/tags?post=644177"}],"curies":[{"name":"wp","href":"https:\/\/api.w.org\/{rel}","templated":true}]}}