{"id":64421,"date":"2025-08-22T10:20:09","date_gmt":"2025-08-22T10:20:09","guid":{"rendered":"https:\/\/www.europesays.com\/es\/64421\/"},"modified":"2025-08-22T10:20:09","modified_gmt":"2025-08-22T10:20:09","slug":"suspenden-a-una-de-las-estrellas-de-la-ufc-por-liarse-a-punetazos-con-la-pelea-terminada","status":"publish","type":"post","link":"https:\/\/www.europesays.com\/es\/64421\/","title":{"rendered":"Suspenden a una de las estrellas de la UFC por liarse a pu\u00f1etazos con la pelea terminada"},"content":{"rendered":"<p data-gtm-element-container=\"modulo-texto-link\" class=\"paragraph\"><strong>Sean Strickland<\/strong> llevaba ya seis meses sin pisar el oct\u00e1gono y ahora deber\u00e1 pasar otros seis en el dique seco tras ser sancionado por un incidente fuera de la jaula. El <strong>excampe\u00f3n del peso medio de la UFC,<\/strong> promotora reina de las <strong>MMA <\/strong>mundiales, fue suspendido este jueves por la comisi\u00f3n atl\u00e9tica de Nevada (NSAC) por su papel en un altercado f\u00edsico con otro luchador en un evento de artes marciales mixtas el pasado mes de junio.<\/p>\n<p data-gtm-element-container=\"modulo-texto-link\" class=\"paragraph\">La NSAC suspende a Strickland, de <strong>34 a\u00f1os<\/strong>, por<strong> seis meses y le multa con 5.000 d\u00f3lares<\/strong> por sus acciones posteriores a la derrota de uno de sus pupilos en un evento de<strong> Tuff-N-Uff,<\/strong> una promoci\u00f3n regional de Las Vegas, donde la estrella estadounidense de la UFC reside. El excampe\u00f3n del peso medio propin\u00f3 dos pu\u00f1etazos al ganadora de ese combate, <strong>Luis Hernandez<\/strong>, despu\u00e9s de que este provocara tras su triunfo a <strong>Miles Hunsinger<\/strong>, alumno aventajado de Strickland.<\/p>\n<blockquote class=\"twitter-tweet\" data-lang=\"es\"><p>\n<a href=\"https:\/\/twitter.com\/HappyPunch\/status\/1958567474976170169\" rel=\"nofollow noopener\" target=\"_blank\">\n<\/p><\/blockquote>\n<p data-gtm-element-container=\"modulo-texto-link\" class=\"paragraph\">Dicho evento ocurri\u00f3 el pasado 29 de junio, as\u00ed que la sanci\u00f3n implica que Strickland no podr\u00e1 volver a subirse a un oct\u00e1gono hasta 2026, ya que la suspensi\u00f3n se alargar\u00e1 hasta el 29 de diciembre de este curso, cuando la UFC ya habr\u00e1 completado todos los eventos de su agenda anual. <strong>Chris Curtis<\/strong>, exluchador de la UFC, tambi\u00e9n fue sancionado por sus actos con 2.500 d\u00f3lares de multa.<\/p>\n<p>    Lee tambi\u00e9n<\/p>\n<p data-gtm-element-container=\"modulo-texto-link\" class=\"paragraph\">Strickland, con un balance de <strong>29 victorias y siete derrotas <\/strong>en su trayectoria como profesional de las MMA, registra dos reveses y una sola victoria desde que perdi\u00f3 su t\u00edtulo del peso medio al vencer por decisi\u00f3n un\u00e1nime a <strong>Israel Adesanya<\/strong> en el UFC 293 en septiembre de 2023. Du Plessis, que viene de perder su corona ante <strong>Khamzat Chimaev<\/strong>, fue quien le priv\u00f3 en dos ocasiones de reinar en la compa\u00f1\u00eda estadounidense que dirige Dana White.<\/p>\n<p><script async src=\"https:\/\/platform.twitter.com\/widgets.js\" charset=\"utf-8\"><\/script><\/p>\n","protected":false},"excerpt":{"rendered":"Sean Strickland llevaba ya seis meses sin pisar el oct\u00e1gono y ahora deber\u00e1 pasar otros seis en el&hellip;\n","protected":false},"author":2,"featured_media":1723,"comment_status":"","ping_status":"","sticky":false,"template":"","format":"standard","meta":{"footnotes":""},"categories":[276],"tags":[168,25,24,23,167,343],"class_list":{"0":"post-64421","1":"post","2":"type-post","3":"status-publish","4":"format-standard","5":"has-post-thumbnail","7":"category-ufc","8":"tag-deportes","9":"tag-es","10":"tag-espana","11":"tag-spain","12":"tag-sports","13":"tag-ufc"},"share_on_mastodon":{"url":"","error":""},"_links":{"self":[{"href":"https:\/\/www.europesays.com\/es\/wp-json\/wp\/v2\/posts\/64421","targetHints":{"allow":["GET"]}}],"collection":[{"href":"https:\/\/www.europesays.com\/es\/wp-json\/wp\/v2\/posts"}],"about":[{"href":"https:\/\/www.europesays.com\/es\/wp-json\/wp\/v2\/types\/post"}],"author":[{"embeddable":true,"href":"https:\/\/www.europesays.com\/es\/wp-json\/wp\/v2\/users\/2"}],"replies":[{"embeddable":true,"href":"https:\/\/www.europesays.com\/es\/wp-json\/wp\/v2\/comments?post=64421"}],"version-history":[{"count":0,"href":"https:\/\/www.europesays.com\/es\/wp-json\/wp\/v2\/posts\/64421\/revisions"}],"wp:featuredmedia":[{"embeddable":true,"href":"https:\/\/www.europesays.com\/es\/wp-json\/wp\/v2\/media\/1723"}],"wp:attachment":[{"href":"https:\/\/www.europesays.com\/es\/wp-json\/wp\/v2\/media?parent=64421"}],"wp:term":[{"taxonomy":"category","embeddable":true,"href":"https:\/\/www.europesays.com\/es\/wp-json\/wp\/v2\/categories?post=64421"},{"taxonomy":"post_tag","embeddable":true,"href":"https:\/\/www.europesays.com\/es\/wp-json\/wp\/v2\/tags?post=64421"}],"curies":[{"name":"wp","href":"https:\/\/api.w.org\/{rel}","templated":true}]}}