{"id":644216,"date":"2026-07-06T11:21:20","date_gmt":"2026-07-06T11:21:20","guid":{"rendered":"https:\/\/www.europesays.com\/es\/644216\/"},"modified":"2026-07-06T11:21:20","modified_gmt":"2026-07-06T11:21:20","slug":"penelope-cruz-sobre-su-matrimonio-con-javier-bardem-estoy-con-un-hombre-al-que-conozco-desde-hace-33-anos-pero-siento-que-sigo-descubriendolo","status":"publish","type":"post","link":"https:\/\/www.europesays.com\/es\/644216\/","title":{"rendered":"Pen\u00e9lope Cruz, sobre su matrimonio con Javier Bardem: \u00abEstoy con un hombre al que conozco desde hace 33 a\u00f1os, pero siento que sigo descubri\u00e9ndolo\u00bb"},"content":{"rendered":"<p>Recientemente, la pareja ha hecho una de sus escasas apariciones p\u00fablicas juntos (tambi\u00e9n estaba <a href=\"https:\/\/www.revistavanityfair.es\/tags\/rosalia\" isautogenerated=\"true\" rel=\"nofollow noopener\" target=\"_blank\">Rosal\u00eda<\/a>), para animar a <a href=\"https:\/\/www.revistavanityfair.es\/tags\/espana\" isautogenerated=\"true\" rel=\"nofollow noopener\" target=\"_blank\">Espa\u00f1a<\/a> en el SoFi Stadium de California <strong>durante el partido del <a href=\"https:\/\/www.revistavanityfair.es\/tags\/mundial-de-futbol\" isautogenerated=\"true\" rel=\"nofollow noopener\" target=\"_blank\">Mundial de f\u00fatbol<\/a><\/strong> contra Austria. Las fotos, llenas de entusiasmo, llegaron poco despu\u00e9s de la entrevista de Bardem para Variety, en la que confes\u00f3: \u201cMe siento muy afortunado de haber tenido la oportunidad de estar con Pen\u00e9lope en el mismo momento, en el mismo lugar, en la vida\u201d.<\/p>\n<p>Pen\u00e9lope Cruz, de 52 a\u00f1os, y Javier Bardem, de 57, son una de las parejas m\u00e1s duraderas del mundo del espect\u00e1culo.<\/p>\n<p><a href=\"https:\/\/www.revistavanityfair.es\/tags\/viven\" isautogenerated=\"true\" rel=\"nofollow noopener\" target=\"_blank\">Viven<\/a> en <a href=\"https:\/\/www.revistavanityfair.es\/tags\/madrid\" isautogenerated=\"true\" rel=\"nofollow noopener\" target=\"_blank\">Madrid<\/a> alejados de los focos, aunque de vez comparten algunos detalles de su vida privada. Suelen ser an\u00e9cdotas entra\u00f1ables, como aquella en la que Bono le regal\u00f3 un coche a la actriz por su <a href=\"https:\/\/www.revistavanityfair.es\/tags\/cumpleanos\" isautogenerated=\"true\" rel=\"nofollow noopener\" target=\"_blank\">cumplea\u00f1os<\/a>, a pesar de que ella no tiene carn\u00e9 de conducir porque le aterra ponerse al volante. \u00bfLa raz\u00f3n? A su hermana M\u00f3nica la atropell\u00f3 un coche delante de ella cuando ten\u00eda ocho o nueve a\u00f1os. Un accidente que supuso un profundo trauma para la actriz.<\/p>\n<p>En cuanto a su vida sentimental, ninguno de los dos suele hacer declaraciones detalladas. Al fin y al cabo, como explic\u00f3 Bardem a Gentleman\u2019s Journal, <strong>el secreto de su complicidad se encuentra precisamente lejos de la fama. Se conocieron, de hecho, antes de convertirse en <a href=\"https:\/\/www.revistavanityfair.es\/tags\/estrellas\" isautogenerated=\"true\" rel=\"nofollow noopener\" target=\"_blank\">estrellas<\/a> de cine.<\/strong> \u201cCreo que es fundamental, como base de una relaci\u00f3n, poder contar con alguien que te vea de verdad, tal y como eres\u201d, concluy\u00f3 el actor. Y, hasta ahora, esa f\u00f3rmula les ha funcionado a la perfecci\u00f3n.<\/p>\n","protected":false},"excerpt":{"rendered":"Recientemente, la pareja ha hecho una de sus escasas apariciones p\u00fablicas juntos (tambi\u00e9n estaba Rosal\u00eda), para animar a&hellip;\n","protected":false},"author":2,"featured_media":644217,"comment_status":"","ping_status":"","sticky":false,"template":"","format":"standard","meta":{"footnotes":""},"categories":[174],"tags":[255,177,12374,146,147,25,24,256,1505,15751,22111,2657,23],"class_list":["post-644216","post","type-post","status-publish","format-standard","has-post-thumbnail","category-famosos","tag-celebrities","tag-cine","tag-cine-espanol","tag-entertainment","tag-entretenimiento","tag-es","tag-espana","tag-famosos","tag-hollywood","tag-javier-bardem","tag-penelope-cruz","tag-romance","tag-spain"],"share_on_mastodon":{"url":"https:\/\/pubeurope.com\/@es\/116872772796736162","error":""},"_links":{"self":[{"href":"https:\/\/www.europesays.com\/es\/wp-json\/wp\/v2\/posts\/644216","targetHints":{"allow":["GET"]}}],"collection":[{"href":"https:\/\/www.europesays.com\/es\/wp-json\/wp\/v2\/posts"}],"about":[{"href":"https:\/\/www.europesays.com\/es\/wp-json\/wp\/v2\/types\/post"}],"author":[{"embeddable":true,"href":"https:\/\/www.europesays.com\/es\/wp-json\/wp\/v2\/users\/2"}],"replies":[{"embeddable":true,"href":"https:\/\/www.europesays.com\/es\/wp-json\/wp\/v2\/comments?post=644216"}],"version-history":[{"count":0,"href":"https:\/\/www.europesays.com\/es\/wp-json\/wp\/v2\/posts\/644216\/revisions"}],"wp:featuredmedia":[{"embeddable":true,"href":"https:\/\/www.europesays.com\/es\/wp-json\/wp\/v2\/media\/644217"}],"wp:attachment":[{"href":"https:\/\/www.europesays.com\/es\/wp-json\/wp\/v2\/media?parent=644216"}],"wp:term":[{"taxonomy":"category","embeddable":true,"href":"https:\/\/www.europesays.com\/es\/wp-json\/wp\/v2\/categories?post=644216"},{"taxonomy":"post_tag","embeddable":true,"href":"https:\/\/www.europesays.com\/es\/wp-json\/wp\/v2\/tags?post=644216"}],"curies":[{"name":"wp","href":"https:\/\/api.w.org\/{rel}","templated":true}]}}