{"id":644287,"date":"2026-07-06T12:10:14","date_gmt":"2026-07-06T12:10:14","guid":{"rendered":"https:\/\/www.europesays.com\/es\/644287\/"},"modified":"2026-07-06T12:10:14","modified_gmt":"2026-07-06T12:10:14","slug":"suenos-de-libertad-avance-del-capitulo-de-hoy-lunes-6-de-julio-marisol-reaparece-y-confiesa-a-pablo-que-esta-embarazada","status":"publish","type":"post","link":"https:\/\/www.europesays.com\/es\/644287\/","title":{"rendered":"\u2018Sue\u00f1os de libertad\u2019, avance del cap\u00edtulo de hoy lunes 6 de julio: Marisol reaparece y confiesa a Pablo que est\u00e1 embarazada"},"content":{"rendered":"<p class=\"ft-text ft-helper-closenews\">\u2018Sue\u00f1os de libertad\u2019 emite este lunes 6 de julio un nuevo cap\u00edtulo en Antena 3, que tambi\u00e9n estar\u00e1 disponible en atresplayer y Disney+. La entrega abrir\u00e1 la semana con una noticia decisiva para los De La Reina: Hugo Brossard seguir\u00e1 confiando en Gabriel como director financiero y no habr\u00e1 despidos en la f\u00e1brica.<\/p>\n<p class=\"ft-text\">La decisi\u00f3n supondr\u00e1 un alivio para toda la colonia despu\u00e9s de d\u00edas de incertidumbre. Digna propondr\u00e1 organizar una fiesta con los trabajadores para celebrar que la f\u00e1brica seguir\u00e1 abierta, y Pablo ofrecer\u00e1 la cantina como lugar para el encuentro. Dami\u00e1n, sin embargo, no estar\u00e1 muy dispuesto a acudir pese a la insistencia de su entorno.<\/p>\n<p class=\"ft-text\">Bego\u00f1a continuar\u00e1 preocupada por Julia tras los rumores sobre su relaci\u00f3n con Eduardo. El ch\u00f3fer, consciente del da\u00f1o que puede provocar esa situaci\u00f3n, hablar\u00e1 con Dami\u00e1n para presentar su dimisi\u00f3n, aunque el patriarca rechazar\u00e1 su marcha para evitar que las habladur\u00edas cobren todav\u00eda m\u00e1s fuerza.<\/p>\n<p class=\"ft-text\">Tasio acudir\u00e1 al dispensario para contarle a Miguel que tiene problemas para dormir, y el m\u00e9dico le aconsejar\u00e1 acudir a un psiquiatra. Paula tambi\u00e9n visitar\u00e1 al doctor al empezar a notar dificultades respiratorias, mientras Tasio le dejar\u00e1 claro que es mejor que no les vean juntos.<\/p>\n<p class=\"ft-text\">En paralelo, Claudia se sincerar\u00e1 con Valentina sobre lo que siente por Miguel y decidir\u00e1 pedirle una nueva cita. Pero el gran golpe del cap\u00edtulo llegar\u00e1 al final, cuando Marisol reaparezca para contarle a Pablo que est\u00e1 embarazada, amenazando la estabilidad que los Salazar acababan de empezar a recuperar.<\/p>\n<p data-close=\"closedContent\" class=\"subscribeHideForDisplay\">Suscr\u00edbete para seguir leyendo<\/p>\n","protected":false},"excerpt":{"rendered":"\u2018Sue\u00f1os de libertad\u2019 emite este lunes 6 de julio un nuevo cap\u00edtulo en Antena 3, que tambi\u00e9n estar\u00e1&hellip;\n","protected":false},"author":2,"featured_media":644288,"comment_status":"","ping_status":"","sticky":false,"template":"","format":"standard","meta":{"footnotes":""},"categories":[171],"tags":[6832,4040,7377,10515,23359,36242,146,147,25,24,874,315,888,5085,1051,11749,618,6495,23,12108,214],"class_list":["post-644287","post","type-post","status-publish","format-standard","has-post-thumbnail","category-tv","tag-6832","tag-antena-3","tag-avance","tag-capitulo","tag-confiesa","tag-embarazada","tag-entertainment","tag-entretenimiento","tag-es","tag-espana","tag-esta","tag-hoy","tag-julio","tag-libertad","tag-lunes","tag-marisol","tag-pablo","tag-reaparece","tag-spain","tag-suenos","tag-tv"],"share_on_mastodon":{"url":"https:\/\/pubeurope.com\/@es\/116872965532084889","error":""},"_links":{"self":[{"href":"https:\/\/www.europesays.com\/es\/wp-json\/wp\/v2\/posts\/644287","targetHints":{"allow":["GET"]}}],"collection":[{"href":"https:\/\/www.europesays.com\/es\/wp-json\/wp\/v2\/posts"}],"about":[{"href":"https:\/\/www.europesays.com\/es\/wp-json\/wp\/v2\/types\/post"}],"author":[{"embeddable":true,"href":"https:\/\/www.europesays.com\/es\/wp-json\/wp\/v2\/users\/2"}],"replies":[{"embeddable":true,"href":"https:\/\/www.europesays.com\/es\/wp-json\/wp\/v2\/comments?post=644287"}],"version-history":[{"count":0,"href":"https:\/\/www.europesays.com\/es\/wp-json\/wp\/v2\/posts\/644287\/revisions"}],"wp:featuredmedia":[{"embeddable":true,"href":"https:\/\/www.europesays.com\/es\/wp-json\/wp\/v2\/media\/644288"}],"wp:attachment":[{"href":"https:\/\/www.europesays.com\/es\/wp-json\/wp\/v2\/media?parent=644287"}],"wp:term":[{"taxonomy":"category","embeddable":true,"href":"https:\/\/www.europesays.com\/es\/wp-json\/wp\/v2\/categories?post=644287"},{"taxonomy":"post_tag","embeddable":true,"href":"https:\/\/www.europesays.com\/es\/wp-json\/wp\/v2\/tags?post=644287"}],"curies":[{"name":"wp","href":"https:\/\/api.w.org\/{rel}","templated":true}]}}