{"id":644313,"date":"2026-07-06T12:28:17","date_gmt":"2026-07-06T12:28:17","guid":{"rendered":"https:\/\/www.europesays.com\/es\/644313\/"},"modified":"2026-07-06T12:28:17","modified_gmt":"2026-07-06T12:28:17","slug":"gudmundsson-experiencia-y-direccion-para-el-club-baloncesto-gran-canaria","status":"publish","type":"post","link":"https:\/\/www.europesays.com\/es\/644313\/","title":{"rendered":"Gudmundsson, experiencia y direcci\u00f3n para el Club Baloncesto Gran Canaria"},"content":{"rendered":"<p><img decoding=\"async\" class=\"v-ath__i\" loading=\"lazy\" src=\"https:\/\/www.europesays.com\/es\/wp-content\/uploads\/2026\/07\/1783340895_332_autor-3403-foto-1.jpeg\" alt=\"\u00d3liver Su\u00e1rez Armas\"\/><\/p>\n<p>06\/07\/2026<\/p>\n<p>Actualizado a las 12:17h.<\/p>\n<p class=\"v-d-p\" style=\"\">Arranca la ronda de anuncios de nuevos fichajes del Club Baloncesto Gran Canaria. Tras la presentaci\u00f3n de <a href=\"https:\/\/www.canarias7.es\/deportes\/cb-gran-canaria\/solana-asume-batuta-granca-queremos-equipo-identidad-20260703124434-nt.html\" data-voc-vtm-id=\"in-text-traffic\" data-mrf-link=\"www.canarias7.es\" rel=\"nofollow noopener\" target=\"_blank\">Francesc Solana<\/a> como director deportivo y la comunicaci\u00f3n de <a href=\"https:\/\/www.canarias7.es\/deportes\/cb-gran-canaria\/savignani-vamos-tener-equipo-identidad-clara-cultura-20260705163207-nt.html\" data-voc-vtm-id=\"in-text-traffic\" data-mrf-link=\"www.canarias7.es\" rel=\"nofollow noopener\" target=\"_blank\">Bruno Savignani<\/a> como m\u00e1ximo responsable t\u00e9cnico el pasado fin de semana, <strong>la entidad claretiana se centra ahora en confeccionar el plantel m\u00e1s competitivo<\/strong> posible en la carrera exigente y sin cuartel de volver a la Liga Endesa a las primeras de cambio.<\/p>\n<p class=\"v-d-p\" style=\"\">En ese sentido, <strong>la direcci\u00f3n deportiva amarilla tiene cerradas las contrataciones<\/strong> del director de juego internacional island\u00e9s J\u00f3n Axel Gudmundsson, del escolta norteamericano con pasaporte dominicano <a href=\"https:\/\/www.canarias7.es\/deportes\/cb-gran-canaria\/townes-acepta-desafio-gran-canaria-contrato-cerrado-20260629144026-nt.html\" data-voc-vtm-id=\"in-text-traffic\" data-mrf-link=\"www.canarias7.es\" rel=\"nofollow noopener\" target=\"_blank\">Marques Townes<\/a>, del alero uruguayo con pasaporte espa\u00f1ol <a href=\"https:\/\/www.canarias7.es\/deportes\/cb-gran-canaria\/club-baloncesto-gran-canaria-apuesta-fuerte-joaquin-20260630150924-nt.html\" data-voc-vtm-id=\"in-text-traffic\" data-mrf-link=\"www.canarias7.es\" rel=\"nofollow noopener\" target=\"_blank\">Joaqu\u00edn Rodr\u00edguez<\/a> y del p\u00edvot norteamericano con pasaporte armenio <a href=\"https:\/\/www.canarias7.es\/deportes\/cb-gran-canaria\/luke-fischer-continua-burgos-sumara-juego-interior-20260704162752-nt.html\" data-voc-vtm-id=\"in-text-traffic\" data-mrf-link=\"www.canarias7.es\" rel=\"nofollow noopener\" target=\"_blank\">Luke Fischer<\/a>, al tiempo que resuelve las situaciones de los jugadores con contrato en vigor (Ziga Samar, Carlos Aloc\u00e9n, Miquel Salv\u00f3, Nicol\u00e1s Brussino, Pierre Pelos y Kur Kuath).<\/p>\n<ul class=\"v-cmp-rld__u\">\n<li class=\"v-cmp-rld__l\">\n<p><a class=\"v-a-lnk\" href=\"http:\/\/www.canarias7.es\/deportes\/cb-gran-canaria\/luke-fischer-continua-burgos-sumara-juego-interior-20260704162752-nt.html#vtm_modulosEngag=noticiasrelacionadas-cmp-uno:deportes:noticia:1\" data-voc-vtm-id=\"in-text-traffic\" rel=\"nofollow noopener\" target=\"_blank\"><br \/>\n<img decoding=\"async\" loading=\"lazy\" src=\"https:\/\/www.europesays.com\/es\/wp-content\/uploads\/2026\/07\/lukeviene-kK7E--366x256@Canarias7.jpg\" class=\"v-a-img\" width=\"258\" height=\"180\" alt=\"Fischer no contin\u00faa en el Burgos y se sumar\u00e1 al juego interior del Granca\"\/><br \/>\n<\/a><\/p>\n<\/li>\n<\/ul>\n<p class=\"v-d-p\" style=\"\">Como <a href=\"https:\/\/www.canarias7.es\/deportes\/cb-gran-canaria\/posicion-fuerza-gran-canaria-relacion-contractual-frente-20260627115613-nt.html\" data-voc-vtm-id=\"in-text-traffic\" data-mrf-link=\"www.canarias7.es\" rel=\"nofollow noopener\" target=\"_blank\">adelant\u00f3 este peri\u00f3dico el pasado 27 de junio<\/a>, el Granca <strong>se interes\u00f3 por la situaci\u00f3n de Gudmundsson<\/strong> tras finalizar su vinculaci\u00f3n con el Recoletas Salud San Pablo Burgos este verano, con el prop\u00f3sito de incorporarlo a la misi\u00f3n de altura de volver a la \u00e9lite nacional, y este lunes lleg\u00f3 el anuncio oficial de que vestir\u00e1 la camiseta del Granca durante la campa\u00f1a 2026-2027.<\/p>\n<p class=\"v-d-p\" style=\"\">Gudmundsson, de 29 a\u00f1os, 1,95 metros de altura y formado en la Universidad de Davidson,<strong> coincidi\u00f3 con Savignani en la temporada hist\u00f3rica 2024-2025 del cuadro castellano<\/strong> del ascenso a la Liga Endesa, firmando un balance para el recuerdo de 32 triunfos y tan solo dos derrotas (el mejor de la historia de la categor\u00eda de plata) y continu\u00f3 en la Liga ACB el pasado ejercicio, donde promedi\u00f3 4,7 puntos, 3,2 asistencias, 2,2 rebotes y 5,4 cr\u00e9ditos de valoraci\u00f3n en los 20 minutos que disput\u00f3 de media en 30 encuentros de la fase regular.<\/p>\n<p><img decoding=\"async\" loading=\"lazy\" src=\"https:\/\/www.europesays.com\/es\/wp-content\/uploads\/2026\/07\/gudhoy-kaqF--680x476@Canarias7.jpg\" class=\"v-a-img\" width=\"680\" height=\"478\" alt=\"Gudmundsson lanza a canasta.\" data-voc-vtm-id=\"in-text-traffic\"\/><\/p>\n<p>Gudmundsson lanza a canasta.<\/p>\n<p>(FIBA)<\/p>\n<p class=\"v-d-p\" style=\"\">El base de Grindavik <strong>deslumbr\u00f3 con su selecci\u00f3n en la \u00faltima ventana FIBA<\/strong> de clasificaci\u00f3n para el Mundial de Catar del pr\u00f3ximo a\u00f1o 2027 el pasado fin de semana, aportando 25 puntos (seis de nueve en tiros de dos, tres de siete en triples y cuatro de seis en tiros libres), ocho rebotes, tres asistencias, cuatro recuperaciones y 28 cr\u00e9ditos de valoraci\u00f3n en los 31 minutos que estuvo sobre el parqu\u00e9 del M\u00e1nchester Arena en el triunfo contra Gran Breta\u00f1a por 86-88.<\/p>\n<p class=\"v-d-p\" style=\"\">Asimsimo, <strong>Gudmundsson sum\u00f3 12 puntos<\/strong>, seis rebotes, dos asistencias y 12 cr\u00e9ditos de valoraci\u00f3n en los 29 minutos que estuvo sobre el parqu\u00e9 del Reykjavik Arena en la derrota contra Italia por 83-102.<\/p>\n","protected":false},"excerpt":{"rendered":"06\/07\/2026 Actualizado a las 12:17h. Arranca la ronda de anuncios de nuevos fichajes del Club Baloncesto Gran Canaria.&hellip;\n","protected":false},"author":2,"featured_media":644314,"comment_status":"","ping_status":"","sticky":false,"template":"","format":"standard","meta":{"footnotes":""},"categories":[269],"tags":[299,298,7221,1798,168,4796,25,24,8009,3956,116843,23,167],"class_list":["post-644313","post","type-post","status-publish","format-standard","has-post-thumbnail","category-baloncesto","tag-baloncesto","tag-basketball","tag-canaria","tag-club","tag-deportes","tag-direccion","tag-es","tag-espana","tag-experiencia","tag-gran","tag-gudmundsson","tag-spain","tag-sports"],"share_on_mastodon":{"url":"https:\/\/pubeurope.com\/@es\/116873037332143207","error":""},"_links":{"self":[{"href":"https:\/\/www.europesays.com\/es\/wp-json\/wp\/v2\/posts\/644313","targetHints":{"allow":["GET"]}}],"collection":[{"href":"https:\/\/www.europesays.com\/es\/wp-json\/wp\/v2\/posts"}],"about":[{"href":"https:\/\/www.europesays.com\/es\/wp-json\/wp\/v2\/types\/post"}],"author":[{"embeddable":true,"href":"https:\/\/www.europesays.com\/es\/wp-json\/wp\/v2\/users\/2"}],"replies":[{"embeddable":true,"href":"https:\/\/www.europesays.com\/es\/wp-json\/wp\/v2\/comments?post=644313"}],"version-history":[{"count":0,"href":"https:\/\/www.europesays.com\/es\/wp-json\/wp\/v2\/posts\/644313\/revisions"}],"wp:featuredmedia":[{"embeddable":true,"href":"https:\/\/www.europesays.com\/es\/wp-json\/wp\/v2\/media\/644314"}],"wp:attachment":[{"href":"https:\/\/www.europesays.com\/es\/wp-json\/wp\/v2\/media?parent=644313"}],"wp:term":[{"taxonomy":"category","embeddable":true,"href":"https:\/\/www.europesays.com\/es\/wp-json\/wp\/v2\/categories?post=644313"},{"taxonomy":"post_tag","embeddable":true,"href":"https:\/\/www.europesays.com\/es\/wp-json\/wp\/v2\/tags?post=644313"}],"curies":[{"name":"wp","href":"https:\/\/api.w.org\/{rel}","templated":true}]}}