{"id":644420,"date":"2026-07-06T13:51:11","date_gmt":"2026-07-06T13:51:11","guid":{"rendered":"https:\/\/www.europesays.com\/es\/644420\/"},"modified":"2026-07-06T13:51:11","modified_gmt":"2026-07-06T13:51:11","slug":"paqui-la-coles-reaparece-en-telecinco-para-pedir-ayuda-por-su-dificil-situacion-economica-no-puedo-aguantar-mas","status":"publish","type":"post","link":"https:\/\/www.europesays.com\/es\/644420\/","title":{"rendered":"Paqui &#8216;La Coles&#8217; reaparece en Telecinco para pedir ayuda por su dif\u00edcil situaci\u00f3n econ\u00f3mica: \u00abNo puedo aguantar m\u00e1s\u00bb"},"content":{"rendered":"<p class=\"article-text\">\n        <strong>Paqui &#8216;La Coles&#8217;<\/strong> reapareci\u00f3 este domingo, 5 de julio, en <strong>Fiesta <\/strong>para pedir ayuda ante su <strong>delicada situaci\u00f3n <\/strong>tanto <strong>econ\u00f3mica <\/strong>como de <strong>salud<\/strong>. La excolaboradora de <strong>S\u00e1lvame <\/strong>conect\u00f3 con el programa de <strong>Emma Garc\u00eda<\/strong> desde la localidad gaditana de Ubrique para explicar c\u00f3mo se encuentra: \u201c<strong>Ya no puedo aguantar m\u00e1s<\/strong>\u201d. Fue una conexi\u00f3n muy complicada en <strong>Telecinco<\/strong>, donde se expuso una vulnerabilidad digna de reflexi\u00f3n.\n    <\/p>\n<p>    <a href=\"https:\/\/www.eldiario.es\/vertele\/analisis\/telecinco-estreno-lunes-viernes-apuesta-firme-marcar-futuro-identidad-salvame-santi-acosta-bea-archidona_1_13352381.html\" data-mrf-recirculation=\"saber-mas\" data-dl-event=\"saber-mas\" rel=\"nofollow noopener\" target=\"_blank\"><\/p>\n<p class=\"know-more__title\">AN\u00c1LISIS | Telecinco se la juega con &#8216;De lunes a viernes&#8217;, la apuesta m\u00e1s firme que puede marcar su futuro\u2026 y su identidad<\/p>\n<p>            <img decoding=\"async\" class=\"lazy\" loading=\"lazy\" data-src=\"https:\/\/static.eldiario.es\/clip\/7cd072bc-9e17-4708-b117-7acb2c0b944a_16-9-aspect-ratio_default_0.jpg\" src=\"data:image\/svg+xml,%3Csvg xmlns=\" http:=\"\" viewbox=\"0 0 880 495\" alt=\"Telecinco se la juega con 'De lunes a viernes', la apuesta m\u00e1s firme que puede marcar su futuro\u2026 y su identidad\"\/><\/p>\n<p>                        <\/a><\/p>\n<p class=\"article-text\">\n        \u201cNecesito que me ayuden, porque no puedo valerme por m\u00ed misma. He tenido un<strong> brote de fibromialgia<\/strong> muy grande, utilizo andador. El padre de mi ni\u00f1o est\u00e1 todo el d\u00eda trabajando, y yo estoy sola con el ni\u00f1o\u201d, comenz\u00f3 asegurando durante su intervenci\u00f3n en directo. Confes\u00f3 adem\u00e1s haber estado sometida a un \u201c<strong>tratamiento muy fuerte<\/strong>\u201d por la enfermedad que padece: \u201c<strong>He estado un mes y pico sedada<\/strong>\u201d.\n    <\/p>\n<p class=\"article-text\">\n        La excolaboradora se rompi\u00f3 entonces: \u201c<strong>No me pod\u00eda mover ni siquiera del sof\u00e1<\/strong>, no sab\u00eda lo que hablaba\u201d. Y adem\u00e1s, comparti\u00f3 la complicada situaci\u00f3n que vive en su hogar: \u201cEsto ha roto cualquier tipo de sentimientos\u201d, dijo en relaci\u00f3n con su marido, destacando tambi\u00e9n la dificultad de cuidar a su hijo de 14 a\u00f1os: \u201cAunque es bueno, yo no puedo hacerme con \u00e9l sin la presencia de un padre\u201d.\n    <\/p>\n<p class=\"article-text\">\n        Por otro lado, tambi\u00e9n destac\u00f3 que est\u00e1 viviendo en una casa que no le pertenece: \u201cNunca jam\u00e1s se han preocupado de darme una <strong>vivienda de protecci\u00f3n oficial<\/strong>, se la han dado a gente que no corresponde\u201d. Su hogar, seg\u00fan lo que declar\u00f3, pertenece a la Junta de Andaluc\u00eda: \u201c<strong>Como estoy desesperada, me met\u00ed dentro<\/strong>. Y aqu\u00ed sigo\u201d. Aclar\u00f3 entonces que el anterior propietario hab\u00eda fallecido \u201ctres meses\u201d antes.\n    <\/p>\n<p>    Petici\u00f3n de ayuda y respuesta del Ayuntamiento<\/p>\n<p class=\"article-text\">\n        El lamento de <strong>Paqui &#8216;La Coles&#8217;<\/strong> sobrecogi\u00f3 a Emma Garc\u00eda. \u201c<strong>Tengo una discapacidad por fibromialgia, y se lo debo a un programa de televisi\u00f3n<\/strong>\u201d, declar\u00f3 la entrevistada durante la conexi\u00f3n. Record\u00f3 entonces que form\u00f3 parte de un espacio donde era la encargada de ense\u00f1ar el pueblo: \u201cMe llamaron por tel\u00e9fono del Ayuntamiento, que yo entraba a trabajar ese d\u00eda\u201d. Tras incorporarse como limpiadora, su enfermedad \u201cdio m\u00e1s la cara\u201d.\n    <\/p>\n<p>    <a href=\"https:\/\/www.eldiario.es\/vertele\/noticias\/marc-santandreu-debuta-presentador-tierra-dominical-continuidad-primeros-temas_1_13358481.html\" data-mrf-recirculation=\"saber-mas-abajo\" data-dl-event=\"saber-mas-abajo\" rel=\"nofollow noopener\" target=\"_blank\"><\/p>\n<p class=\"know-more__title\">Marc Santandreu debuta como presentador del &#8216;Aqu\u00ed la Tierra&#8217; dominical con continuidad y primeros temas<\/p>\n<p>            <img decoding=\"async\" class=\"lazy\" loading=\"lazy\" data-src=\"https:\/\/static.eldiario.es\/clip\/8087a67c-c262-4c76-8e21-8aef977756f7_16-9-aspect-ratio_default_0.jpg\" src=\"data:image\/svg+xml,%3Csvg xmlns=\" http:=\"\" viewbox=\"0 0 880 495\" alt=\"Marc Santandreu debuta como presentador del 'Aqu\u00ed la Tierra' dominical con continuidad y primeros temas\"\/><\/p>\n<p>                        <\/a><\/p>\n<p class=\"article-text\">\n        Su intervenci\u00f3n en Fiesta ten\u00eda por objetivo que el relato llegase a las instituciones para que se le proporcione la ayuda que necesita: \u201cHe hablado con el alcalde del pueblo, he presentado todos los documentos m\u00e9dicos que se me han pedido y no he recibido ning\u00fan tipo de ayuda\u201d. <strong>Sa\u00fal Ortiz <\/strong>habl\u00f3 con el primer edil, destacando que <strong>ya se hab\u00eda iniciado el procedimiento<\/strong> habitual para evaluar qu\u00e9 tipo de ayudas puede recibir.\n    <\/p>\n","protected":false},"excerpt":{"rendered":"Paqui &#8216;La Coles&#8217; reapareci\u00f3 este domingo, 5 de julio, en Fiesta para pedir ayuda ante su delicada situaci\u00f3n&hellip;\n","protected":false},"author":2,"featured_media":644421,"comment_status":"","ping_status":"","sticky":false,"template":"","format":"standard","meta":{"footnotes":""},"categories":[91],"tags":[18931,3229,93241,861,5374,146,147,25,24,689,65741,10803,6495,859,23,692],"class_list":["post-644420","post","type-post","status-publish","format-standard","has-post-thumbnail","category-entretenimiento","tag-aguantar","tag-ayuda","tag-coles","tag-dificil","tag-economica","tag-entertainment","tag-entretenimiento","tag-es","tag-espana","tag-no","tag-paqui","tag-pedir","tag-reaparece","tag-situacion","tag-spain","tag-telecinco"],"share_on_mastodon":{"url":"https:\/\/pubeurope.com\/@es\/116873362638757321","error":""},"_links":{"self":[{"href":"https:\/\/www.europesays.com\/es\/wp-json\/wp\/v2\/posts\/644420","targetHints":{"allow":["GET"]}}],"collection":[{"href":"https:\/\/www.europesays.com\/es\/wp-json\/wp\/v2\/posts"}],"about":[{"href":"https:\/\/www.europesays.com\/es\/wp-json\/wp\/v2\/types\/post"}],"author":[{"embeddable":true,"href":"https:\/\/www.europesays.com\/es\/wp-json\/wp\/v2\/users\/2"}],"replies":[{"embeddable":true,"href":"https:\/\/www.europesays.com\/es\/wp-json\/wp\/v2\/comments?post=644420"}],"version-history":[{"count":0,"href":"https:\/\/www.europesays.com\/es\/wp-json\/wp\/v2\/posts\/644420\/revisions"}],"wp:featuredmedia":[{"embeddable":true,"href":"https:\/\/www.europesays.com\/es\/wp-json\/wp\/v2\/media\/644421"}],"wp:attachment":[{"href":"https:\/\/www.europesays.com\/es\/wp-json\/wp\/v2\/media?parent=644420"}],"wp:term":[{"taxonomy":"category","embeddable":true,"href":"https:\/\/www.europesays.com\/es\/wp-json\/wp\/v2\/categories?post=644420"},{"taxonomy":"post_tag","embeddable":true,"href":"https:\/\/www.europesays.com\/es\/wp-json\/wp\/v2\/tags?post=644420"}],"curies":[{"name":"wp","href":"https:\/\/api.w.org\/{rel}","templated":true}]}}