{"id":644466,"date":"2026-07-06T14:30:14","date_gmt":"2026-07-06T14:30:14","guid":{"rendered":"https:\/\/www.europesays.com\/es\/644466\/"},"modified":"2026-07-06T14:30:14","modified_gmt":"2026-07-06T14:30:14","slug":"el-video-de-isabelle-junot-con-sus-dos-hijas-que-revela-como-es-su-dia-a-dia-con-ellas-instagram-vs-realidad","status":"publish","type":"post","link":"https:\/\/www.europesays.com\/es\/644466\/","title":{"rendered":"El v\u00eddeo de Isabelle Junot con sus dos hijas que revela c\u00f3mo es su d\u00eda a d\u00eda con ellas: \u00abInstagram vs. realidad\u00bb"},"content":{"rendered":"<p id=\"eWI4tQrX_K\" data-wc=\"97\">Isabelle Junot contin\u00faa adapt\u00e1ndose a su nueva vida como mam\u00e1 de dos ni\u00f1as. La benjamina de la familia, la peque\u00f1a Simona, <a class=\"hm-link ho-link\" href=\"https:\/\/www.hola.com\/actualidad\/20260415895913\/isabelle-junot-ya-ha-dado-a-luz-a-su-segunda-hija-con-alvaro-falco\/\" data-mrf-recirculation=\"article-body-link\" rel=\"nofollow noopener\" target=\"_blank\">vino al mundo el pasado 14 de abril,<\/a> por lo que este ser\u00e1 el primer verano que la &#8216;coach&#8217; y su marido, \u00c1lvaro Falc\u00f3, pasen como familia de 4 miembros, contando tambi\u00e9n a su primera hija, Philippa, quien recientemente cumpli\u00f3 tres a\u00f1os. Pero \u00bfc\u00f3mo es ahora su vida con ellas? La marquesa de Cubas ha compartido un v\u00eddeo en el que podemos verlo, una grabaci\u00f3n que incluye una confesi\u00f3n sobre su d\u00eda a d\u00eda como madre.\u00a0<\/p>\n<p> <img src=\"https:\/\/www.europesays.com\/es\/wp-content\/uploads\/2026\/04\/a6cf9e5453bf-isabellejunot177679591338803677109829121677827796.jpg\"   width=\"1080\" height=\"1080\" loading=\"lazy\" decoding=\"async\" alt=\"Isabelle Junot, junto a sus hijas, Simona y Philippa\" fetchpriority=\"auto\" class=\"image ho-image\"\/>\u00a9 isabellejunotIsabelle Junot, junto a sus hijas, Simona y Philippa<br \/>\nLa confesi\u00f3n que han agradecido sus seguidores: vida real, no vida perfecta<\/p>\n<p id=\"eW5_lTGNTT\" data-wc=\"73\">En el v\u00eddeo que ha compartido Isabelle, en el que llama la atenci\u00f3n lo mucho que ha crecido Philippa, aparece con sus dos hijas vestidas a juego jugando, paseando, leyendo juntas un cuento o simplemente correteando por su casa. Sin embargo, tal y como ha revelado ella misma, el \u00abdetr\u00e1s de escena\u00bb no es tan perfecto como pueda parecer: \u00abOs confieso: Lo \u00fanico id\u00edlico aqu\u00ed son los mini outfits a juego\u00bb, ha escrito.<\/p>\n<p id=\"eR6VIHt6ni\" data-wc=\"105\">La marquesa de Cubas ha lanzado una confesi\u00f3n muy aplaudida reflexionando sobre lo que vemos en la pantalla&#8230; y lo que ocurre en la vida real: \u00abInstagram vs. reality: dos ni\u00f1as perfectamente coordinadas\u2026 a cambio de mucha negociaci\u00f3n 3 \u201cchuches\u201d (vitaminas, tranquilidad), un rato de tele prometido, varias persecuciones y unas cuantas tomas fallidas. Pero, entre todo ese caos, aparecen estos peque\u00f1os momentos que hacen que todo merezca la pena\u00bb, ha se\u00f1alado. Unas palabras que para sus seguidores han sido como un soplo de aire fresco: \u00abGracias por ser tan aut\u00e9ntica\u00bb, \u00a0o \u00abgracias por visibilizar la realidad\u00bb son algunos de los comentarios que ha recibido.\u00a0<\/p>\n<p> <img src=\"https:\/\/www.europesays.com\/es\/wp-content\/uploads\/2026\/07\/c07f529589be-foto1-ig.jpg\"   width=\"819\" height=\"1024\" loading=\"lazy\" decoding=\"async\" alt=\"La 'coach', con sus dos hijas\" fetchpriority=\"auto\" class=\"image ho-image\"\/>\u00a9 isa.healthy.lifeLa &#8216;coach&#8217; suele compartir sus confesiones y reflexiones con sus seguidores<br \/>\nLa naturalidad, su arma secreta<\/p>\n<p id=\"eoHI-iP21V\" data-wc=\"58\">Isabelle compagina su faceta como madre de dos ni\u00f1as peque\u00f1as con su trabajo como coach\u00a0nutricional. En este sentido, suele utilizar sus redes sociales para transmitir a sus seguidores sus consejos y puntos de vista, siempre de la forma m\u00e1s natural y honesta, aunque esto implique abrirse y confesar sus pensamientos m\u00e1s profundos e incluso sus puntos d\u00e9biles.\u00a0<\/p>\n<p id=\"eDuY4vjExgd\" data-wc=\"69\">Recientemente comparti\u00f3 una publicaci\u00f3n en la que reconoc\u00eda a sus seguidores las <a class=\"hm-link ho-link\" href=\"https:\/\/www.hola.com\/actualidad\/20260702910582\/isabelle-junot-reflexion-hijas-normal\/\" data-mrf-recirculation=\"article-body-link\" rel=\"nofollow noopener\" target=\"_blank\">confesiones que m\u00e1s le cuestan<\/a>. Bajo el t\u00edtulo \u00abcosas que me da pena admitir\u00bb, habl\u00f3 sobre desconexi\u00f3n digital, maternidad e incluso retoques est\u00e9ticos. \u00abAunque siempre intente ir a mejor hay que aceptar que todo es un proceso y toma su tiempo, tanto para mi como para otros. No te dejes llevar solo por lo que ves\u00bb, subray\u00f3. <\/p>\n<p>Te recomendamosSeguir leyendo<\/p>\n","protected":false},"excerpt":{"rendered":"Isabelle Junot contin\u00faa adapt\u00e1ndose a su nueva vida como mam\u00e1 de dos ni\u00f1as. La benjamina de la familia,&hellip;\n","protected":false},"author":2,"featured_media":644467,"comment_status":"","ping_status":"","sticky":false,"template":"","format":"standard","meta":{"footnotes":""},"categories":[174],"tags":[517,255,146,147,25,24,256,39747,23],"class_list":["post-644466","post","type-post","status-publish","format-standard","has-post-thumbnail","category-famosos","tag-actualidad","tag-celebrities","tag-entertainment","tag-entretenimiento","tag-es","tag-espana","tag-famosos","tag-isabelle-junot","tag-spain"],"share_on_mastodon":{"url":"https:\/\/pubeurope.com\/@es\/116873516965226951","error":""},"_links":{"self":[{"href":"https:\/\/www.europesays.com\/es\/wp-json\/wp\/v2\/posts\/644466","targetHints":{"allow":["GET"]}}],"collection":[{"href":"https:\/\/www.europesays.com\/es\/wp-json\/wp\/v2\/posts"}],"about":[{"href":"https:\/\/www.europesays.com\/es\/wp-json\/wp\/v2\/types\/post"}],"author":[{"embeddable":true,"href":"https:\/\/www.europesays.com\/es\/wp-json\/wp\/v2\/users\/2"}],"replies":[{"embeddable":true,"href":"https:\/\/www.europesays.com\/es\/wp-json\/wp\/v2\/comments?post=644466"}],"version-history":[{"count":0,"href":"https:\/\/www.europesays.com\/es\/wp-json\/wp\/v2\/posts\/644466\/revisions"}],"wp:featuredmedia":[{"embeddable":true,"href":"https:\/\/www.europesays.com\/es\/wp-json\/wp\/v2\/media\/644467"}],"wp:attachment":[{"href":"https:\/\/www.europesays.com\/es\/wp-json\/wp\/v2\/media?parent=644466"}],"wp:term":[{"taxonomy":"category","embeddable":true,"href":"https:\/\/www.europesays.com\/es\/wp-json\/wp\/v2\/categories?post=644466"},{"taxonomy":"post_tag","embeddable":true,"href":"https:\/\/www.europesays.com\/es\/wp-json\/wp\/v2\/tags?post=644466"}],"curies":[{"name":"wp","href":"https:\/\/api.w.org\/{rel}","templated":true}]}}