{"id":644502,"date":"2026-07-06T14:57:14","date_gmt":"2026-07-06T14:57:14","guid":{"rendered":"https:\/\/www.europesays.com\/es\/644502\/"},"modified":"2026-07-06T14:57:14","modified_gmt":"2026-07-06T14:57:14","slug":"marc-giro-cierra-la-primera-temporada-de-cara-al-show-en-lasexta-con-la-visita-de-roberto-leal-y-otros-dos-invitados","status":"publish","type":"post","link":"https:\/\/www.europesays.com\/es\/644502\/","title":{"rendered":"Marc Gir\u00f3 cierra la primera temporada de &#8216;Cara al Show&#8217; en laSexta con la visita de Roberto Leal y otros dos invitados"},"content":{"rendered":"<p class=\"article-text\">\n        La <strong>primera temporada <\/strong>de<strong> Cara al Show<\/strong> ya tiene fecha para <strong>finalizar sus emisiones<\/strong>. <strong>Marc Gir\u00f3<\/strong> se va de vacaciones tras la emisi\u00f3n de once programas, con un final donde recibir\u00e1 <strong>tres visitas muy diferentes<\/strong>. Por \u00faltima vez en este curso televisivo, el presentador se pondr\u00e1 frente a las c\u00e1maras en <strong>laSexta <\/strong>para lanzar un mon\u00f3logo de lo m\u00e1s provocador y para conducir su habitual ciclo semanal de entrevistas\u2026 encabezado por <strong>Roberto Leal<\/strong>.\n    <\/p>\n<p>    <a href=\"https:\/\/www.eldiario.es\/vertele\/videos\/marc-giro-desvela-audio-privado-yolanda-ramos-director-cara-al-show-acabo-inventar-cosa-cagas_7_13348153.html\" data-mrf-recirculation=\"saber-mas\" data-dl-event=\"saber-mas\" rel=\"nofollow noopener\" target=\"_blank\"><\/p>\n<p class=\"know-more__title\">Marc Gir\u00f3 desvela un \u00abaudio privado\u00bb de Yolanda Ramos al director de &#8216;Cara al Show&#8217;: \u00abMe acabo de inventar una cosa que te cagas\u00bb<\/p>\n<p>            <img decoding=\"async\" class=\"lazy\" loading=\"lazy\" data-src=\"https:\/\/static.eldiario.es\/clip\/e077a9ee-c18d-47f4-801a-7e6082da0769_16-9-aspect-ratio_default_0.jpg\" src=\"data:image\/svg+xml,%3Csvg xmlns=\" http:=\"\" viewbox=\"0 0 880 495\" alt=\"Marc Gir\u00f3 desvela un &quot;audio privado&quot; de Yolanda Ramos al director de 'Cara al Show': &quot;Me acabo de inventar una cosa que te cagas&quot;\"\/><\/p>\n<p>                            <img decoding=\"async\" class=\"ni-multimedia\" src=\"https:\/\/www.eldiario.es\/assets\/img\/svg\/icons\/gallery-video.h-2e826467718e0ad0cb33a0bdb174f603.svg\" alt=\"Marc Gir\u00f3 desvela un &quot;audio privado&quot; de Yolanda Ramos al director de 'Cara al Show': &quot;Me acabo de inventar una cosa que te cagas&quot;\"\/><br \/>\n                        <\/a><\/p>\n<p class=\"article-text\">\n        Todos los miembros del equipo se despedir\u00e1n de los espectadores hasta nuevo aviso este <strong>martes, 7 de julio<\/strong>. La und\u00e9cima emisi\u00f3n dar\u00e1 comienzo a partir de las 23:00 horas, recogiendo el testigo de <strong>El Intermedio: Summer Time<\/strong>. Adem\u00e1s, se enfrentar\u00e1 tambi\u00e9n con el <a href=\"https:\/\/www.eldiario.es\/vertele\/noticias\/al-cielo-con-ella-cierra-temporada-rtve-ana-torroja-lola-lolita-actuacion-final-henar-alvarez-vt_1_13358946.html\" target=\"_blank\" data-mrf-recirculation=\"links-noticia\" class=\"link\" rel=\"nofollow noopener\">adi\u00f3s de Henar \u00c1lvarez<\/a>, quien pone el broche final de <strong>Al cielo con ella<\/strong> ya con una renovaci\u00f3n anunciada en <strong>RTVE<\/strong>.\n    <\/p>\n<p class=\"article-text\">\n        Las principales bazas de Marc Gir\u00f3 en el cierre del curso son sus entrevistas. Primero recibir\u00e1 en el estudio a<strong> Leal<\/strong>, quien previsiblemente abordar\u00e1 cuestiones relacionadas con <strong>Pasapalabra <\/strong>y su <a href=\"https:\/\/www.eldiario.es\/vertele\/noticias\/david-trigo-cae-derrotado-pasapalabra-fallo-alaz-el-rosco-habria-dado-bueno_7_13353675.html\" target=\"_blank\" data-mrf-recirculation=\"links-noticia\" class=\"link\" rel=\"nofollow noopener\">nueva prueba final &#8216;AlaZ&#8217;<\/a>. \u201cEres un t\u00edo guapo y elegante. Adem\u00e1s, tienes un pelazo\u201d, le dice el andaluz al maestro de ceremonias durante la autopromoci\u00f3n difundida.\n    <\/p>\n<p class=\"article-text\">\n        Por otro lado, el programa contin\u00faa promocionando la visita de <strong>Quim Guti\u00e9rrez<\/strong>. El actor tomar\u00e1 asiento en plat\u00f3 para abordar sus \u00faltimos proyectos profesionales, dando paso a la intervenci\u00f3n de <strong>Joan Pradells<\/strong>. No es la primera vez que el influencer concede una entrevista en televisi\u00f3n: ya apareci\u00f3 previamente en La Revuelta, hablando abiertamente sobre las implicaciones del culturismo con David Broncano.\n    <\/p>\n<blockquote class=\"twitter-tweet\" data-lang=\"es\"><p><a href=\"https:\/\/twitter.com\/X\/status\/2074094059887489431?ref_src=twsrc%5Etfw\" rel=\"nofollow noopener\" target=\"_blank\"><\/p><\/blockquote>\n<p>    &#8216;Cara al Show&#8217; finaliza su primera temporada<\/p>\n<p class=\"article-text\">\n        Producido por <strong>Atresmedia <\/strong>en colaboraci\u00f3n con <strong>Minuto de Barras S.L.<\/strong>, la primera temporada de Cara al Show dir\u00e1 adi\u00f3s a los espectadores tras dar el<strong> salto desde RTVE<\/strong>. A fecha de publicaci\u00f3n de esta noticia \u2014y sin conocer las audiencias de su \u00faltimo programa\u2014, el formato alcanza un <strong>5.5% de cuota de pantalla<\/strong> y <strong>441.000 espectadores<\/strong>. Datos por debajo de las grandes expectativas, que no han permitido una victoria en su duelo con Henar \u00c1lvarez.\n    <\/p>\n<p>    <a href=\"https:\/\/www.eldiario.es\/vertele\/noticias\/marc-santandreu-debuta-presentador-tierra-dominical-continuidad-primeros-temas_1_13358481.html\" data-mrf-recirculation=\"saber-mas-abajo\" data-dl-event=\"saber-mas-abajo\" rel=\"nofollow noopener\" target=\"_blank\"><\/p>\n<p class=\"know-more__title\">Marc Santandreu debuta como presentador del &#8216;Aqu\u00ed la Tierra&#8217; dominical con continuidad y primeros temas<\/p>\n<p>            <img decoding=\"async\" class=\"lazy\" loading=\"lazy\" data-src=\"https:\/\/static.eldiario.es\/clip\/8087a67c-c262-4c76-8e21-8aef977756f7_16-9-aspect-ratio_default_0.jpg\" src=\"data:image\/svg+xml,%3Csvg xmlns=\" http:=\"\" viewbox=\"0 0 880 495\" alt=\"Marc Santandreu debuta como presentador del 'Aqu\u00ed la Tierra' dominical con continuidad y primeros temas\"\/><\/p>\n<p>                        <\/a><\/p>\n<p class=\"article-text\">\n        El <strong>m\u00e1ximo <\/strong>de temporada hasta ahora se firm\u00f3 en su <strong>noche de estreno<\/strong>, cuando Gir\u00f3 entrevist\u00f3 a Estopa, Jordi \u00c9vole, Eduardo Casanova y Chiara Oliver: alcanz\u00f3 un <strong>8.5%<\/strong> de share y <strong>727.000 <\/strong>televidentes de media. En la otra cara de la moneda se ubica su peor registro el pasado 30 de junio, con Antonio Orozco e Isa Calder\u00f3n: 3.7% y 318.000.\n    <\/p>\n<p>                                        <script async src=\"https:\/\/platform.twitter.com\/widgets.js\" charset=\"utf-8\"><\/script><\/p>\n","protected":false},"excerpt":{"rendered":"La primera temporada de Cara al Show ya tiene fecha para finalizar sus emisiones. Marc Gir\u00f3 se va&hellip;\n","protected":false},"author":2,"featured_media":644503,"comment_status":"","ping_status":"","sticky":false,"template":"","format":"standard","meta":{"footnotes":""},"categories":[171],"tags":[10903,380,2608,500,146,147,25,24,7957,3551,5622,15614,6489,1078,15613,526,23,1152,214,938],"class_list":["post-644502","post","type-post","status-publish","format-standard","has-post-thumbnail","category-tv","tag-10903","tag-al","tag-cara","tag-cierra","tag-entertainment","tag-entretenimiento","tag-es","tag-espana","tag-giro","tag-invitados","tag-lasexta","tag-leal","tag-marc","tag-primera","tag-roberto","tag-show","tag-spain","tag-temporada","tag-tv","tag-visita"],"share_on_mastodon":{"url":"","error":""},"_links":{"self":[{"href":"https:\/\/www.europesays.com\/es\/wp-json\/wp\/v2\/posts\/644502","targetHints":{"allow":["GET"]}}],"collection":[{"href":"https:\/\/www.europesays.com\/es\/wp-json\/wp\/v2\/posts"}],"about":[{"href":"https:\/\/www.europesays.com\/es\/wp-json\/wp\/v2\/types\/post"}],"author":[{"embeddable":true,"href":"https:\/\/www.europesays.com\/es\/wp-json\/wp\/v2\/users\/2"}],"replies":[{"embeddable":true,"href":"https:\/\/www.europesays.com\/es\/wp-json\/wp\/v2\/comments?post=644502"}],"version-history":[{"count":0,"href":"https:\/\/www.europesays.com\/es\/wp-json\/wp\/v2\/posts\/644502\/revisions"}],"wp:featuredmedia":[{"embeddable":true,"href":"https:\/\/www.europesays.com\/es\/wp-json\/wp\/v2\/media\/644503"}],"wp:attachment":[{"href":"https:\/\/www.europesays.com\/es\/wp-json\/wp\/v2\/media?parent=644502"}],"wp:term":[{"taxonomy":"category","embeddable":true,"href":"https:\/\/www.europesays.com\/es\/wp-json\/wp\/v2\/categories?post=644502"},{"taxonomy":"post_tag","embeddable":true,"href":"https:\/\/www.europesays.com\/es\/wp-json\/wp\/v2\/tags?post=644502"}],"curies":[{"name":"wp","href":"https:\/\/api.w.org\/{rel}","templated":true}]}}