{"id":644587,"date":"2026-07-06T16:00:23","date_gmt":"2026-07-06T16:00:23","guid":{"rendered":"https:\/\/www.europesays.com\/es\/644587\/"},"modified":"2026-07-06T16:00:23","modified_gmt":"2026-07-06T16:00:23","slug":"oficial-david-puig-jugara-el-open-championship-por-ranking-mundial","status":"publish","type":"post","link":"https:\/\/www.europesays.com\/es\/644587\/","title":{"rendered":"Oficial: David Puig jugar\u00e1 el Open Championship por ranking mundial"},"content":{"rendered":"<p>&#13;<br \/>\n        &#13;<br \/>\n&#13;<br \/>\n        &#13;<\/p>\n<p>            <a href=\"https:\/\/www.europesays.com\/es\/wp-content\/uploads\/2026\/07\/puiglivsudafricaviernes26.jpg\" data-caption=\"David Puig. (Photo by Pedro Salado\/LIV Golf)\"><img decoding=\"async\" loading=\"lazy\" width=\"1500\" height=\"1000\" class=\"entry-thumb td-modal-image\" src=\"https:\/\/www.europesays.com\/es\/wp-content\/uploads\/2026\/07\/puiglivsudafricaviernes26.jpg\" alt=\"David Puig. (Photo by Pedro Salado\/LIV Golf)\" title=\"David Puig. (Photo by Pedro Salado\/LIV Golf)\"\/><\/a>David Puig. (Photo by Pedro Salado\/LIV Golf)<\/p>\n<p>            David Puig ha recibido esta ma\u00f1ana uno de esos mensajes que te alegran el d\u00eda, la semana y hasta el mes. El Royal&amp;Ancient se ha puesto en contacto con el espa\u00f1ol para comunicarle que tiene plaza en el Open Championship que se celebrar\u00e1 en apenas 10 d\u00edas en Royal Bir<\/p>\n<p>Para seguir leyendo, Suscr\u00edbete<\/p>\n<p>    Subscription OptionsMENSUAL<\/p>\n<p>Unlimited  Entradas<\/p>\n<p>Unlimited  Galer\u00edas<\/p>\n<p>Unlimited  \u00c1lbumes<\/p>\n<p>Unlimited  P\u00e1ginas<\/p>\n<p>ANUAL + LIBRO<\/p>\n<p>Unlimited  Entradas<\/p>\n<p>Unlimited  Galer\u00edas<\/p>\n<p>Unlimited  \u00c1lbumes<\/p>\n<p>Unlimited  P\u00e1ginas<\/p>\n<p>ANUAL<\/p>\n<p>Unlimited  Entradas<\/p>\n<p>Unlimited  Galer\u00edas<\/p>\n<p>Unlimited  \u00c1lbumes<\/p>\n<p>Unlimited  P\u00e1ginas<\/p>\n<p>    Recibe 30 mulligans para gastar en <a href=\"https:\/\/thegame.ten-golf.com\" target=\"_blank\" rel=\"nofollow noopener\">TheGame<\/a> junto a tu suscripci\u00f3n anual (al final de la temporada se quitar\u00e1n los mulligans no gastados)<\/p>\n<p>    Pincha <a href=\"https:\/\/ten-golf.com\/tengolf-pone-en-marcha-el-muro-de-pago-y-crea-el-club-tengolf\" target=\"_blank\" rel=\"nofollow noopener\">aqu\u00ed<\/a> para saber m\u00e1s sobre las distintas suscripciones<\/p>\n<p>        &#13;<br \/>\n&#13;<br \/>\n        &#13;<br \/>\n            &#13;<br \/>\n            &#13;<br \/>\n&#13;<\/p>\n<p class=\"join-telegram\"><img decoding=\"async\" class=\"loading\" src=\"https:\/\/www.europesays.com\/es\/wp-content\/uploads\/2026\/07\/1783353623_946_telegram-icon.png\" alt=\"\"\/> S\u00edguenos tambi\u00e9n en <a href=\"https:\/\/telegram.org\/\" target=\"_blank\" style=\"font-weight: normal;\" rel=\"nofollow noopener\">Telegram<\/a> en el canal <a href=\"https:\/\/t.me\/tengolf\" target=\"_blank\" rel=\"nofollow\">@tengolf<\/a><\/p>\n<p>        &#13;<br \/>\n        <a class=\"will-load\" name=\"end-article\" data-id=\"post-222996\"\/>&#13;<\/p>\n","protected":false},"excerpt":{"rendered":"&#13; &#13; &#13; &#13; David Puig. (Photo by Pedro Salado\/LIV Golf) David Puig ha recibido esta ma\u00f1ana uno&hellip;\n","protected":false},"author":2,"featured_media":644588,"comment_status":"","ping_status":"","sticky":false,"template":"","format":"standard","meta":{"footnotes":""},"categories":[275],"tags":[7058,168,25,24,42177,329,336,339,340,1909,1910,42180,23,167,904],"class_list":["post-644587","post","type-post","status-publish","format-standard","has-post-thumbnail","category-golf","tag-david-puig","tag-deportes","tag-es","tag-espana","tag-exenciones","tag-golf","tag-notificacion","tag-portada-america","tag-portada-global","tag-portada-top","tag-portada-top-america","tag-royal-birkdale","tag-spain","tag-sports","tag-the-open-championship"],"share_on_mastodon":{"url":"https:\/\/pubeurope.com\/@es\/116873870877989364","error":""},"_links":{"self":[{"href":"https:\/\/www.europesays.com\/es\/wp-json\/wp\/v2\/posts\/644587","targetHints":{"allow":["GET"]}}],"collection":[{"href":"https:\/\/www.europesays.com\/es\/wp-json\/wp\/v2\/posts"}],"about":[{"href":"https:\/\/www.europesays.com\/es\/wp-json\/wp\/v2\/types\/post"}],"author":[{"embeddable":true,"href":"https:\/\/www.europesays.com\/es\/wp-json\/wp\/v2\/users\/2"}],"replies":[{"embeddable":true,"href":"https:\/\/www.europesays.com\/es\/wp-json\/wp\/v2\/comments?post=644587"}],"version-history":[{"count":0,"href":"https:\/\/www.europesays.com\/es\/wp-json\/wp\/v2\/posts\/644587\/revisions"}],"wp:featuredmedia":[{"embeddable":true,"href":"https:\/\/www.europesays.com\/es\/wp-json\/wp\/v2\/media\/644588"}],"wp:attachment":[{"href":"https:\/\/www.europesays.com\/es\/wp-json\/wp\/v2\/media?parent=644587"}],"wp:term":[{"taxonomy":"category","embeddable":true,"href":"https:\/\/www.europesays.com\/es\/wp-json\/wp\/v2\/categories?post=644587"},{"taxonomy":"post_tag","embeddable":true,"href":"https:\/\/www.europesays.com\/es\/wp-json\/wp\/v2\/tags?post=644587"}],"curies":[{"name":"wp","href":"https:\/\/api.w.org\/{rel}","templated":true}]}}