{"id":644730,"date":"2026-07-06T17:46:15","date_gmt":"2026-07-06T17:46:15","guid":{"rendered":"https:\/\/www.europesays.com\/es\/644730\/"},"modified":"2026-07-06T17:46:15","modified_gmt":"2026-07-06T17:46:15","slug":"el-escultor-y-guia-turistico-luis-alonso-propone-transformar-el-monumento-a-franco-en-un-homenaje-al-carnaval-de-santa-cruz","status":"publish","type":"post","link":"https:\/\/www.europesays.com\/es\/644730\/","title":{"rendered":"El escultor y gu\u00eda tur\u00edstico Luis Alonso propone transformar el monumento a Franco en un homenaje al Carnaval de Santa Cruz"},"content":{"rendered":"<p class=\"ft-text ft-helper-closenews\">Mientras las Administraciones p\u00fablicas contin\u00faan enfrascadas en el debate sobre el destino del conjunto escult\u00f3rico de <strong>Juan de \u00c1valos del monumento a Franco<\/strong>, ubicado en la avenida de Anaga, con el Ministerio de Pol\u00edtica Territorial y Memoria Democr\u00e1tica instando al Ayuntamiento de Santa Cruz de Tenerife a su retirada en cumplimiento de la <strong>Ley de Memoria Democr\u00e1tica<\/strong>, el gu\u00eda tur\u00edstico y escultor <strong>Luis Alonso<\/strong> plantea que este enclave, considerado el &#8216;kil\u00f3metro cero&#8217; desde donde arranca cada Carnaval con su Coso Apoteosis, rinda tributo a la fiesta chicharrera, declarada de <strong>Inter\u00e9s Tur\u00edstico Internacional en 1980<\/strong>.<\/p>\n<p class=\"ft-text\">Los Presupuestos Participativos impulsados por la Corporaci\u00f3n municipal tampoco han pasado de largo por el futuro del conocido como \u2018\u00e1ngel ca\u00eddo del cielo\u2019, con propuestas de marcado car\u00e1cter simb\u00f3lico, art\u00edstico e incluso humor\u00edstico. Desde encerrar la actual escultura en una gran jaula con barrotes rojos hasta sustituir el monumento por personajes de la cultura popular, como <strong>Batman<\/strong> o <strong>Sonic<\/strong>. Tambi\u00e9n se han planteado iniciativas vinculadas a la identidad local, como la instalaci\u00f3n de unas estatuas de <strong>las K-Narias<\/strong> o la creaci\u00f3n de un jard\u00edn vertical que transforme el entorno de la fuente.<\/p>\n<p>La reina del Carnaval, protagonista<\/p>\n<p class=\"ft-text\">La propuesta de Luis Alonso se remonta al <strong>13 de marzo de 2022<\/strong>, cuando plante\u00f3 convertir este espacio en un <strong>Monumento al Carnaval Internacional de Santa Cruz de Tenerife<\/strong>. Su idea pasa por fundir el \u00e1ngel y el cruzado del actual conjunto escult\u00f3rico para transformarlos en la Reina del Carnaval <strong>\u2018Tajaraste\u2019<\/strong>, situada sobre la isla de Tenerife y aprovechando el mismo sistema de agua existente.<\/p>\n<p class=\"ft-text\">El proyecto contempla, adem\u00e1s, convertir el muro trasero en una representaci\u00f3n de los cinco distritos que forman la capital, con cinco cascadas que caer\u00edan hacia el Atl\u00e1ntico, acompa\u00f1adas por elementos decorativos relacionados con la m\u00fasica o la danza. \u00abTodo desde una forma moderna, con mucho color, con la fuerza del agua y, sobre todo, mucho Carnaval\u00bb, resume Alonso.<\/p>\n<p class=\"ft-text\">Licenciado tambi\u00e9n en <strong>Bellas Artes<\/strong>, reivindica su pasi\u00f3n por la fiesta de la m\u00e1scara y su condici\u00f3n de chicharrero, al haber nacido en el barrio de <strong>El Toscal<\/strong>. De su infancia recuerda aquellas carrozas que se elaboraban en el cuartel de Artiller\u00eda de Almeyda gracias a \u2018Los Curbelos\u2019 o la primera murga que impuls\u00f3 Crist\u00f3bal en ese enclave, de la que a\u00fan conserva en la memoria uno de sus estribillos: \u00abAy macacaf\u00fa, ay macacaf\u00fa, a todos los negros nos gusta el bet\u00fan, y si no hay bet\u00fan, agua y palangana, y negrito a dormir debajo de la cama\u00bb.<\/p>\n<p>Una vida ligada al arte<\/p>\n<p class=\"ft-text\">El auge del sector tur\u00edstico llev\u00f3 a Luis Alonso, nacido en 1950, a establecerse en <strong>Puerto de la Cruz<\/strong>, donde desarroll\u00f3 su trayectoria como gu\u00eda sin abandonar su faceta creativa. Entre sus trabajos figura el homenaje a <strong>Telesforo Bravo<\/strong> con motivo del centenario de su nacimiento, que se materializ\u00f3 con la colocaci\u00f3n de una escultura dise\u00f1ada por \u00e9l e instalada en el <strong>Parque Nacional del Teide<\/strong>. Tambi\u00e9n propuso una escultura con forma de llave gigante en la ciudad tur\u00edstica como reconocimiento a su papel hist\u00f3rico como puerta de entrada de visitantes ilustres.<\/p>\n<p class=\"ft-text\">Su v\u00ednculo con el Carnaval tambi\u00e9n lleg\u00f3 al dise\u00f1o de fantas\u00edas. En Santa Cruz cre\u00f3 <strong>\u2018Danzarine de Yare\u2019<\/strong>, patrocinada por Arepera La Carajita, que desfil\u00f3 en 1988 durante la \u00faltima gala celebrada en la plaza de toros. Posteriormente present\u00f3 <strong>\u2018Nebulosa en Carnaval\u2019<\/strong>, en representaci\u00f3n de la Universidad Popular de Puerto de la Cruz, una fantas\u00eda que particip\u00f3 en el \u00faltimo Carnaval celebrado en el Parque San Francisco y que lleg\u00f3 a viajar hasta D\u00fcsseldorf.<\/p>\n<p class=\"ft-text\">Luis Alonso recupera ahora una propuesta art\u00edstica con la que busca poner en valor una de las grandes se\u00f1as de identidad de <strong>Santa Cruz y Tenerife<\/strong>, transformando un espacio marcado por la controversia hist\u00f3rica en un homenaje permanente al Carnaval.<\/p>\n<p data-close=\"closedContent\" class=\"subscribeHideForDisplay\">Suscr\u00edbete para seguir leyendo<\/p>\n","protected":false},"excerpt":{"rendered":"Mientras las Administraciones p\u00fablicas contin\u00faan enfrascadas en el debate sobre el destino del conjunto escult\u00f3rico de Juan de&hellip;\n","protected":false},"author":2,"featured_media":644731,"comment_status":"","ping_status":"","sticky":false,"template":"","format":"standard","meta":{"footnotes":""},"categories":[173],"tags":[5051,59583,229,233,231,230,14092,18200,232,234,146,147,25,24,4999,6552,911,10717,30216,23,1370,15818],"class_list":["post-644730","post","type-post","status-publish","format-standard","has-post-thumbnail","category-arte-y-diseno","tag-agua","tag-anaga","tag-arte","tag-arte-y-diseno","tag-arts","tag-arts-and-design","tag-avenida","tag-carnaval","tag-design","tag-diseno","tag-entertainment","tag-entretenimiento","tag-es","tag-espana","tag-franco","tag-homenaje","tag-memoria","tag-reina","tag-santa-cruz","tag-spain","tag-tenerife","tag-viste"],"share_on_mastodon":{"url":"https:\/\/pubeurope.com\/@es\/116874286716925163","error":""},"_links":{"self":[{"href":"https:\/\/www.europesays.com\/es\/wp-json\/wp\/v2\/posts\/644730","targetHints":{"allow":["GET"]}}],"collection":[{"href":"https:\/\/www.europesays.com\/es\/wp-json\/wp\/v2\/posts"}],"about":[{"href":"https:\/\/www.europesays.com\/es\/wp-json\/wp\/v2\/types\/post"}],"author":[{"embeddable":true,"href":"https:\/\/www.europesays.com\/es\/wp-json\/wp\/v2\/users\/2"}],"replies":[{"embeddable":true,"href":"https:\/\/www.europesays.com\/es\/wp-json\/wp\/v2\/comments?post=644730"}],"version-history":[{"count":0,"href":"https:\/\/www.europesays.com\/es\/wp-json\/wp\/v2\/posts\/644730\/revisions"}],"wp:featuredmedia":[{"embeddable":true,"href":"https:\/\/www.europesays.com\/es\/wp-json\/wp\/v2\/media\/644731"}],"wp:attachment":[{"href":"https:\/\/www.europesays.com\/es\/wp-json\/wp\/v2\/media?parent=644730"}],"wp:term":[{"taxonomy":"category","embeddable":true,"href":"https:\/\/www.europesays.com\/es\/wp-json\/wp\/v2\/categories?post=644730"},{"taxonomy":"post_tag","embeddable":true,"href":"https:\/\/www.europesays.com\/es\/wp-json\/wp\/v2\/tags?post=644730"}],"curies":[{"name":"wp","href":"https:\/\/api.w.org\/{rel}","templated":true}]}}