{"id":644771,"date":"2026-07-06T18:15:13","date_gmt":"2026-07-06T18:15:13","guid":{"rendered":"https:\/\/www.europesays.com\/es\/644771\/"},"modified":"2026-07-06T18:15:13","modified_gmt":"2026-07-06T18:15:13","slug":"nino-de-11-anos-murio-de-rabia-semanas-despues-de-que-un-murcielago-se-posara-sobre-su-rostro-mientras-dormia","status":"publish","type":"post","link":"https:\/\/www.europesays.com\/es\/644771\/","title":{"rendered":"Ni\u00f1o de 11 a\u00f1os muri\u00f3 de rabia semanas despu\u00e9s de que un murci\u00e9lago se posara sobre su rostro mientras dorm\u00eda"},"content":{"rendered":"<p>Un ni\u00f1o de 11 a\u00f1os falleci\u00f3 por rabia en la provincia de Ontario, Canad\u00e1, semanas despu\u00e9s de que un murci\u00e9lago se<b> posara sobre su rostro mientras dorm\u00eda en una casa de campo familiar.\u00a0<\/b><\/p>\n<p>El caso, publicado en el &#8216;Canadian Medical Association Journal&#8217;, pone de relieve que <b>una exposici\u00f3n al virus puede pasar desapercibida si no hay lesiones evidentes.<\/b><\/p>\n<p class=\"c-leatambien__titulo\"> LEA TAMBI\u00c9N <\/p>\n<p><img decoding=\"async\" alt=\"collage estados unidos\" width=\"120\" height=\"120\" loading=\"lazy\" src=\"https:\/\/imagenes2.eltiempo.com\/files\/image_120_120\/files\/fp\/uploads\/2026\/07\/06\/6a4bc4fdaceb7.r_d.774-311.jpeg\" data-full-src=\"https:\/\/www.europesays.com\/es\/wp-content\/uploads\/2026\/07\/6a4bc4fdaceb7.jpeg\"\/><\/p>\n<p>El menor despert\u00f3 al encontrar un murci\u00e9lago sobre su cara. Su padre logr\u00f3 atraparlo con una olla y posteriormente lo liber\u00f3 en el exterior, seg\u00fan inform\u00f3 &#8216;DW&#8217;.\u00a0<\/p>\n<p>Como el ni\u00f1o <b>no presentaba mordeduras, ara\u00f1azos, sangre ni otras lesiones visible<\/b>s, la familia decidi\u00f3 no buscar atenci\u00f3n m\u00e9dica.<\/p>\n<p>Los autores del estudio explican que las mordeduras de murci\u00e9lago pueden ser tan peque\u00f1as que resultan imperceptibles, por lo que una persona puede haber estado expuesta al virus de la rabia sin notar una lesi\u00f3n evidente.<\/p>\n<p class=\"c-cuerpo__media__txt\">Inicialmente fue diagnosticado con gingivoestomatitis herp\u00e9tica. Foto:iStock<\/p>\n<p>La enfermedad apareci\u00f3 semanas despu\u00e9s<\/p>\n<p>Seg\u00fan inform\u00f3 &#8216;The Guardian&#8217;, casi tres semanas despu\u00e9s del contacto con el murci\u00e9lago, el ni\u00f1o comenz\u00f3 a experimentar hormigueo, p\u00e9rdida de sensibilidad e inflamaci\u00f3n en el lado derecho del rostro.<\/p>\n<p>Inicialmente fue diagnosticado con gingivoestomatitis herp\u00e9tica, pero al conocerse el antecedente del murci\u00e9lago, el m\u00e9dico notific\u00f3 el caso a las autoridades sanitarias.<\/p>\n<p>Al d\u00eda siguiente, el estado del menor empeor\u00f3 r\u00e1pidamente. Present\u00f3 p\u00e9rdida de<b> sensibilidad facial, dificultades para hablar, fiebre, confusi\u00f3n y alucinaciones.\u00a0<\/b><\/p>\n<p>Fue trasladado a la unidad de cuidados intensivos del McMaster Children&#8217;s Hospital, en Hamilton, donde una resonancia magn\u00e9tica mostr\u00f3 lesiones en el tronco cerebral. Posteriormente, las pruebas confirmaron el diagn\u00f3stico de rabia.<\/p>\n<p>El equipo m\u00e9dico evalu\u00f3 la posibilidad de administrar anticuerpos directamente en el cerebro del paciente, pero tanto los especialistas como la familia descartaron esa opci\u00f3n debido a su car\u00e1cter invasivo y a la ausencia de evidencia sobre su eficacia.\u00a0<\/p>\n<p>Diecisiete d\u00edas despu\u00e9s de su hospitalizaci\u00f3n, <b>se retir\u00f3 el soporte vital y el ni\u00f1o falleci\u00f3 acompa\u00f1ado por su familia.<\/b><\/p>\n<p class=\"c-leatambien__titulo\"> LEA TAMBI\u00c9N <\/p>\n<p><img decoding=\"async\" alt=\"Suspenden sanci\u00f3n de tarjeta roja a Balogun.\" width=\"120\" height=\"120\" loading=\"lazy\" src=\"https:\/\/imagenes2.eltiempo.com\/files\/image_120_120\/uploads\/2026\/07\/06\/6a4ba5c4457fa.png\" data-full-src=\"https:\/\/www.europesays.com\/es\/wp-content\/uploads\/2026\/07\/6a4ba5c4457fa.png\"\/>La profilaxis puede prevenir la infecci\u00f3n<\/p>\n<p>Seg\u00fan el &#8216;Canadian Medical Association Journal&#8217;, la rabia es una de las enfermedades infecciosas con mayor tasa de mortalidad una vez aparecen los s\u00edntomas.\u00a0<\/p>\n<p>Sin embargo, la infecci\u00f3n puede prevenirse mediante la profilaxis posexposici\u00f3n, <b>un tratamiento que combina inmunoglobulinas y vacunas administradas <\/b>poco despu\u00e9s de una posible exposici\u00f3n al virus.<\/p>\n<p>Aunque la <b>rabia<\/b> humana es poco com\u00fan en <b>Canad\u00e1<\/b>, el Gobierno <b>canadiense ha documentado \u00fanicamente 28 casos desde 1924.\u00a0<\/b><\/p>\n<p class=\"c-cuerpo__media__txt\">El 99 % de las infecciones humanas por rabia son consecuencia de mordeduras de perros. Foto:iStock<\/p>\n<p>Adem\u00e1s, todos los casos registrados desde 1967 han estado relacionados con la transmisi\u00f3n por murci\u00e9lagos, sin reportes asociados a perros, mapaches o zorros.<\/p>\n<p>A nivel mundial, la situaci\u00f3n es diferente. Seg\u00fan la Organizaci\u00f3n Mundial de la Salud, el 99 % de las infecciones humanas por rabia son consecuencia de mordeduras de perros.<\/p>\n<p>*Este contenido fue escrito con la asistencia de una inteligencia artificial, basado en informacio\u0301n de conocimiento pu\u0301blico divulgado a medios de comunicacio\u0301n. Adema\u0301s, conto\u0301 con la revisio\u0301n de la periodista\u00a0y\u00a0una\u00a0editora.<\/p>\n<p>JOS GUERRERO<\/p>\n<p>REDACCI\u00d3N ALCANCE DIGITAL<\/p>\n<p>M\u00e1s noticias<\/p>\n","protected":false},"excerpt":{"rendered":"Un ni\u00f1o de 11 a\u00f1os falleci\u00f3 por rabia en la provincia de Ontario, Canad\u00e1, semanas despu\u00e9s de que&hellip;\n","protected":false},"author":2,"featured_media":644772,"comment_status":"","ping_status":"","sticky":false,"template":"","format":"standard","meta":{"footnotes":""},"categories":[92],"tags":[118694,118691,3730,17473,118692,25,24,13163,165,4084,1373,10237,8555,115779,93560,899,3572,50356,118690,597,118689,4500,4256,166,6625,23,1454,4619,2275,118693],"class_list":["post-644771","post","type-post","status-publish","format-standard","has-post-thumbnail","category-salud","tag-antirrabicas","tag-association","tag-canada","tag-canadian","tag-deutsche","tag-es","tag-espana","tag-guardian","tag-health","tag-humana","tag-infeccion","tag-journal","tag-medical","tag-mordedura","tag-murcielago","tag-nino","tag-oms","tag-ontario","tag-posexposicion","tag-prevencion","tag-profilaxis","tag-publica","tag-rabia","tag-salud","tag-sintomas","tag-spain","tag-vacunas","tag-viral","tag-virus","tag-welle"],"share_on_mastodon":{"url":"https:\/\/pubeurope.com\/@es\/116874401216418896","error":""},"_links":{"self":[{"href":"https:\/\/www.europesays.com\/es\/wp-json\/wp\/v2\/posts\/644771","targetHints":{"allow":["GET"]}}],"collection":[{"href":"https:\/\/www.europesays.com\/es\/wp-json\/wp\/v2\/posts"}],"about":[{"href":"https:\/\/www.europesays.com\/es\/wp-json\/wp\/v2\/types\/post"}],"author":[{"embeddable":true,"href":"https:\/\/www.europesays.com\/es\/wp-json\/wp\/v2\/users\/2"}],"replies":[{"embeddable":true,"href":"https:\/\/www.europesays.com\/es\/wp-json\/wp\/v2\/comments?post=644771"}],"version-history":[{"count":0,"href":"https:\/\/www.europesays.com\/es\/wp-json\/wp\/v2\/posts\/644771\/revisions"}],"wp:featuredmedia":[{"embeddable":true,"href":"https:\/\/www.europesays.com\/es\/wp-json\/wp\/v2\/media\/644772"}],"wp:attachment":[{"href":"https:\/\/www.europesays.com\/es\/wp-json\/wp\/v2\/media?parent=644771"}],"wp:term":[{"taxonomy":"category","embeddable":true,"href":"https:\/\/www.europesays.com\/es\/wp-json\/wp\/v2\/categories?post=644771"},{"taxonomy":"post_tag","embeddable":true,"href":"https:\/\/www.europesays.com\/es\/wp-json\/wp\/v2\/tags?post=644771"}],"curies":[{"name":"wp","href":"https:\/\/api.w.org\/{rel}","templated":true}]}}