{"id":644870,"date":"2026-07-06T19:28:12","date_gmt":"2026-07-06T19:28:12","guid":{"rendered":"https:\/\/www.europesays.com\/es\/644870\/"},"modified":"2026-07-06T19:28:12","modified_gmt":"2026-07-06T19:28:12","slug":"rutte-reclama-a-los-aliados-europeos-de-la-otan-planes-creibles-para-consolidar-el-rearme-internacional","status":"publish","type":"post","link":"https:\/\/www.europesays.com\/es\/644870\/","title":{"rendered":"Rutte reclama a los aliados europeos de la OTAN \u201cplanes cre\u00edbles\u201d para consolidar el rearme | Internacional"},"content":{"rendered":"<p class=\"\">El secretario general de la OTAN, Mark Rutte, ha reclamado este lunes a los aliados europeos que demuestren una hoja de ruta cre\u00edble para consolidar el rearme en el que est\u00e1 embarcado el continente. \u201cAqu\u00ed, en Ankara, espero de las naciones que presenten planes [de gasto] claros, concretos y cre\u00edbles para asegurarnos de que todos los pa\u00edses van por el buen camino hacia el objetivo [de inversi\u00f3n en defensa] del 5%\u201d, ha advertido en una rueda de prensa en la capital de Turqu\u00eda, donde este martes y mi\u00e9rcoles se re\u00fanen los jefes de Estado y de Gobierno de los 32 pa\u00edses de la OTAN en una cita que se percibe como el term\u00f3metro del compromiso del Estados Unidos de Donald Trump con la organizaci\u00f3n militar y que est\u00e1 pensada <a href=\"https:\/\/elpais.com\/internacional\/2026-07-06\/los-cinco-frentes-abiertos-que-amenazan-el-futuro-de-la-otan.html\" target=\"_self\" rel=\"nofollow noopener\" title=\"https:\/\/elpais.com\/internacional\/2026-07-06\/los-cinco-frentes-abiertos-que-amenazan-el-futuro-de-la-otan.html\">para mostrarle que Europa <\/a>cumple con sus compromisos.<\/p>\n<p class=\"\">En la cumbre de La Haya de 2025, los aliados se comprometieron a invertir un 3,5% en gasto militar puro y otro 1,5% adicional en infraestructuras, carreteras, puentes y puertos para que las tropas puedan moverse m\u00e1s r\u00e1pido en caso de crisis. En total, un 5%, como exig\u00eda la Administraci\u00f3n de Trump, excepto Espa\u00f1a, que aleg\u00f3 que pod\u00eda cumplir con sus compromisos con la Alianza invirtiendo un 2,1% del PIB. Madrid es uno de los pa\u00edses que m\u00e1s contribuye a las misiones y operaciones de la OTAN. <\/p>\n<p class=\"\"><a href=\"https:\/\/elpais.com\/internacional\/2026-07-05\/diplomatico-o-sirviente-de-trump-la-estrategia-de-rutte-para-salvar-la-otan.html\" target=\"_self\" rel=\"nofollow noopener\" title=\"https:\/\/elpais.com\/internacional\/2026-07-05\/diplomatico-o-sirviente-de-trump-la-estrategia-de-rutte-para-salvar-la-otan.html\">Rutte ha asegurado<\/a> este lunes que los aliados europeos de la OTAN ya han aumentado su gasto general de defensa, poniendo como ejemplo que Canad\u00e1 gastar\u00e1 este a\u00f1o alrededor del 4% de su PIB. \u201cEl a\u00f1o pasado, los europeos aliados y Canad\u00e1 gastaron casi un 20% m\u00e1s en defensa que el a\u00f1o anterior. Mirando a 2025 y 2026 combinados, eso es 258.000 millones de d\u00f3lares en inversiones adicionales\u201d, ha apuntado el neerland\u00e9s en Ankara la v\u00edspera de la cumbre. \u201cY la tendencia contin\u00faa\u201d, ha lanzado<\/p>\n<p class=\"\">Sin embargo, Rutte es consciente de que los n\u00fameros no son suficientes para satisfacer a Trump. El presidente estadounidense \u2014cuyo pa\u00eds dedica a Defensa el 3,1 % del PIB\u2014 ha azotado repetidamente a los aliados europeos por lo que considera un reducido gasto en defensa y ha llegado a amenazar con no salir en apoyo de los miembros que no hacen lo que \u00e9l considera suficiente. El magnate republicano ha pedido \u201clealtad\u201d a los aliados de a OTAN, despu\u00e9s de que algunos de ellos se negaron a permitir el uso de sus bases en la guerra entre Estados Unidos e Israel contra Ir\u00e1n.<\/p>\n<p class=\"\">El secretario general de la OTAN, que algunos consideran como el susurrador de Trump y que est\u00e1 invirtiendo un enorme capital pol\u00edtico en adular al presidente estadounidense para evitar que ataque a la Alianza, ha lanzado, sin embargo, un mensaje velado a aquellos socios que no tienen un plan claro para avanzar en la senda del rearme. \u201cSi todav\u00eda hay que convencer a uno o dos de ellos, tenemos formas de hacerlo\u201d, ha dicho. La semana pasada, el embajador estadounidense ante la OTAN, Matthew Whitaker, sugiri\u00f3 que Estados Unidos tiene algo reservado para aquellos que no dan un paso adelante.<\/p>\n<p class=\"\">EE UU ha anunciado que quiere transferir la carga de la defensa europea a los aliados del Viejo Continente para centrarse en otros entornos, como la zona de Asia-Pac\u00edfico. Por ello, ha informado que har\u00e1 repliegues de soldados al menos en Alemania, donde adem\u00e1s ha congelado el despliegue de importantes capacidades, y que dejar\u00e1 de poner a disposici\u00f3n de la OTAN en Europa elementos tan estrat\u00e9gicos como cazas, aviones cisterna o submarinos. Ahora, los socios del Viejo Continente se aprestan a cubrir los huecos. <\/p>\n<p class=\"\">Espa\u00f1a asegura que ha cumplido con los compromisos de capacidades previstos por la revisi\u00f3n de la OTAN; teniendo en cuenta que aporta a la organizaci\u00f3n militar con f\u00f3rmulas que no son solo fondos sino tambi\u00e9n inversi\u00f3n en investigaci\u00f3n o participaci\u00f3n en misiones y operaciones. Adem\u00e1s, en la <a href=\"https:\/\/elpais.com\/internacional\/2026-06-18\/ee-uu-lanza-una-revision-de-su-presencia-militar-en-europa-y-del-compromiso-de-los-aliados-con-trump.html\" target=\"_self\" rel=\"nofollow noopener\" title=\"https:\/\/elpais.com\/internacional\/2026-06-18\/ee-uu-lanza-una-revision-de-su-presencia-militar-en-europa-y-del-compromiso-de-los-aliados-con-trump.html\">reestructuraci\u00f3n de fuerzas <\/a>para cubrir los agujeros que deja EE UU en la seguridad de Europa, Espa\u00f1a ha prometido que pondr\u00e1 a disposici\u00f3n de la Alianza tres aeronaves de reabastecimiento en vuelo (tankers), ocho aviones caza y una fragata adicionales; as\u00ed como sistemas de defensa a\u00e9rea.<\/p>\n<p class=\"\">En una conversaci\u00f3n informal previa a la cumbre, fuentes del Gobierno espa\u00f1ol explicaron que, al contrario de lo dicho por Rutte, no se ha pedido a los pa\u00edses que en Ankara presenten planes basados en porcentajes estrictos, algo que ni siquiera aparece \u2014de momento\u2014 en el borrador de declaraci\u00f3n final de la cumbre, al que ha tenido acceso EL PA\u00cdS. Espa\u00f1a ya ha dejado claro que no comparte la visi\u00f3n de centrarse en el 5 % del PIB, sino en alcanzar capacidades, y, de hecho, cree que otros socios de la Alianza tampoco cumplir\u00e1n con esa meta num\u00e9rica. <\/p>\n","protected":false},"excerpt":{"rendered":"El secretario general de la OTAN, Mark Rutte, ha reclamado este lunes a los aliados europeos que demuestren&hellip;\n","protected":false},"author":2,"featured_media":644871,"comment_status":"","ping_status":"","sticky":false,"template":"","format":"standard","meta":{"footnotes":""},"categories":[42],"tags":[8738,17,18,70,71,72,15229,700,13,14,7913,69,7082,11,61,62,63,64,19,20,13066,9,10,15,16,1613,15488,1614,12,7081,21,22,1617,65,66,67],"class_list":["post-644870","post","type-post","status-publish","format-standard","has-post-thumbnail","category-internacional","tag-ataques-militares","tag-breaking-news","tag-breakingnews","tag-conflictos","tag-conflictos-armados","tag-conflictos-internacionales","tag-diplomacia","tag-europa","tag-featured-news","tag-featurednews","tag-gasto-militar","tag-guerra","tag-guerra-de-rusia-en-ucrania","tag-headlines","tag-internacional","tag-international","tag-international-news","tag-internationalnews","tag-latest-news","tag-latestnews","tag-mark-rutte","tag-news","tag-noticias","tag-noticias-destacadas","tag-noticiasdestacadas","tag-otan","tag-politica-exterior","tag-rusia","tag-titulares","tag-ucrania","tag-ultimas-noticias","tag-ultimasnoticias","tag-union-europea","tag-world","tag-world-news","tag-worldnews"],"share_on_mastodon":{"url":"","error":"Validation failed: Text character limit of 500 exceeded"},"_links":{"self":[{"href":"https:\/\/www.europesays.com\/es\/wp-json\/wp\/v2\/posts\/644870","targetHints":{"allow":["GET"]}}],"collection":[{"href":"https:\/\/www.europesays.com\/es\/wp-json\/wp\/v2\/posts"}],"about":[{"href":"https:\/\/www.europesays.com\/es\/wp-json\/wp\/v2\/types\/post"}],"author":[{"embeddable":true,"href":"https:\/\/www.europesays.com\/es\/wp-json\/wp\/v2\/users\/2"}],"replies":[{"embeddable":true,"href":"https:\/\/www.europesays.com\/es\/wp-json\/wp\/v2\/comments?post=644870"}],"version-history":[{"count":0,"href":"https:\/\/www.europesays.com\/es\/wp-json\/wp\/v2\/posts\/644870\/revisions"}],"wp:featuredmedia":[{"embeddable":true,"href":"https:\/\/www.europesays.com\/es\/wp-json\/wp\/v2\/media\/644871"}],"wp:attachment":[{"href":"https:\/\/www.europesays.com\/es\/wp-json\/wp\/v2\/media?parent=644870"}],"wp:term":[{"taxonomy":"category","embeddable":true,"href":"https:\/\/www.europesays.com\/es\/wp-json\/wp\/v2\/categories?post=644870"},{"taxonomy":"post_tag","embeddable":true,"href":"https:\/\/www.europesays.com\/es\/wp-json\/wp\/v2\/tags?post=644870"}],"curies":[{"name":"wp","href":"https:\/\/api.w.org\/{rel}","templated":true}]}}