{"id":644886,"date":"2026-07-06T19:43:20","date_gmt":"2026-07-06T19:43:20","guid":{"rendered":"https:\/\/www.europesays.com\/es\/644886\/"},"modified":"2026-07-06T19:43:20","modified_gmt":"2026-07-06T19:43:20","slug":"anita-williams-cuenta-como-fueron-sus-cuatro-meses-en-prision-la-carcel-en-espana-es-de-risa","status":"publish","type":"post","link":"https:\/\/www.europesays.com\/es\/644886\/","title":{"rendered":"Anita Williams cuenta c\u00f3mo fueron sus cuatro meses en prisi\u00f3n: \u00abLa c\u00e1rcel en Espa\u00f1a es de risa\u00bb"},"content":{"rendered":"<p class=\"PDq2pG_selectionAnchorContainer\"><b>Anita Williams<\/b>, conocida por su paso por el reality &#8216;La isla de las tentaciones&#8217;, donde protagoniz\u00f3 <a title=\"uno de los momentos m\u00e1s recordados junto a Jos\u00e9 Carlos Montoya y Sandra Barneda\" href=\"https:\/\/www.larazon.es\/television\/montoya-favor-viral-que-arrasa-mundo_2025020867a71ac5797cbb000144b731.html\" target=\"_blank\" rel=\"nofollow noopener\">uno de los momentos m\u00e1s recordados junto a Jos\u00e9 Carlos Montoya y Sandra Barneda<\/a>, ha desvelado ahora uno de los episodios m\u00e1s desconocidos de su vida. La exconcursante, que posteriormente fue cuarta clasificada en <a title=\"&#039;Supervivientes&#039;\" href=\"https:\/\/www.larazon.es\/television\/programas\/maica-gana-supervivientes-2026-primera-final-femenina-15-anos_202606126a2bb58a0f0ef63eb6670596.html\" target=\"_blank\" rel=\"nofollow noopener\">&#8216;Supervivientes&#8217;<\/a> y segunda en <a title=\"&#039;Gran Hermano D\u00fao&#039;\" href=\"https:\/\/www.larazon.es\/gente\/famosos\/anita-williams-muestra-dedo-amputado-demostrar-que-miente_2026031869bb18393156ba241d5afeae.html\" target=\"_blank\" rel=\"nofollow noopener\">&#8216;Gran Hermano D\u00fao&#8217;<\/a>, ha contado en el p\u00f3dcast \u00daltima llamada, presentado por Malbert en Podimo Espa\u00f1a, el motivo por el que termin\u00f3 en prisi\u00f3n durante cuatro meses. Seg\u00fan relat\u00f3, todo ocurri\u00f3 tras una broma con una amiga en la zona de Plaza Catalu\u00f1a, en Barcelona. \u00abEst\u00e1bamos un d\u00eda por Plaza Catalu\u00f1a haciendo el tonto y entr\u00e1bamos a una tienda\u00bb, explic\u00f3. La situaci\u00f3n dio un giro cuando, al estar estudiando para ser polic\u00eda, pidi\u00f3 a una amiga que facilitara su documentaci\u00f3n. \u00abMe denunciaron por <strong data-start=\"1183\" data-end=\"1212\">suplantaci\u00f3n de identidad<\/strong> y <strong data-start=\"1215\" data-end=\"1245\">usurpaci\u00f3n de estado civil<\/strong>\u00ab, record\u00f3, una condena que acab\u00f3 llev\u00e1ndola a ingresar en prisi\u00f3n. \u00abEntr\u00e9 en la c\u00e1rcel <strong data-start=\"1333\" data-end=\"1349\">cuatro meses<\/strong>\u00ab, resumi\u00f3 con naturalidad, asegurando que intent\u00f3 asumir la situaci\u00f3n cuanto antes porque, seg\u00fan dijo, \u00abme adapto a todo\u00bb.<\/p>\n<p>Durante la entrevista tambi\u00e9n relat\u00f3 c\u00f3mo fue su d\u00eda a d\u00eda entre rejas y sorprendi\u00f3 por la naturalidad con la que recuerda aquella etapa. \u00abO sociabilizas o est\u00e1s sola. <strong data-start=\"1642\" data-end=\"1690\">Yo prefiero sociabilizar con la gente chunga<\/strong>\u00ab, afirm\u00f3 entre risas, antes de revelar que incluso vivi\u00f3 un episodio de celos con otra interna despu\u00e9s de hacerse muy amiga de una reclusa que ten\u00eda pareja. \u00abCuando volvi\u00f3 la novia de permiso se puso s\u00faper celosa\u00bb, cont\u00f3. Anita tambi\u00e9n describi\u00f3 las instalaciones penitenciarias, asegurando que la celda era \u00abcomo en las pel\u00edculas\u00bb, aunque con \u00abun colch\u00f3n de mierda\u00bb, y defendi\u00f3 que <a title=\"la vida en prisi\u00f3n en Espa\u00f1a es mucho m\u00e1s c\u00f3moda de lo que la gente imagina\" href=\"https:\/\/www.larazon.es\/castilla-y-leon\/esta-carcel-mas-antiguas-espana-levanto-esta-impresionante-villa-medieval-puede-visitar_202606216a378c109f03cb0254d7be13.html\" target=\"_blank\" rel=\"nofollow noopener\">la vida en prisi\u00f3n en Espa\u00f1a es mucho m\u00e1s c\u00f3moda de lo que la gente imagina<\/a>. \u00abLa c\u00e1rcel en Espa\u00f1a <strong data-start=\"2172\" data-end=\"2186\">es de risa<\/strong>\u00ab, lleg\u00f3 a asegurar, argumentando que los internos disponen de \u00abtele, radio, internet, gimnasio y teatro\u00bb, e incluso afirm\u00f3 que \u00abhab\u00eda m\u00f3viles, si quieres\u00bb. En su opini\u00f3n, el sistema penitenciario espa\u00f1ol deber\u00eda ser mucho m\u00e1s estricto porque, seg\u00fan sostuvo, \u00abah\u00ed s\u00ed que tendr\u00edamos miedo de hacer cosas\u00bb al comparar las prisiones espa\u00f1olas con las de otros pa\u00edses, <a title=\"como Colombia.\" href=\"https:\/\/www.larazon.es\/internacional\/20220629\/ipqv6j4wyzaa5j62jyqvi7tpoi.html\" target=\"_blank\" rel=\"nofollow noopener\">como Colombia.<\/a><\/p>\n","protected":false},"excerpt":{"rendered":"Anita Williams, conocida por su paso por el reality &#8216;La isla de las tentaciones&#8217;, donde protagoniz\u00f3 uno de&hellip;\n","protected":false},"author":2,"featured_media":644887,"comment_status":"","ping_status":"","sticky":false,"template":"","format":"standard","meta":{"footnotes":""},"categories":[171],"tags":[517,4280,146,147,25,24,955,2662,23,692,807,214],"class_list":["post-644886","post","type-post","status-publish","format-standard","has-post-thumbnail","category-tv","tag-actualidad","tag-carcel","tag-entertainment","tag-entretenimiento","tag-es","tag-espana","tag-mediaset","tag-programas-de-television","tag-spain","tag-telecinco","tag-television","tag-tv"],"share_on_mastodon":{"url":"https:\/\/pubeurope.com\/@es\/116874747143937430","error":""},"_links":{"self":[{"href":"https:\/\/www.europesays.com\/es\/wp-json\/wp\/v2\/posts\/644886","targetHints":{"allow":["GET"]}}],"collection":[{"href":"https:\/\/www.europesays.com\/es\/wp-json\/wp\/v2\/posts"}],"about":[{"href":"https:\/\/www.europesays.com\/es\/wp-json\/wp\/v2\/types\/post"}],"author":[{"embeddable":true,"href":"https:\/\/www.europesays.com\/es\/wp-json\/wp\/v2\/users\/2"}],"replies":[{"embeddable":true,"href":"https:\/\/www.europesays.com\/es\/wp-json\/wp\/v2\/comments?post=644886"}],"version-history":[{"count":0,"href":"https:\/\/www.europesays.com\/es\/wp-json\/wp\/v2\/posts\/644886\/revisions"}],"wp:featuredmedia":[{"embeddable":true,"href":"https:\/\/www.europesays.com\/es\/wp-json\/wp\/v2\/media\/644887"}],"wp:attachment":[{"href":"https:\/\/www.europesays.com\/es\/wp-json\/wp\/v2\/media?parent=644886"}],"wp:term":[{"taxonomy":"category","embeddable":true,"href":"https:\/\/www.europesays.com\/es\/wp-json\/wp\/v2\/categories?post=644886"},{"taxonomy":"post_tag","embeddable":true,"href":"https:\/\/www.europesays.com\/es\/wp-json\/wp\/v2\/tags?post=644886"}],"curies":[{"name":"wp","href":"https:\/\/api.w.org\/{rel}","templated":true}]}}