{"id":644927,"date":"2026-07-06T20:16:24","date_gmt":"2026-07-06T20:16:24","guid":{"rendered":"https:\/\/www.europesays.com\/es\/644927\/"},"modified":"2026-07-06T20:16:24","modified_gmt":"2026-07-06T20:16:24","slug":"la-aemet-avisa-de-peligro-extraordinario-por-la-ola-de-calor-en-espana-hasta-44-grados-en-estas-zonas","status":"publish","type":"post","link":"https:\/\/www.europesays.com\/es\/644927\/","title":{"rendered":"La Aemet avisa de \u00abpeligro extraordinario\u00bb por la ola de calor en Espa\u00f1a: hasta 44 grados en estas zonas"},"content":{"rendered":"<p><img decoding=\"async\" class=\"v-ath__i\" loading=\"lazy\" src=\"https:\/\/www.europesays.com\/es\/wp-content\/uploads\/2026\/07\/autor-6148-foto-6.png\" alt=\"Marina Ortiz\"\/><\/p>\n<p>06\/07\/2026<\/p>\n<p>Actualizado a las 17:29h.<\/p>\n<p class=\"v-d-p\" style=\"\">Es oficial: la <a href=\"https:\/\/www.abc.es\/sociedad\/segunda-ola-calor-verano-llega-domingo-dejara-20260703140512-nt.html\" title=\"\" data-voc-vtm-id=\"in-text-traffic\" data-mrf-link=\"www.abc.es\" rel=\"nofollow noopener\" target=\"_blank\">segunda ola de calor <\/a>del verano ya est\u00e1 aqu\u00ed. Concretamente, dio comienzo este domingo, 5 de julio, al comenzar un episodio de <strong>temperaturas muy altas y persistentes<\/strong> durante varios d\u00edas de esta nueva semana. <\/p>\n<p class=\"v-d-p\" style=\"\">As\u00ed lo viene adviritendo la Agencia Estatal de Meteorolog\u00eda (<strong>Amet<\/strong>) desde hace unas jornadas, en las que no han dejado de publicar varios avisos especiales por calor a trav\u00e9s de sus redes sociales. <\/p>\n<p class=\"v-d-p\" style=\"\">Entre otras cosas, la Aemet ha informado a la ciudadan\u00eda espa\u00f1ola de la presencia de \u00ab<strong>temperaturas diurnas y nocturnas <\/strong>muy altas en la Pen\u00ednsula y Baleares\u00bb durante varios d\u00edas, con \u00abcalor intenso tambi\u00e9n en Canarias\u00bb y ha aprovechado para pedir precauci\u00f3n ante este fen\u00f3meno. <\/p>\n<ul class=\"v-cmp-rld__u\">\n<li class=\"v-cmp-rld__l\">\n<p><a class=\"v-a-lnk\" href=\"http:\/\/www.abc.es\/economia\/cuentas-corrientes\/olas-calor-derriten-economia-bajas-productividad-adios-20260703012407-nt.html#vtm_modulosEngag=noticiasrelacionadas-cmp-uno:sociedad:noticia:1\" data-voc-vtm-id=\"in-text-traffic\" rel=\"nofollow noopener\" target=\"_blank\"><br \/>\n<img decoding=\"async\" loading=\"lazy\" src=\"https:\/\/www.europesays.com\/es\/wp-content\/uploads\/2026\/07\/ola-calor-U87018025646EAb-366x256@diario_abc.jpg\" class=\"v-a-img\" width=\"258\" height=\"180\" alt=\"Las olas de calor derriten la econom\u00eda: m\u00e1s bajas y menos consumo en la calle\"\/><br \/>\n<\/a><\/p>\n<\/li>\n<\/ul>\n<p class=\"v-d-p\" style=\"\">A causa de la ola de calor, el organismo lanzaba avisos naranjas para para este lunes, se\u00f1alando \u00abpeligro importante\u00bb por temperaturas m\u00e1ximas de entre 37 y 42 gracos en varias zonas del pa\u00eds. Sin embargo, lo peor est\u00e1 por llegar este martes, fecha para la cual la Aemet ha publicado avisos rojos, los cuales suponen \u00abpeligro extraordinario\u00bb por term\u00f3metros que pueden llegar <strong>hasta los 44 grados en puntos de Arag\u00f3n, Catalu\u00f1a y Comunidad Valenciana<\/strong>.<\/p>\n<blockquote class=\"twitter-tweet\">\n<p lang=\"es\" dir=\"ltr\">\u26a0\ufe0f AVISO ESPECIAL | OLA DE CALOR<\/p>\n<p>\u27a1\ufe0f Temperaturas diurnas y nocturnas muy altas en la Pen\u00ednsula y Baleares hasta, al menos, el mi\u00e9rcoles 8.<\/p>\n<p>\u27a1\ufe0f Calor intenso tambi\u00e9n en Canarias.<\/p>\n<p>\u27a1\ufe0f Peligro importante e incluso extraordinario. \u00a1Precauci\u00f3n!<\/p>\n<p>+ info \ud83d\udc49<a href=\"https:\/\/t.co\/48Lsr8QC4f\" rel=\"nofollow\">https:\/\/t.co\/48Lsr8QC4f<\/a> <a href=\"https:\/\/t.co\/QTbX9Xx0q3\" rel=\"nofollow\">pic.twitter.com\/QTbX9Xx0q3<\/a><\/p>\n<p>\u2014 AEMET (@AEMET_Esp) <a href=\"https:\/\/x.com\/AEMET_Esp\/status\/2073750369176313862?ref_src=twsrc%5Etfw\" rel=\"nofollow\">July 5, 2026<\/a><\/p><\/blockquote>\n<blockquote class=\"twitter-tweet\">\n<p lang=\"es\" dir=\"ltr\">\u26a0\ufe0f AVISO ESPECIAL | OLA DE CALOR<\/p>\n<p>\u27a1\ufe0f Temperaturas diurnas y nocturnas muy altas en la Pen\u00ednsula y Baleares hasta, al menos, el mi\u00e9rcoles 8.<\/p>\n<p>\u27a1\ufe0f Calor intenso tambi\u00e9n en Canarias.<\/p>\n<p>\u27a1\ufe0f Peligro importante e incluso extraordinario. \u00a1Precauci\u00f3n!<\/p>\n<p>+ info \ud83d\udc49<a href=\"https:\/\/t.co\/48Lsr8QC4f\" rel=\"nofollow\">https:\/\/t.co\/48Lsr8QC4f<\/a> <a href=\"https:\/\/t.co\/QTbX9Xx0q3\" rel=\"nofollow\">pic.twitter.com\/QTbX9Xx0q3<\/a><\/p>\n<p>\u2014 AEMET (@AEMET_Esp) <a href=\"https:\/\/x.com\/AEMET_Esp\/status\/2073750369176313862?ref_src=twsrc%5Etfw\" rel=\"nofollow\">July 5, 2026<\/a><\/p><\/blockquote>\n<p class=\"v-d-p\" style=\"\">Entrando en detalle, la Aemet defin\u00eda este lunes como \u00abel d\u00eda \u00e1lgido del periodo\u00bb de la ola de calor \u00abcon <strong>nuevos ascensos t\u00e9rmicos<\/strong> en el Cant\u00e1brico oriental, que se extender\u00e1n en menor magnitud al valle del Ebro, meseta norte y tercio este peninsular, mientras que en el oeste de Galicia esperamos la entrada del flujo mar\u00edtimo que har\u00e1 descender las temperaturas, de manera notable en \u00e1reas litorales\u00bb.<\/p>\n<p class=\"v-d-p\" style=\"\">Destacan las temperaturas m\u00e1ximas que se esperan en el cuadrante suroccidental, con <strong>42 grados en el valle del Guadalquivir<\/strong>, y entre 39 y 41 en el valle del Ebro y depresiones del nordeste. En el Cant\u00e1brico oriental, en el interior de la Comunidad Valenciana, Mallorca y en ambas mesetas se podr\u00edan superar tambi\u00e9n los 40 grados localmente. En medio de tanto calor, se apunta a la posibilidad de \u00ab<strong>tormentas en el centro peninsular<\/strong>\u00bb con viento fuerte. <\/p>\n<p class=\"v-d-p\" style=\"\">Adem\u00e1s, el conjunto de estos fen\u00f3menos, entre otros factores, hace que el nivel de <strong>peligro de incendio <\/strong>aumente de manera generalizada, tal como apunta la Aemet. Cabe recordar tambi\u00e9n el riesgo que suponen las altas temperaturas para personas vulnerables en actividades al aire libre.<\/p>\n<p>\nPosibilidad de alcanzar los 44 grados este martes\n<\/p>\n<p class=\"v-d-p\" style=\"\">De cara al martes, 7 de julio, se notar\u00e1 eun leve descenso de las temperaturas en Galicia y el Cant\u00e1brico, donde fueron inusualmente altas el fin de semana. No obstante, \u00abse prev\u00e9n ascensos adicionales en el tercio este, depresiones del nordeste y en el valle del Ebro, lo que propiciar\u00e1 que se alcancen los 39-42 grados,<strong> e incluso, los 42-44 en el sur de Valencia<\/strong>. En buena parte de la Pen\u00ednsula y Baleares, tendr\u00edamos m\u00e1ximas de 36\u00baC-39 grados, aumentando a 39-42 en el cuadrante suroccidental\u00bb. <\/p>\n<p class=\"v-d-p\" style=\"\">Desde Meteored, por su parte, avisan de que las comunidades que m\u00e1s van a notar esta ola de calor son<strong> Extremadura, Andaluc\u00eda y Arag\u00f3n<\/strong>, pronosticando la posibilidad de que se registren hasta 45 grados el mi\u00e9rcoles en las provincias de Ja\u00e9n y C\u00f3rdoba. <\/p>\n<p>\n\u00bfCu\u00e1ndo acaba esta ola de calor?\n<\/p>\n<p class=\"v-d-p\" style=\"\">La Aemet ha anunciado que a\u00fan hay cierta incertidumbre sobre hasta cu\u00e1ndo va a durar este periodo de calor extremo. Aunque inicialmente se indica que las temperaturas bajan en el noroeste peninsular este mi\u00e9rcoles, se mantendr\u00edan \u00ab<strong>sin grandes cambios en el resto<\/strong> de la Pen\u00ednsula y Baleares\u00bb. <\/p>\n<p class=\"v-d-p\" style=\"\">As\u00ed, \u00ab<strong>a partir del jueves comenzar\u00edan los descensos t\u00e9rmicos<\/strong> por el suroeste peninsular y que se generalizar\u00edan a toda la Pen\u00ednsula durante los d\u00edas siguientes, por lo que es probable que este episodio finalice el mi\u00e9rcoles 8, aunque sin descartar que pudiera hacerlo el jueves 9\u00bb, informa el organismo meteorol\u00f3gico. <\/p>\n<p><script async src=\"https:\/\/platform.twitter.com\/widgets.js\" charset=\"utf-8\"><\/script><\/p>\n","protected":false},"excerpt":{"rendered":"06\/07\/2026 Actualizado a las 17:29h. Es oficial: la segunda ola de calor del verano ya est\u00e1 aqu\u00ed. Concretamente,&hellip;\n","protected":false},"author":2,"featured_media":644928,"comment_status":"","ping_status":"","sticky":false,"template":"","format":"standard","meta":{"footnotes":""},"categories":[8],"tags":[2980,7994,17,18,4922,93005,25,24,13,14,21090,11,19,20,9,10,15,16,3007,23,10965,12,21,22,6174,7996],"class_list":["post-644927","post","type-post","status-publish","format-standard","has-post-thumbnail","category-espana","tag-aemet","tag-avisa","tag-breaking-news","tag-breakingnews","tag-calor","tag-durar","tag-es","tag-espana","tag-featured-news","tag-featurednews","tag-grados","tag-headlines","tag-latest-news","tag-latestnews","tag-news","tag-noticias","tag-noticias-destacadas","tag-noticiasdestacadas","tag-ola","tag-spain","tag-superar","tag-titulares","tag-ultimas-noticias","tag-ultimasnoticias","tag-van","tag-zonas"],"share_on_mastodon":{"url":"https:\/\/pubeurope.com\/@es\/116874877264760775","error":""},"_links":{"self":[{"href":"https:\/\/www.europesays.com\/es\/wp-json\/wp\/v2\/posts\/644927","targetHints":{"allow":["GET"]}}],"collection":[{"href":"https:\/\/www.europesays.com\/es\/wp-json\/wp\/v2\/posts"}],"about":[{"href":"https:\/\/www.europesays.com\/es\/wp-json\/wp\/v2\/types\/post"}],"author":[{"embeddable":true,"href":"https:\/\/www.europesays.com\/es\/wp-json\/wp\/v2\/users\/2"}],"replies":[{"embeddable":true,"href":"https:\/\/www.europesays.com\/es\/wp-json\/wp\/v2\/comments?post=644927"}],"version-history":[{"count":0,"href":"https:\/\/www.europesays.com\/es\/wp-json\/wp\/v2\/posts\/644927\/revisions"}],"wp:featuredmedia":[{"embeddable":true,"href":"https:\/\/www.europesays.com\/es\/wp-json\/wp\/v2\/media\/644928"}],"wp:attachment":[{"href":"https:\/\/www.europesays.com\/es\/wp-json\/wp\/v2\/media?parent=644927"}],"wp:term":[{"taxonomy":"category","embeddable":true,"href":"https:\/\/www.europesays.com\/es\/wp-json\/wp\/v2\/categories?post=644927"},{"taxonomy":"post_tag","embeddable":true,"href":"https:\/\/www.europesays.com\/es\/wp-json\/wp\/v2\/tags?post=644927"}],"curies":[{"name":"wp","href":"https:\/\/api.w.org\/{rel}","templated":true}]}}