{"id":645267,"date":"2026-07-07T01:01:35","date_gmt":"2026-07-07T01:01:35","guid":{"rendered":"https:\/\/www.europesays.com\/es\/645267\/"},"modified":"2026-07-07T01:01:35","modified_gmt":"2026-07-07T01:01:35","slug":"todo-a-punto-para-el-torneo-rafa-nadal-tour-academy-by-santander-es-un-privilegio-ayudar-a-la-isla-a-organizar-este-tipo-de-eventos","status":"publish","type":"post","link":"https:\/\/www.europesays.com\/es\/645267\/","title":{"rendered":"Todo a punto para el Torneo Rafa Nadal Tour Academy by Santander: \u00abEs un privilegio ayudar a la isla a organizar este tipo de eventos\u00bb"},"content":{"rendered":"<p class=\"v-ath__p v-ath__p--1\">\nMarco Almenara\n<\/p>\n<p class=\"v-ath__p v-ath__p--2\">\nLas Palmas de Gran Canaria\n<\/p>\n<p>06\/07\/2026<\/p>\n<p>Actualizado a las 10:29h.<\/p>\n<p class=\"v-d-p\" style=\"\"><strong>Carlota Molina y Jorge S\u00e1nchez<\/strong> afrontan, con muchas ganas e ilusi\u00f3n, los \u00faltimos preparativos del <a href=\"https:\/\/www.canarias7.es\/deportes\/mas-deportes\/tenis\/torneo-rafa-nadal-tour-santander-llega-gran-20260630112031-nt.html\" target=\"_self\" data-voc-vtm-id=\"in-text-traffic\" data-mrf-link=\"www.canarias7.es\" rel=\"nofollow noopener\">Torneo Rafa Nadal Tour by Santander de Gran Canaria<\/a>, que empieza en menos de dos semanas, y del que son los directores deportivos. El campeonato, que celebra su quinta edici\u00f3n en la isla, se disputar\u00e1 del <strong>17 al 25 de julio en las pistas del Cortijo<\/strong>. Ambos han sido jugadores, pero ahora lo viven desde el otro lado. <\/p>\n<p class=\"v-d-p\" style=\"\">Esta edici\u00f3n ser\u00e1 especial, pues el n\u00famero de participantes se ha incrementado con respecto a otros a\u00f1os, lo que les hace estar \u00abmuy contentos\u00bb. No es para menos, ya que como organizaci\u00f3n deben hacer <strong>numerosos esfuerzos para que salga adelante<\/strong>: \u00abLes ofrecemos hospitalidad, comida, cena, transporte&#8230; Tambi\u00e9n les ofrecemos un alojamiento gratuito para que puedan venir m\u00e1s personas\u00bb, comenta Carlota Molina. <\/p>\n<p class=\"v-d-p\" style=\"\">Esto permite dar la oportunidad a todos los j\u00f3venes que de otra manera no podr\u00edan venir a Gran Canaria a disputar el torneo, debido al alto coste del viaje. \u00abTenemos la necesidad de tener que <strong>darle un alojamiento, y adem\u00e1s llegar a convenios con Binter<\/strong> para que el billete pueda ser un poquito m\u00e1s barato\u00bb, apunta Jorge S\u00e1nchez. <\/p>\n<p class=\"v-d-p\" style=\"\">Este circuito no es solo tenis, sino que va mucho m\u00e1s all\u00e1. \u00abEl Rafa Nadal Tour ofrece un sistema de valores y muchas actividades externas a la competici\u00f3n que les ayuda a mejorar y a educarlos tanto dentro como fuera de la pista\u00bb, se\u00f1ala la jugadora. Se trata de <strong>un sistema en el que se van sumando puntos gracias al buen comportamiento y a acudir a dichas actividades<\/strong>, que a final de a\u00f1o premia al que m\u00e1s puntos tenga con una invitaci\u00f3n al M\u00e1ster final, una iniciativa que ambos aplauden. <\/p>\n<p class=\"v-d-p\" style=\"\">Adem\u00e1s, seg\u00fan explica el responsable deportivo, el certamen tambi\u00e9n tiene <strong>causas ben\u00e9ficas<\/strong>, lo que lo diferencia del resto: \u00abToda la recaudaci\u00f3n de las inscripciones y de los patrocinadores va destinada a una fundaci\u00f3n que busca llevar el tenis a personas, ni\u00f1os y j\u00f3venes que est\u00e1n en situaciones desfavorables\u00bb. <\/p>\n<p class=\"v-d-p\" style=\"\">Esto va muy en la l\u00ednea de lo que ha sido Rafa Nadal como deportista y como persona. Su influencia trasciende m\u00e1s all\u00e1 de las fronteras, y es una figura m\u00e1s que respetada en todos los \u00e1mbitos. Para Carlota Molina, que el torneo lleve su nombre es algo que \u00ab<strong>ayuda a impulsar el circuito, pues es una figura gigante y el ejemplo m\u00e1s grande para seguir a nivel deportivo para los ni\u00f1os<\/strong>\u00bb. <\/p>\n<p class=\"v-d-p\" style=\"\">La elecci\u00f3n de Gran Canaria como una de las sedes es todo un orgullo para ellos: \u00ab<strong>Es un privilegio y estamos s\u00faper contentos de poder ayudar a la isla a que se sigan haciendo eventos deportivos de este calibre<\/strong>\u00bb. Se trata, adem\u00e1s, de una oportunidad \u00fanica para que los<strong> j\u00f3venes tenistas del archipi\u00e9lago puedan demostrar su nivel<\/strong> cerca de casa. \u00abSiempre hay muchas raquetas canarias dentro de ese M\u00e1ster nacional y sobre todo en el Cortijo\u00bb puntualiza el director deportivo. <\/p>\n<p class=\"v-d-p\" style=\"\">\u00abPara los j\u00f3venes es el mayor torneo que hay a nivel nacional, <strong>ganar un m\u00e1ster del Rafa Nadal Tour es lo m\u00e1s top que un ni\u00f1o puede aspirar<\/strong> a ganar. En Espa\u00f1a para su edad no hay otra cosa mejor, junto con los campeonatos de Espa\u00f1a y la selecci\u00f3n es lo m\u00e1s importante\u00bb, a\u00f1ade la dirigente.<\/p>\n<p>\nLa vida detr\u00e1s de la pista\n<\/p>\n<p class=\"v-d-p\" style=\"\">Ahora son directores deportivos del certamen, pero en su momento fueron jugadores. Han pasado de vivir el tenis sobre la pista a hacer detr\u00e1s de ella. Para Carlota Molina <strong>eso da \u00abuna perspectiva diferente\u00bb, que permite ayudar a los jugadores<\/strong> porque saben \u00ablo que se siente y lo que es una buena organizaci\u00f3n\u00bb, lo que le hace partir con ventaja al tener \u00abuna base deportiva anterior\u00bb. Aun as\u00ed, el cambio se nota, pero se esfuerzan en hacerlo lo mejor posible. <\/p>\n<p class=\"v-d-p\" style=\"\">Por su parte, Jorge ahora ve el tenis \u00abdesde otro punto de vista\u00bb, pero intenta <strong>aprovechar toda la experiencia<\/strong> que tiene para \u00abintentar que cada evento sea cada vez mejor\u00bb, pero siempre \u00abaprendiendo de los errores\u00bb. <\/p>\n<p class=\"v-d-p\" style=\"\">Ambos, desde su experiencia como jugadores, y tambi\u00e9n como parte organizadora del torneo, <strong>animan a todo el mundo a apuntarse, independientemente del nivel<\/strong>: \u00abContamos con una fase previa en cada cuadro, donde no se necesita un nivel o un ranking espec\u00edfico para entrar, sino que las puertas est\u00e1n abiertas para todo el que tenga una licencia y pueda competir\u00bb. <strong>Hasta este martes 7 de julio estar\u00e1n las inscripciones abiertas<\/strong>. <\/p>\n<p class=\"v-d-p\" style=\"\">Las puertas a los aficionados est\u00e1n igual de abiertas, pues animan a todo el que pueda a acudir al Cortijo. \u00abEs una gran experiencia y aunque no te guste el tenis, pasarse a verlo, ver c\u00f3mo compiten, el ambiente que hay, los ni\u00f1os&#8230; <strong>Invitamos a todo el mundo a verlo porque es algo \u00fanico<\/strong>\u00bb, sentencian.<\/p>\n","protected":false},"excerpt":{"rendered":"Marco Almenara Las Palmas de Gran Canaria 06\/07\/2026 Actualizado a las 10:29h. Carlota Molina y Jorge S\u00e1nchez afrontan,&hellip;\n","protected":false},"author":2,"featured_media":645268,"comment_status":"","ping_status":"","sticky":false,"template":"","format":"standard","meta":{"footnotes":""},"categories":[274],"tags":[17766,7447,168,25,24,4806,3643,3489,29031,23490,2320,12830,964,23,167,327,326,6593,775,316],"class_list":["post-645267","post","type-post","status-publish","format-standard","has-post-thumbnail","category-tenis","tag-academy","tag-ayudar","tag-deportes","tag-es","tag-espana","tag-eventos","tag-isla","tag-nadal","tag-organizar","tag-privilegio","tag-punto","tag-rafa","tag-santander","tag-spain","tag-sports","tag-tenis","tag-tennis","tag-tipo","tag-torneo","tag-tour"],"share_on_mastodon":{"url":"https:\/\/pubeurope.com\/@es\/116875997442008123","error":""},"_links":{"self":[{"href":"https:\/\/www.europesays.com\/es\/wp-json\/wp\/v2\/posts\/645267","targetHints":{"allow":["GET"]}}],"collection":[{"href":"https:\/\/www.europesays.com\/es\/wp-json\/wp\/v2\/posts"}],"about":[{"href":"https:\/\/www.europesays.com\/es\/wp-json\/wp\/v2\/types\/post"}],"author":[{"embeddable":true,"href":"https:\/\/www.europesays.com\/es\/wp-json\/wp\/v2\/users\/2"}],"replies":[{"embeddable":true,"href":"https:\/\/www.europesays.com\/es\/wp-json\/wp\/v2\/comments?post=645267"}],"version-history":[{"count":0,"href":"https:\/\/www.europesays.com\/es\/wp-json\/wp\/v2\/posts\/645267\/revisions"}],"wp:featuredmedia":[{"embeddable":true,"href":"https:\/\/www.europesays.com\/es\/wp-json\/wp\/v2\/media\/645268"}],"wp:attachment":[{"href":"https:\/\/www.europesays.com\/es\/wp-json\/wp\/v2\/media?parent=645267"}],"wp:term":[{"taxonomy":"category","embeddable":true,"href":"https:\/\/www.europesays.com\/es\/wp-json\/wp\/v2\/categories?post=645267"},{"taxonomy":"post_tag","embeddable":true,"href":"https:\/\/www.europesays.com\/es\/wp-json\/wp\/v2\/tags?post=645267"}],"curies":[{"name":"wp","href":"https:\/\/api.w.org\/{rel}","templated":true}]}}