{"id":645332,"date":"2026-07-07T01:52:25","date_gmt":"2026-07-07T01:52:25","guid":{"rendered":"https:\/\/www.europesays.com\/es\/645332\/"},"modified":"2026-07-07T01:52:25","modified_gmt":"2026-07-07T01:52:25","slug":"pon-nota-a-los-jugadores-de-la-seleccion-espanola-y-a-luis-de-la-fuente-en-la-victoria-ante-portugal-en-el-mundial","status":"publish","type":"post","link":"https:\/\/www.europesays.com\/es\/645332\/","title":{"rendered":"Pon nota a los jugadores de la selecci\u00f3n espa\u00f1ola y a Luis de la Fuente en la victoria ante Portugal en el Mundial"},"content":{"rendered":"<p>06\/07\/2026<\/p>\n<p>Actualizado a las 23:37h.<\/p>\n<p class=\"v-d-p\" style=\"\">Espa\u00f1a contin\u00faa su camino hacia la final del 19 de julio en Nueva York. Hubo que esperar al <strong>minuto 91<\/strong> para el \u00fanico gol de un partido contra Portugal que estaba abocado a la pr\u00f3rroga.<\/p>\n<p class=\"v-d-p\" style=\"\">Sin embargo, Ferran Torres encontr\u00f3 entre l\u00edneas a <strong>Mikel Merino<\/strong>, que defini\u00f3 fuera del alcance de Diogo Costa para meter a Espa\u00f1a en <a href=\"https:\/\/www.abc.es\/deportes\/futbol\/mundial\/cuando-jugaria-espana-proximo-partido-mundial-dia-hora-rival-20260706185730-nt.html\" title=\"\" data-voc-vtm-id=\"in-text-traffic\" data-mrf-link=\"www.abc.es\" rel=\"nofollow noopener\" target=\"_blank\">cuartos de final<\/a>.<\/p>\n<p class=\"v-d-p\" style=\"\">El pr\u00f3ximo rival de la selecci\u00f3n espa\u00f1ola ser\u00e1 el vencedor del Estados Unidos &#8211; B\u00e9lgica, encuentro de octavos que se disputa en la madrugada del lunes 6 al martes 7.<\/p>\n<ul class=\"v-cmp-rld__u\">\n<li class=\"v-cmp-rld__l\">\n<p><a class=\"v-a-lnk\" href=\"http:\/\/www.abc.es\/deportes\/futbol\/mundial\/espana-camino-sonar-20260706230509-nt.html#vtm_modulosEngag=noticiasrelacionadas-cmp-uno:deportes:noticia:1\" data-voc-vtm-id=\"in-text-traffic\" rel=\"nofollow noopener\" target=\"_blank\"><br \/>\n<img decoding=\"async\" loading=\"lazy\" src=\"https:\/\/www.europesays.com\/es\/wp-content\/uploads\/2026\/07\/portu-U65130251724UkF-366x256@diario_abc.jpg\" class=\"v-a-img\" width=\"258\" height=\"180\" alt=\"Espa\u00f1a se hace camino para so\u00f1ar\"\/><br \/>\n<\/a><\/p>\n<\/li>\n<\/ul>\n<p class=\"v-d-p\" style=\"\">Pon nota a los jugadores de la selecci\u00f3n:<\/p>\n<p>\nTitulares\n<\/p>\n<p><img decoding=\"async\" loading=\"lazy\" src=\"https:\/\/www.europesays.com\/es\/wp-content\/uploads\/2026\/07\/unai-U44547022372mPu-101x101@diario_abc.png\" class=\"v-cmp-chp__i\" alt=\"Unai Sim\u00f3n\" width=\"101\" height=\"101\"\/><\/p>\n<p>Unai Sim\u00f3n<\/p>\n<p><img decoding=\"async\" loading=\"lazy\" src=\"https:\/\/www.europesays.com\/es\/wp-content\/uploads\/2026\/07\/porro-U46662263424sWI-101x101@diario_abc.png\" class=\"v-cmp-chp__i\" alt=\"Pedro Porro\" width=\"101\" height=\"101\"\/><\/p>\n<p>Pedro Porro<\/p>\n<p><img decoding=\"async\" loading=\"lazy\" src=\"https:\/\/www.europesays.com\/es\/wp-content\/uploads\/2026\/07\/cubarsi-U34553573700XXy-101x101@diario_abc.png\" class=\"v-cmp-chp__i\" alt=\"Pau Cubars\u00ed\" width=\"101\" height=\"101\"\/><\/p>\n<p>Pau Cubars\u00ed<\/p>\n<p><img decoding=\"async\" loading=\"lazy\" src=\"https:\/\/www.europesays.com\/es\/wp-content\/uploads\/2026\/07\/laporte-U37655315714sok-101x101@diario_abc.png\" class=\"v-cmp-chp__i\" alt=\"Aymeric Laporte\" width=\"101\" height=\"101\"\/><\/p>\n<p>Aymeric Laporte<\/p>\n<p><img decoding=\"async\" loading=\"lazy\" src=\"https:\/\/www.europesays.com\/es\/wp-content\/uploads\/2026\/07\/cucurella-U43887348552UBG-101x101@diario_abc.png\" class=\"v-cmp-chp__i\" alt=\"Marc Cucurella\" width=\"101\" height=\"101\"\/><\/p>\n<p>Marc Cucurella<\/p>\n<p><img decoding=\"async\" loading=\"lazy\" src=\"https:\/\/www.europesays.com\/es\/wp-content\/uploads\/2026\/07\/rodri_20260621182942-U67656808442fUS-101x101@diario_abc.png\" class=\"v-cmp-chp__i\" alt=\"Rodri Hern\u00e1ndez\" width=\"101\" height=\"101\"\/><\/p>\n<p>Rodri Hern\u00e1ndez<\/p>\n<p><img decoding=\"async\" loading=\"lazy\" src=\"https:\/\/www.europesays.com\/es\/wp-content\/uploads\/2026\/07\/pedri_20260621183226-U42506712145Bpw-101x101@diario_abc.png\" class=\"v-cmp-chp__i\" alt=\"Pedri Gonz\u00e1lez\" width=\"101\" height=\"101\"\/><\/p>\n<p>Pedri Gonz\u00e1lez<\/p>\n<p><img decoding=\"async\" loading=\"lazy\" src=\"https:\/\/www.europesays.com\/es\/wp-content\/uploads\/2026\/07\/yamal_20260621183253-U13337828441Rac-101x101@diario_abc.png\" class=\"v-cmp-chp__i\" alt=\"Lamine Yamal\" width=\"101\" height=\"101\"\/><\/p>\n<p>Lamine Yamal<\/p>\n<p><img decoding=\"async\" loading=\"lazy\" src=\"https:\/\/www.europesays.com\/es\/wp-content\/uploads\/2026\/07\/olmo_20260621183340-U12381417112PjS-101x101@diario_abc.png\" class=\"v-cmp-chp__i\" alt=\"Dani Olmo\" width=\"101\" height=\"101\"\/><\/p>\n<p>Dani Olmo<\/p>\n<p><img decoding=\"async\" loading=\"lazy\" src=\"https:\/\/www.europesays.com\/es\/wp-content\/uploads\/2026\/07\/baena_20260621183408-U12425365177Oer-101x101@diario_abc.png\" class=\"v-cmp-chp__i\" alt=\"\u00c1lex Baena\" width=\"101\" height=\"101\"\/><\/p>\n<p>\u00c1lex Baena<\/p>\n<p><img decoding=\"async\" loading=\"lazy\" src=\"https:\/\/www.europesays.com\/es\/wp-content\/uploads\/2026\/07\/oyarzabal_20260621183525-U10665104383KLL-101x101@diario_abc.png\" class=\"v-cmp-chp__i\" alt=\"Mikel Oyarzabal\" width=\"101\" height=\"101\"\/><\/p>\n<p>Mikel Oyarzabal<\/p>\n<p>\nSeleccionador\n<\/p>\n<p><img decoding=\"async\" loading=\"lazy\" src=\"https:\/\/www.europesays.com\/es\/wp-content\/uploads\/2026\/07\/delafuente-U64147768047ZZC-101x101@diario_abc.png\" class=\"v-cmp-chp__i\" alt=\"Luis de la Fuente\" width=\"101\" height=\"101\"\/><\/p>\n<p>Luis de la Fuente<\/p>\n<p>\nSuplentes\n<\/p>\n<p><img decoding=\"async\" loading=\"lazy\" src=\"https:\/\/www.europesays.com\/es\/wp-content\/uploads\/2026\/07\/torres-U55783612262hML-101x101@diario_abc.png\" class=\"v-cmp-chp__i\" alt=\"Ferran Torres\" width=\"101\" height=\"101\"\/><\/p>\n<p>Ferran Torres<\/p>\n<p><img decoding=\"async\" loading=\"lazy\" src=\"https:\/\/www.europesays.com\/es\/wp-content\/uploads\/2026\/07\/merino-U24027537456LgH-101x101@diario_abc.png\" class=\"v-cmp-chp__i\" alt=\"Mikel Merino\" width=\"101\" height=\"101\"\/><\/p>\n<p>Mikel Merino<\/p>\n<p><img decoding=\"async\" loading=\"lazy\" src=\"https:\/\/www.europesays.com\/es\/wp-content\/uploads\/2026\/07\/fabian-U54663640650YAm-101x101@diario_abc.png\" class=\"v-cmp-chp__i\" alt=\"Fabi\u00e1n Ruiz\" width=\"101\" height=\"101\"\/><\/p>\n<p>Fabi\u00e1n Ruiz<\/p>\n<p>\nPr\u00f3ximo partido\n<\/p>\n<p class=\"v-d-p\" style=\"\">La selecci\u00f3n jugar\u00e1 los cuartos de final el viernes 10 de julio a las 21.00 horas. Su <strong>rival sale del Estados Unidos &#8211; B\u00e9lgica<\/strong>, encuentro <a href=\"https:\/\/www.abc.es\/deportes\/futbol\/mundial\/trump-defiende-llamada-fifa-balogun-era-falta-20260706163441-nt.html\" title=\"\" data-voc-vtm-id=\"in-text-traffic\" data-mrf-link=\"www.abc.es\" rel=\"nofollow noopener\" target=\"_blank\">envuelto en pol\u00e9mica<\/a> que se disputa en la madrugada del lunes 6 al martes 7.<\/p>\n<p>Cuadro del Mundial<\/p>\n<p>\nResultado real<br \/>\nGanador<br \/>\nEliminado\n<\/p>\n<p>\nReiniciar\n<\/p>\n<p>Mu\u00e9vete de forma horizontal por el cuadro para completar los cruces<\/p>\n<p>\nCompartir<br \/>\nDescargar imagen\n<\/p>\n<p>\nTu campe\u00f3n es\n<\/p>\n<p>\u00a1Cuadro completado!<\/p>\n<p class=\"voc-modal-champ\">Tu campe\u00f3n es <b id=\"voc-modal-champ\"\/><\/p>\n<p>\nCompartir pron\u00f3stico<br \/>\nDescargar imagen<br \/>\nVolver\n<\/p>\n<p><img id=\"voc-modal-img\" alt=\"Cuadro del Mundial\" hidden=\"\"\/><\/p>\n<p class=\"voc-modal-hint\" id=\"voc-modal-hint\" hidden=\"\">Si la descarga no se inicia sola, guarda la imagen t\u00fa mismo: en ordenador, haz clic derecho sobre ella y elige \u00abGuardar imagen como\u2026\u00bb; en el m\u00f3vil, mant\u00e9n pulsada la imagen y pulsa \u00abGuardar imagen\u00bb.<\/p>\n<p>\nResumen del Portugal &#8211; Espa\u00f1a\n<\/p>\n<p>La victoria de Espa\u00f1a contra Portugal.<\/p>\n<p class=\"v-d-p\" style=\"\"><a href=\"https:\/\/www.abc.es\/deportes\/futbol\/mundial\/2026\/clasificacion-resultados-sd.html\" title=\"\" data-voc-vtm-id=\"in-text-traffic\" data-mrf-link=\"www.abc.es\" rel=\"nofollow noopener\" target=\"_blank\">Consulta aqu\u00ed todos los resultados<\/a> de la Copa del Mundo 2026.<\/p>\n","protected":false},"excerpt":{"rendered":"06\/07\/2026 Actualizado a las 23:37h. Espa\u00f1a contin\u00faa su camino hacia la final del 19 de julio en Nueva&hellip;\n","protected":false},"author":2,"featured_media":645333,"comment_status":"","ping_status":"","sticky":false,"template":"","format":"standard","meta":{"footnotes":""},"categories":[268],"tags":[168,25,24,2501,280,6865,282,2713,7820,1070,17944,20828,1045,118746,1462,1988,281,23,167],"class_list":["post-645332","post","type-post","status-publish","format-standard","has-post-thumbnail","category-futbol","tag-deportes","tag-es","tag-espana","tag-espanola","tag-football","tag-fuente","tag-futbol","tag-jugadores","tag-luis","tag-mundial","tag-nota","tag-octavos","tag-partido","tag-pon","tag-portugal","tag-seleccion","tag-soccer","tag-spain","tag-sports"],"share_on_mastodon":{"url":"https:\/\/pubeurope.com\/@es\/116876199395437062","error":""},"_links":{"self":[{"href":"https:\/\/www.europesays.com\/es\/wp-json\/wp\/v2\/posts\/645332","targetHints":{"allow":["GET"]}}],"collection":[{"href":"https:\/\/www.europesays.com\/es\/wp-json\/wp\/v2\/posts"}],"about":[{"href":"https:\/\/www.europesays.com\/es\/wp-json\/wp\/v2\/types\/post"}],"author":[{"embeddable":true,"href":"https:\/\/www.europesays.com\/es\/wp-json\/wp\/v2\/users\/2"}],"replies":[{"embeddable":true,"href":"https:\/\/www.europesays.com\/es\/wp-json\/wp\/v2\/comments?post=645332"}],"version-history":[{"count":0,"href":"https:\/\/www.europesays.com\/es\/wp-json\/wp\/v2\/posts\/645332\/revisions"}],"wp:featuredmedia":[{"embeddable":true,"href":"https:\/\/www.europesays.com\/es\/wp-json\/wp\/v2\/media\/645333"}],"wp:attachment":[{"href":"https:\/\/www.europesays.com\/es\/wp-json\/wp\/v2\/media?parent=645332"}],"wp:term":[{"taxonomy":"category","embeddable":true,"href":"https:\/\/www.europesays.com\/es\/wp-json\/wp\/v2\/categories?post=645332"},{"taxonomy":"post_tag","embeddable":true,"href":"https:\/\/www.europesays.com\/es\/wp-json\/wp\/v2\/tags?post=645332"}],"curies":[{"name":"wp","href":"https:\/\/api.w.org\/{rel}","templated":true}]}}