{"id":645444,"date":"2026-07-07T03:40:27","date_gmt":"2026-07-07T03:40:27","guid":{"rendered":"https:\/\/www.europesays.com\/es\/645444\/"},"modified":"2026-07-07T03:40:27","modified_gmt":"2026-07-07T03:40:27","slug":"la-venta-de-turismos-usados-crece-el-19-en-el-primer-semestre-del-ano-y-la-combustion-sigue-dominando-el-mercado-mundo-petroleo","status":"publish","type":"post","link":"https:\/\/www.europesays.com\/es\/645444\/","title":{"rendered":"La venta de turismos usados crece el 1,9% en el primer semestre del a\u00f1o, y la combusti\u00f3n sigue dominando el mercado &#8211; Mundo Petr\u00f3leo"},"content":{"rendered":"<ol>\n<li><a href=\"https:\/\/news.google.com\/rss\/articles\/CBMi5AFBVV95cUxNTTZ1eVAxck1fSkl6Q0Q3VUl3UC1jU0FjblAyTEZjS2ZLaGRTWlN1OGFwRXVfTHdVNXN1Rm1FODg3enpCcm5lcDRrM3lxNjZoZTh4QnJ4b21mNXhQOU1ndmR0ZUczY1lMS2l1bjRrZGRtTlZyRnVfRnhhXy1hclltTnk4WGhQTjBhYlBDQVhGZUJkbVJJWVRDLUF5OWUzWm9PRFJDZjR6QmUxVjFUdXhNVFJaeU1oYkNhNDZTMzNzbFNTU3NwZUFocWFPQnVJVzBYZnlfWmxra3hnTkp0RENBdW05YXo?oc=5\" target=\"_blank\" rel=\"nofollow noopener\">La venta de turismos usados crece el 1,9% en el primer semestre del a\u00f1o, y la combusti\u00f3n sigue dominando el mercado<\/a>&nbsp;&nbsp;Mundo Petr\u00f3leo<\/li>\n<li><a href=\"https:\/\/news.google.com\/rss\/articles\/CBMiswFBVV95cUxPdkQ4alBHUVdwb20yRWh4YVBkU0p1NlloM05CSlNoZ3NIbnhpcjVGRnU4Y0JyZU5ZR25iaVRhS2ZrQVdzR19hTDZ0U1ZTcXFfN3hvaU9VWW4wWHljOFhSbEc4N0Yxcng0R3ppZkpWdU9EUVNwUTR2SlJpMFg2cGtNSnhQdFdtb0hJMkxoM2JEcHVoSHlpR1JUNDI1LWFBUFNmWk9JS3NSODMxYmg0d1FGT1I2ONIBswFBVV95cUxQZVlOSUJWY25pNEI5TXJEaFhFbGl1Umh3d3VtN0lQWnlnNUF1Mm91THIySXZPYmtzTENhOXB0cmxQR1o0RDdWY21DalROVUJPV28tZm10dUJiVHFsdjdUM24xMUV4TkZrb09mSzU2bjc1d3lndndmdFg1M21ZLWp1d1hVM2c4dWgya1BJcVFWUkttT3ZSeHBSRFQ4ckdoUWwxam1pWWV2eFctVlB5TUpSSTNvVQ?oc=5\" target=\"_blank\" rel=\"nofollow noopener\">Los turismos enchufables de segunda mano siguen ganando terreno en el mes de junio<\/a>&nbsp;&nbsp;El Peri\u00f3dico<\/li>\n<li><a href=\"https:\/\/news.google.com\/rss\/articles\/CBMiswFBVV95cUxOcEdXU2F6VkZQZ1ZjYjN3b3VBbndEak1DWXFfZzgtcXBDOU91WXM4RTVYbkFRU2xGVHlDWTgybDdoclp1YktsZmNRem1NTzZ3NVZVUTNtVTJDajNWWW16N3hDeVZwX3JsNFVRbEN6ZGUzdlRwZ3RXZFlsYVJTMXdsUF8tcHhTRDNzWlQwTEk0VzJ2UmJ4YTFGY3dqTVB0YmNkUW5IUVU3eWoyZmZYWnVnajJNOA?oc=5\" target=\"_blank\" rel=\"nofollow noopener\">La electrificaci\u00f3n llega tambi\u00e9n con fuerza al mercado de coches usados<\/a>&nbsp;&nbsp;elDiario.es<\/li>\n<li><a href=\"https:\/\/news.google.com\/rss\/articles\/CBMiugFBVV95cUxNUFV1VFZLUl90a2tpTXhNcGtoblFGY1lNY25TN1FBN1ROaGFnbHNOOHBXX3JrdkFGZzZHdi1HLTFKalVEY25yNVdmUkowc1FqX3ZMVGZTcnVVbDNOOV9SamcybjltdW5EbUlLS1owMHd4bGJHb0ZyTFFHT2tnV2UydGZYUG1KeGxRa25XR2hFN1FyZXR2dXBBanZzd3g1OEZ0Y1ZpQVlwellXQ3RDaEwzbVc5Y2pIdU8ycGfSAb8BQVVfeXFMT0JzcUtOOEFUVXE3eGVWMHpHSDdPSjhJdGpwTmNnUzQ3R0dFcEdhV1hiMHlWWWsyLXNkQndta3JoU1hpRGtTNVAwemFHSFBuRGFhd3YzM1pLZVhrRDBSWWZVQXg3ZzR3UmJ0aWNaZmdQNXEwdTZzVTRDSUNOQzdyMUI0Z2JGLVVPSGJrQ0gxZzVPaDFRTkkxVTVZU012c2U4V2txWWF4MTNGcXdXeGgzQTBNV1UyMXdDSndNZGlQUHc?oc=5\" target=\"_blank\" rel=\"nofollow noopener\">Las ventas de el\u00e9ctricos de ocasi\u00f3n avanzan un 45,3% mientras los di\u00e9sel y gasolina usados retroceden<\/a>&nbsp;&nbsp;OkDiario<\/li>\n<li><a href=\"https:\/\/news.google.com\/rss\/articles\/CBMiwwFBVV95cUxOLWRZU0ktMDhOajA0MzNPMlVhWlFuTFA3YjcwR1NiYnE2T2JjZkhNUlRXQW1xSkZuNjVxODlfOHlJZU5WZlBnVlZzM1FheUZSTW42QmlZYkpHNl9xOFdmeXB6SVJSWi12WDJIVE9obWhNSEVhTmJnTFJhaWtZSGFucnBTaklWWU03TGo2VTJHd2h5VFd5REljZk5jME0wUkVzWFNsd3l0bzJKM0dnaV92dF9kT3lvWW5UMnQ3ekJoYXhjNHc?oc=5\" target=\"_blank\" rel=\"nofollow noopener\">Buena suerte si vas a vender un coche di\u00e9sel de segunda mano, la demanda colapsa y la sustituyen coches el\u00e9ctricos e h\u00edbridos<\/a>&nbsp;&nbsp;forococheselectricos.com<\/li>\n<\/ol>\n","protected":false},"excerpt":{"rendered":"La venta de turismos usados crece el 1,9% en el primer semestre del a\u00f1o, y la combusti\u00f3n sigue&hellip;\n","protected":false},"author":2,"featured_media":645445,"comment_status":"","ping_status":"","sticky":false,"template":"","format":"standard","meta":{"footnotes":""},"categories":[80],"tags":[82,1558,66031,95,94,25,24,23523,11037,23],"class_list":["post-645444","post","type-post","status-publish","format-standard","has-post-thumbnail","category-economia","tag-business","tag-coches","tag-combustion","tag-economia","tag-economy","tag-es","tag-espana","tag-gasoleo","tag-gasolina","tag-spain"],"share_on_mastodon":{"url":"https:\/\/pubeurope.com\/@es\/116876622427536571","error":""},"_links":{"self":[{"href":"https:\/\/www.europesays.com\/es\/wp-json\/wp\/v2\/posts\/645444","targetHints":{"allow":["GET"]}}],"collection":[{"href":"https:\/\/www.europesays.com\/es\/wp-json\/wp\/v2\/posts"}],"about":[{"href":"https:\/\/www.europesays.com\/es\/wp-json\/wp\/v2\/types\/post"}],"author":[{"embeddable":true,"href":"https:\/\/www.europesays.com\/es\/wp-json\/wp\/v2\/users\/2"}],"replies":[{"embeddable":true,"href":"https:\/\/www.europesays.com\/es\/wp-json\/wp\/v2\/comments?post=645444"}],"version-history":[{"count":0,"href":"https:\/\/www.europesays.com\/es\/wp-json\/wp\/v2\/posts\/645444\/revisions"}],"wp:featuredmedia":[{"embeddable":true,"href":"https:\/\/www.europesays.com\/es\/wp-json\/wp\/v2\/media\/645445"}],"wp:attachment":[{"href":"https:\/\/www.europesays.com\/es\/wp-json\/wp\/v2\/media?parent=645444"}],"wp:term":[{"taxonomy":"category","embeddable":true,"href":"https:\/\/www.europesays.com\/es\/wp-json\/wp\/v2\/categories?post=645444"},{"taxonomy":"post_tag","embeddable":true,"href":"https:\/\/www.europesays.com\/es\/wp-json\/wp\/v2\/tags?post=645444"}],"curies":[{"name":"wp","href":"https:\/\/api.w.org\/{rel}","templated":true}]}}