{"id":645867,"date":"2026-07-07T10:20:11","date_gmt":"2026-07-07T10:20:11","guid":{"rendered":"https:\/\/www.europesays.com\/es\/645867\/"},"modified":"2026-07-07T10:20:11","modified_gmt":"2026-07-07T10:20:11","slug":"ola-de-calor-en-canarias-ultima-hora-prevision-del-tiempo-y-avisos-en-directo","status":"publish","type":"post","link":"https:\/\/www.europesays.com\/es\/645867\/","title":{"rendered":"Ola de calor en Canarias: \u00faltima hora, previsi\u00f3n del tiempo y avisos, en directo"},"content":{"rendered":"<p>El calor activa avisos en casi toda Espa\u00f1a<\/p>\n<p class=\"v-d-p\">Las altas temperaturas pondr\u00e1n este martes en aviso a 16 comunidades aut\u00f3nomas (CCAA), seg\u00fan la Aemet. De ellas, diez alcanzar\u00e1n el nivel naranja (peligro importante): Andaluc\u00eda, Castilla y Le\u00f3n, Castilla-La Mancha, Extremadura, Comunidad de Madrid, Regi\u00f3n de Murcia, Comunidad Foral de Navarra, Pa\u00eds Vasco, La Rioja y Canarias.<\/p>\n<p class=\"v-d-p\">Adem\u00e1s, otras tres llegar\u00e1n al nivel rojo (peligro extraordinario): Arag\u00f3n, Catalu\u00f1a y Comunidad Valenciana. <\/p>\n","protected":false},"excerpt":{"rendered":"El calor activa avisos en casi toda Espa\u00f1a Las altas temperaturas pondr\u00e1n este martes en aviso a 16&hellip;\n","protected":false},"author":2,"featured_media":645868,"comment_status":"","ping_status":"","sticky":false,"template":"","format":"standard","meta":{"footnotes":""},"categories":[8],"tags":[7569,17,18,4922,1896,2125,25,24,13,14,11,5279,19,20,9,10,15,16,3007,23,12,21,22],"class_list":["post-645867","post","type-post","status-publish","format-standard","has-post-thumbnail","category-espana","tag-bajo","tag-breaking-news","tag-breakingnews","tag-calor","tag-canarias","tag-directo","tag-es","tag-espana","tag-featured-news","tag-featurednews","tag-headlines","tag-intensa","tag-latest-news","tag-latestnews","tag-news","tag-noticias","tag-noticias-destacadas","tag-noticiasdestacadas","tag-ola","tag-spain","tag-titulares","tag-ultimas-noticias","tag-ultimasnoticias"],"share_on_mastodon":{"url":"https:\/\/pubeurope.com\/@es\/116878196054819015","error":""},"_links":{"self":[{"href":"https:\/\/www.europesays.com\/es\/wp-json\/wp\/v2\/posts\/645867","targetHints":{"allow":["GET"]}}],"collection":[{"href":"https:\/\/www.europesays.com\/es\/wp-json\/wp\/v2\/posts"}],"about":[{"href":"https:\/\/www.europesays.com\/es\/wp-json\/wp\/v2\/types\/post"}],"author":[{"embeddable":true,"href":"https:\/\/www.europesays.com\/es\/wp-json\/wp\/v2\/users\/2"}],"replies":[{"embeddable":true,"href":"https:\/\/www.europesays.com\/es\/wp-json\/wp\/v2\/comments?post=645867"}],"version-history":[{"count":0,"href":"https:\/\/www.europesays.com\/es\/wp-json\/wp\/v2\/posts\/645867\/revisions"}],"wp:featuredmedia":[{"embeddable":true,"href":"https:\/\/www.europesays.com\/es\/wp-json\/wp\/v2\/media\/645868"}],"wp:attachment":[{"href":"https:\/\/www.europesays.com\/es\/wp-json\/wp\/v2\/media?parent=645867"}],"wp:term":[{"taxonomy":"category","embeddable":true,"href":"https:\/\/www.europesays.com\/es\/wp-json\/wp\/v2\/categories?post=645867"},{"taxonomy":"post_tag","embeddable":true,"href":"https:\/\/www.europesays.com\/es\/wp-json\/wp\/v2\/tags?post=645867"}],"curies":[{"name":"wp","href":"https:\/\/api.w.org\/{rel}","templated":true}]}}