{"id":645910,"date":"2026-07-07T10:57:20","date_gmt":"2026-07-07T10:57:20","guid":{"rendered":"https:\/\/www.europesays.com\/es\/645910\/"},"modified":"2026-07-07T10:57:20","modified_gmt":"2026-07-07T10:57:20","slug":"tv3-pierde-el-liderazgo-de-audiencia-en-cataluna-ante-la-1","status":"publish","type":"post","link":"https:\/\/www.europesays.com\/es\/645910\/","title":{"rendered":"TV3 pierde el liderazgo de audiencia en Catalu\u00f1a ante La 1"},"content":{"rendered":"<p class=\"paragraph\" id=\"paragraph_1\"><a data-forcefollow=\"false\" data-sponsored=\"false\" href=\"https:\/\/cronicaglobal.elespanol.com\/culemania\/culemaniacos\/20260706\/ferran-torres-merino-espana-cristiano-ronaldo-mundial\/1003742777490_0.html?utm_cmp_rs=linksinline\" target=\"_blank\" rel=\"nofollow noopener\">La victoria de Espa\u00f1a de <\/a><a data-forcefollow=\"false\" data-sponsored=\"false\" href=\"https:\/\/cronicaglobal.elespanol.com\/culemania\/culemaniacos\/20260706\/ferran-torres-merino-espana-cristiano-ronaldo-mundial\/1003742777490_0.html?utm_cmp_rs=linksinline\" target=\"_blank\" rel=\"nofollow noopener\">anoche <\/a>en el \u00faltimo minuto dej\u00f3 una derrota para <strong>TV3<\/strong>. La televisi\u00f3n p\u00fablica catalana <strong>perdi\u00f3 <\/strong>el liderazgo de audiencia en Catalu\u00f1a frente a La 1 de TVE.<\/p>\n<p class=\"paragraph\" id=\"paragraph_2\">El <strong>decisivo Portugal<\/strong><strong>\u2013<\/strong><strong>Espa\u00f1a <\/strong>de los octavos de final obtuvo una cuota del <strong>11,5% y 319.000 espectadores<\/strong>, lo que le sit\u00faa como el espacio con m\u00e1s audiencia de la historia del canal.<\/p>\n<p class=\"paragraph\" id=\"paragraph_3\">TV3, por su parte, cerr\u00f3 la jornada con un <strong>10,4%<\/strong>, todav\u00eda fuerte, pero insuficiente para retener el liderazgo en una noche dominada por <strong>la fiebre roja<\/strong>.<\/p>\n<p><img loading=\"lazy\" decoding=\"async\" alt=\"Montaje con el diputado de Junts Agust\u00ed Colomines y la sede de Catalunya R\u00e0dio\" height=\"240\" src=\"https:\/\/www.europesays.com\/es\/wp-content\/uploads\/2026\/07\/h:240&#038;h=AQRm37Rv.jpeg\" width=\"320\" data-lazy-status=\"processed\" data-lazy-info=\"remove loading item 1\"\/><\/p>\n<p>El minuto de oro<\/p>\n<p class=\"paragraph\" id=\"paragraph_4\">El minuto de oro de la jornada se registr\u00f3 a las <strong>11 de la noche,<\/strong> con un 13,9% de cuota y 402.000 espectadores. M\u00e1s de la mitad de los espectadores catalanes, un <strong>63,5%,<\/strong> siguieron el partido por La 1 y por La 2Cat.<\/p>\n<p>El programa especial del Mundial, conducido por <strong>Gemma Nierga, Marc Brau, Sergi Mas, Edu Mutante y Marco Chiazza<\/strong>, con narraci\u00f3n de Joan Carles Garc\u00eda y Llu\u00eds Carreras, logr\u00f3 una media de <strong>9,9%<\/strong> de cuota de pantalla y<strong> 238.000 espectadores.<\/strong><\/p>\n<p><img decoding=\"async\" alt=\"Plat\u00f3s de informativos de TV3\" data-imgm=\"true\" height=\"576\" loading=\"lazy\"  src=\"https:\/\/www.europesays.com\/es\/wp-content\/uploads\/2026\/07\/h:576&#038;h=PZ3Y5RXD.jpeg\"  width=\"1024\"\/><\/p>\n<p>                                                            Plat\u00f3s de informativos de TV3<\/p>\n<p>                    3Cat<\/p>\n<p>El efecto Mundial<\/p>\n<p class=\"paragraph\" id=\"paragraph_5\">Los buenos n\u00fameros de La 1 no son flor de un d\u00eda: el anterior <strong>Espa\u00f1a\u2013Austria,<\/strong> de dieciseisavos, ya hab\u00eda dejado una cuota del 9,5% y 229.000 espectadores, con un minuto de m\u00e1xima audiencia a las 22:52 (12% y 299.000 espectadores). <\/p>\n<p class=\"paragraph\" id=\"paragraph_6\">Adem\u00e1s, otros partidos internacionales tambi\u00e9n se han seguido con gran inter\u00e9s en Catalu\u00f1a: <strong>Brasil\u2013Jap\u00f3n<\/strong> reuni\u00f3 120.000 espectadores (8,8%) y <strong>Brasil\u2013Noruega<\/strong> anot\u00f3 un 8,2% y 145.000 espectadores, mientras que La 2Cat registr\u00f3 un 6,5% y 125.000 espectadores en el <strong>Espa\u00f1a\u2013Uruguay <\/strong>de la fase de grupos.<\/p>\n","protected":false},"excerpt":{"rendered":"La victoria de Espa\u00f1a de anoche en el \u00faltimo minuto dej\u00f3 una derrota para TV3. La televisi\u00f3n p\u00fablica&hellip;\n","protected":false},"author":2,"featured_media":645911,"comment_status":"","ping_status":"","sticky":false,"template":"","format":"standard","meta":{"footnotes":""},"categories":[171],"tags":[146,147,25,24,952,518,23,807,214,7151,3156],"class_list":["post-645910","post","type-post","status-publish","format-standard","has-post-thumbnail","category-tv","tag-entertainment","tag-entretenimiento","tag-es","tag-espana","tag-politica","tag-rtve","tag-spain","tag-television","tag-tv","tag-tv3","tag-tve"],"share_on_mastodon":{"url":"https:\/\/pubeurope.com\/@es\/116878341783613455","error":""},"_links":{"self":[{"href":"https:\/\/www.europesays.com\/es\/wp-json\/wp\/v2\/posts\/645910","targetHints":{"allow":["GET"]}}],"collection":[{"href":"https:\/\/www.europesays.com\/es\/wp-json\/wp\/v2\/posts"}],"about":[{"href":"https:\/\/www.europesays.com\/es\/wp-json\/wp\/v2\/types\/post"}],"author":[{"embeddable":true,"href":"https:\/\/www.europesays.com\/es\/wp-json\/wp\/v2\/users\/2"}],"replies":[{"embeddable":true,"href":"https:\/\/www.europesays.com\/es\/wp-json\/wp\/v2\/comments?post=645910"}],"version-history":[{"count":0,"href":"https:\/\/www.europesays.com\/es\/wp-json\/wp\/v2\/posts\/645910\/revisions"}],"wp:featuredmedia":[{"embeddable":true,"href":"https:\/\/www.europesays.com\/es\/wp-json\/wp\/v2\/media\/645911"}],"wp:attachment":[{"href":"https:\/\/www.europesays.com\/es\/wp-json\/wp\/v2\/media?parent=645910"}],"wp:term":[{"taxonomy":"category","embeddable":true,"href":"https:\/\/www.europesays.com\/es\/wp-json\/wp\/v2\/categories?post=645910"},{"taxonomy":"post_tag","embeddable":true,"href":"https:\/\/www.europesays.com\/es\/wp-json\/wp\/v2\/tags?post=645910"}],"curies":[{"name":"wp","href":"https:\/\/api.w.org\/{rel}","templated":true}]}}