{"id":645938,"date":"2026-07-07T11:18:18","date_gmt":"2026-07-07T11:18:18","guid":{"rendered":"https:\/\/www.europesays.com\/es\/645938\/"},"modified":"2026-07-07T11:18:18","modified_gmt":"2026-07-07T11:18:18","slug":"patricia-del-pozo-sobre-la-ampliacion-del-bellas-artes-tengo-el-compromiso-de-urtasun-de-que-se-va-a-licitar-este-ano","status":"publish","type":"post","link":"https:\/\/www.europesays.com\/es\/645938\/","title":{"rendered":"Patricia Del Pozo, sobre la ampliaci\u00f3n del Bellas Artes: \u00abTengo el compromiso de Urtasun de que se va a licitar este a\u00f1o\u00bb"},"content":{"rendered":"<p><img decoding=\"async\" class=\"v-ath__i\" loading=\"lazy\" src=\"https:\/\/www.europesays.com\/es\/wp-content\/uploads\/2026\/07\/autor-4168-foto-3.jpeg\" alt=\"Roc\u00edo V\u00e1zquez\"\/><\/p>\n<p>07\/07\/2026<\/p>\n<p>Actualizado a las 13:13h.<\/p>\n<p class=\"v-d-p\" style=\"\">La consejera de Cultura y Deporte en funciones de la Junta de Andaluc\u00eda en funciones, Patricia del Pozo, ha confirmado este martes que la licitaci\u00f3n de la redacci\u00f3n del proyecto de <strong>ampliaci\u00f3n del Museo de Bellas Artes de Sevilla<\/strong> se producir\u00e1 en el segundo  &#8230; semestre de este a\u00f1o. Tajante, la pol\u00edtica sevillana ha asegurado \u00abtener el compromiso del ministro de que se va a licitar este mismo a\u00f1o\u00bb. En este sentido, ha mostrado la cautela propia de los \u00abtiempos\u00bb, habida cuenta de la \u00abenvergadura\u00bb que requiere este plan, pero ha repetido que, \u00aben concreto, se har\u00e1 en este segundo semestre, tal y como se comprometi\u00f3 el ministerio\u00bb.<\/p>\n<p class=\"v-d-p\" style=\"\">Este 7 de julio se cumple justo <strong>un a\u00f1o de la visita de Ernesto Urtasun a la capital andaluza<\/strong> para, precisamente, conocer los detalles t\u00e9cnicos y abordar los temas de financiaci\u00f3n de la ampliaci\u00f3n de la segunda pinacoteca del pa\u00eds con la anexi\u00f3n del Palacio de Monsalves y la antigua biblioteca municipal de la calle Alfonso XIII. Adem\u00e1s, conoci\u00f3 el desarrollo de las obras de otro museo de titularidad estatal con las gestiones transferidas a la Junta, el Arqueol\u00f3gico. En esta reuni\u00f3n con Del Pozo, el dirigente de Sumar se comprometi\u00f3 a \u00abponer en marcha\u00bb el proyecto \u00aben los pr\u00f3ximos meses\u00bb con la licitaci\u00f3n de la redacci\u00f3n del mismo. Pero ha transcurrido un a\u00f1o y no hay ning\u00fan avance al respecto desde el Gobierno.<\/p>\n<p class=\"v-d-p\" style=\"\">\u00abEn estos pr\u00f3ximos meses tendremos esa tan ansiada licitaci\u00f3n. Todo va como tiene que ir, pero es un proyecto de much\u00edsima envergadura.<strong> Nosotros tardamos meses en poder mandar toda la documentaci\u00f3n<\/strong> que se necesitaba, y ellos han empleado tambi\u00e9n este primer semestre del a\u00f1o para tener los pliegos preparados para esa licitaci\u00f3n\u00bb, ha explicado la consejera que, confiada en la promesa de Urtasun, sentencia: \u00abVa todo como tiene que ir\u00bb.<\/p>\n","protected":false},"excerpt":{"rendered":"07\/07\/2026 Actualizado a las 13:13h. La consejera de Cultura y Deporte en funciones de la Junta de Andaluc\u00eda&hellip;\n","protected":false},"author":2,"featured_media":645939,"comment_status":"","ping_status":"","sticky":false,"template":"","format":"standard","meta":{"footnotes":""},"categories":[173],"tags":[5306,1611,229,233,1968,231,230,1967,1625,232,234,146,147,25,24,118823,6617,36211,57,23,5876],"class_list":["post-645938","post","type-post","status-publish","format-standard","has-post-thumbnail","category-arte-y-diseno","tag-ampliacion","tag-ano","tag-arte","tag-arte-y-diseno","tag-artes","tag-arts","tag-arts-and-design","tag-bellas","tag-compromiso","tag-design","tag-diseno","tag-entertainment","tag-entretenimiento","tag-es","tag-espana","tag-licitar","tag-patricia","tag-pozo","tag-sobre","tag-spain","tag-urtasun"],"share_on_mastodon":{"url":"https:\/\/pubeurope.com\/@es\/116878424178381916","error":""},"_links":{"self":[{"href":"https:\/\/www.europesays.com\/es\/wp-json\/wp\/v2\/posts\/645938","targetHints":{"allow":["GET"]}}],"collection":[{"href":"https:\/\/www.europesays.com\/es\/wp-json\/wp\/v2\/posts"}],"about":[{"href":"https:\/\/www.europesays.com\/es\/wp-json\/wp\/v2\/types\/post"}],"author":[{"embeddable":true,"href":"https:\/\/www.europesays.com\/es\/wp-json\/wp\/v2\/users\/2"}],"replies":[{"embeddable":true,"href":"https:\/\/www.europesays.com\/es\/wp-json\/wp\/v2\/comments?post=645938"}],"version-history":[{"count":0,"href":"https:\/\/www.europesays.com\/es\/wp-json\/wp\/v2\/posts\/645938\/revisions"}],"wp:featuredmedia":[{"embeddable":true,"href":"https:\/\/www.europesays.com\/es\/wp-json\/wp\/v2\/media\/645939"}],"wp:attachment":[{"href":"https:\/\/www.europesays.com\/es\/wp-json\/wp\/v2\/media?parent=645938"}],"wp:term":[{"taxonomy":"category","embeddable":true,"href":"https:\/\/www.europesays.com\/es\/wp-json\/wp\/v2\/categories?post=645938"},{"taxonomy":"post_tag","embeddable":true,"href":"https:\/\/www.europesays.com\/es\/wp-json\/wp\/v2\/tags?post=645938"}],"curies":[{"name":"wp","href":"https:\/\/api.w.org\/{rel}","templated":true}]}}