{"id":646088,"date":"2026-07-07T13:15:14","date_gmt":"2026-07-07T13:15:14","guid":{"rendered":"https:\/\/www.europesays.com\/es\/646088\/"},"modified":"2026-07-07T13:15:14","modified_gmt":"2026-07-07T13:15:14","slug":"suenos-de-libertad-avance-del-capitulo-de-hoy-martes-7-de-julio-pablo-confiesa-a-nieves-que-marisol-esta-embarazada","status":"publish","type":"post","link":"https:\/\/www.europesays.com\/es\/646088\/","title":{"rendered":"\u2018Sue\u00f1os de libertad\u2019, avance del cap\u00edtulo de hoy martes 7 de julio: Pablo confiesa a Nieves que Marisol est\u00e1 embarazada"},"content":{"rendered":"<p class=\"ft-text ft-helper-closenews\">\u2018Sue\u00f1os de libertad\u2019 emite este martes 7 de julio, a las 15:45h, un nuevo cap\u00edtulo en Antena 3, que tambi\u00e9n estar\u00e1 disponible en atresplayer y Disney+. La entrega situar\u00e1 a Pablo ante una decisi\u00f3n imposible despu\u00e9s de conocer el embarazo de Marisol.<\/p>\n<p class=\"ft-text\">La joven ser\u00e1 tajante con \u00e9l: piensa seguir adelante y quiere formar una familia a su lado, incluso le propondr\u00e1 empezar una nueva vida lejos de Toledo. Pablo, sin embargo, le dejar\u00e1 claro que su \u00fanica familia es la que tiene con Nieves y sus hijos, aunque se comprometer\u00e1 a que ni a ella ni al beb\u00e9 les falte de nada. Despu\u00e9s, decidir\u00e1 contarle la verdad a su mujer, dej\u00e1ndola completamente destrozada.<\/p>\n<p class=\"ft-text\">Mientras tanto, Bego\u00f1a intentar\u00e1 frenar los rumores que la vinculan con Eduardo. Para ello, hablar\u00e1 con el ch\u00f3fer y pondr\u00e1 distancia entre ambos, rompiendo su amistad. M\u00e1s tarde, se plantar\u00e1 ante Gabriel y los dos acordar\u00e1n mantener de puertas para afuera la apariencia de su matrimonio.<\/p>\n<p class=\"ft-text\">En la f\u00e1brica, Miguel comunicar\u00e1 a Paula que sus problemas respiratorios est\u00e1n relacionados con los productos qu\u00edmicos con los que trabaja. El m\u00e9dico le advertir\u00e1 de que no puede continuar en ese puesto, pero ella se negar\u00e1 a dejarlo porque necesita conservar su empleo.<\/p>\n<p class=\"ft-text\">La fiesta de los trabajadores tambi\u00e9n avanzar\u00e1 en la cantina. Digna intentar\u00e1 convencer a Dami\u00e1n para que acuda, aunque el patriarca no estar\u00e1 por la labor. Salva empezar\u00e1 a verse superado por la organizaci\u00f3n del evento, pero contar\u00e1 con el apoyo de Mabel.<\/p>\n<p class=\"ft-text\">Fina, por su parte, confesar\u00e1 a Claudia que su relaci\u00f3n con Marta atraviesa un momento complicado. La fot\u00f3grafa siente que la De La Reina no est\u00e1 encajando bien todos los cambios de su vida. Justo entonces, Marta aparecer\u00e1 en su casa sin avisar, meter\u00e1 la pata y terminar\u00e1 march\u00e1ndose.<\/p>\n<p data-close=\"closedContent\" class=\"subscribeHideForDisplay\">Suscr\u00edbete para seguir leyendo<\/p>\n","protected":false},"excerpt":{"rendered":"\u2018Sue\u00f1os de libertad\u2019 emite este martes 7 de julio, a las 15:45h, un nuevo cap\u00edtulo en Antena 3,&hellip;\n","protected":false},"author":2,"featured_media":646089,"comment_status":"","ping_status":"","sticky":false,"template":"","format":"standard","meta":{"footnotes":""},"categories":[171],"tags":[6834,4040,7377,10515,23359,36242,146,147,25,24,315,888,5085,11749,7797,11659,618,23,12108,214],"class_list":["post-646088","post","type-post","status-publish","format-standard","has-post-thumbnail","category-tv","tag-6834","tag-antena-3","tag-avance","tag-capitulo","tag-confiesa","tag-embarazada","tag-entertainment","tag-entretenimiento","tag-es","tag-espana","tag-hoy","tag-julio","tag-libertad","tag-marisol","tag-martes","tag-nieves","tag-pablo","tag-spain","tag-suenos","tag-tv"],"share_on_mastodon":{"url":"https:\/\/pubeurope.com\/@es\/116878883437274664","error":""},"_links":{"self":[{"href":"https:\/\/www.europesays.com\/es\/wp-json\/wp\/v2\/posts\/646088","targetHints":{"allow":["GET"]}}],"collection":[{"href":"https:\/\/www.europesays.com\/es\/wp-json\/wp\/v2\/posts"}],"about":[{"href":"https:\/\/www.europesays.com\/es\/wp-json\/wp\/v2\/types\/post"}],"author":[{"embeddable":true,"href":"https:\/\/www.europesays.com\/es\/wp-json\/wp\/v2\/users\/2"}],"replies":[{"embeddable":true,"href":"https:\/\/www.europesays.com\/es\/wp-json\/wp\/v2\/comments?post=646088"}],"version-history":[{"count":0,"href":"https:\/\/www.europesays.com\/es\/wp-json\/wp\/v2\/posts\/646088\/revisions"}],"wp:featuredmedia":[{"embeddable":true,"href":"https:\/\/www.europesays.com\/es\/wp-json\/wp\/v2\/media\/646089"}],"wp:attachment":[{"href":"https:\/\/www.europesays.com\/es\/wp-json\/wp\/v2\/media?parent=646088"}],"wp:term":[{"taxonomy":"category","embeddable":true,"href":"https:\/\/www.europesays.com\/es\/wp-json\/wp\/v2\/categories?post=646088"},{"taxonomy":"post_tag","embeddable":true,"href":"https:\/\/www.europesays.com\/es\/wp-json\/wp\/v2\/tags?post=646088"}],"curies":[{"name":"wp","href":"https:\/\/api.w.org\/{rel}","templated":true}]}}