{"id":646313,"date":"2026-07-07T16:20:13","date_gmt":"2026-07-07T16:20:13","guid":{"rendered":"https:\/\/www.europesays.com\/es\/646313\/"},"modified":"2026-07-07T16:20:13","modified_gmt":"2026-07-07T16:20:13","slug":"el-regreso-al-euskaltel-la-guinda-para-la-trayectoria-de-mikel-landa","status":"publish","type":"post","link":"https:\/\/www.europesays.com\/es\/646313\/","title":{"rendered":"El regreso al Euskaltel, la guinda para la trayectoria de Mikel Landa"},"content":{"rendered":"<p style=\"\">El nombre de Mikel Landa se escucha en la caravana del Tour de Francia. No forma parte de ella, de nuevo por infortunios, pero est\u00e1  &#8230; ah\u00ed. Presente en las conversaciones sobre la que puede ser una de las historias con mayor significado de la \u00faltima d\u00e9cada. El 31 de diciembre acaba contrato con el Soudal Quick-Step y desde hace meses se especula con su futuro. Tal y como public\u00f3 &#8216;Deia&#8217; y ha confirmado este peri\u00f3dico, el Euskaltel y el ciclista alav\u00e9s esperan sellar en las pr\u00f3ximas semanas la alianza que vuelve a unir al ciclista vasco m\u00e1s medi\u00e1tico con la formaci\u00f3n naranja. <\/p>\n<p class=\"v-d-p\" style=\"\">Seg\u00fan las fuentes consultadas, Landa y Euskaltel tienen un compromiso verbal para sellar su regreso. El fichaje a\u00fan no est\u00e1 cerrado. Y no se podr\u00e1 anunciar hasta, como m\u00ednimo, el 1 de agosto, por la normativa de la UCI. Pero la sinton\u00eda es total y la operaci\u00f3n no depender\u00e1 del resultado deportivo del conjunto vasco. Aunque se quede fuera del top-30 de equipos con acceso a las invitaciones de las tres grandes vueltas (ocupa la posici\u00f3n 31\u00aa en estos momentos), el escalador de Murgia no tendr\u00eda problema en recalar en el equipo de casa. <\/p>\n<p class=\"v-d-p\" style=\"\">Su movimiento tendr\u00eda un componente sentimental que mitigar\u00eda las mayores aspiraciones tanto deportivas como econ\u00f3micas que el alav\u00e9s ha podido tener desde su explosi\u00f3n en el Giro del 2015. La noticia comenz\u00f3 a expandirse en forma de rumor unas semanas antes de la Itzulia. El Soudal, que con la salida de Evenepoel vuelve a reciclarse como un equipo de cl\u00e1sicas y sprinters, no iba a ofrecer la renovaci\u00f3n. Landa ser\u00eda agente libre. Pero el Euskaltel cerraba filas. Sab\u00edan del deseo de Landa de acabar su carrera vestido de naranja. El alav\u00e9s siempre lo ha manifestado. Su fichaje no era impensable pero s\u00ed improbable. Pero con el paso de los meses, la operaci\u00f3n ha madurado hasta el punto de estar cerca de sellarse. <\/p>\n<p class=\"v-d-p\" style=\"\">Camino de los 37 a\u00f1os en diciembre y con una carrera profesional que comenz\u00f3 en 2009 con el equipo Orbea, Landa enfila el ep\u00edlogo de una trayectoria te\u00f1ida de naranja solo entre 2011 y 2013. El trienio le supo a poco. No tuvo dudas en reflotar a la Fundaci\u00f3n Euskadi en 2017, ejerciendo como presidente durante su reconstrucci\u00f3n de la categor\u00eda Continental hasta la vuelta de Euskaltel y el retorno del profesionalismo. Con ello, tuvo que dimitir para no incurrir en un conflicto de intereses. Ahora, tanto el ciclista como el equipo son conscientes de que su uni\u00f3n puede suponer un fil\u00f3n medi\u00e1tico para el equipo. Un punto de inflexi\u00f3n fuerte tanto para el presente y el futuro.<\/p>\n<p class=\"v-d-p\" style=\"\">Entretanto, el zuyano tiene previsto volver a la competici\u00f3n el 1 de agosto en la Cl\u00e1sica de San Sebasti\u00e1n y en la Vuelta a Burgos, con un recorrido monta\u00f1oso como acostumbra. La Vuelta a Espa\u00f1a volver\u00eda a ser uno de sus objetivos de final de temporada para quitarse el mal sabor de boca que le deja el 2026 desde la ca\u00edda de la Itzulia. La fractura p\u00e9lvica provoc\u00f3 primero que tuviera que renunciar al Giro de Italia y despu\u00e9s tambi\u00e9n al Tour de Francia.<\/p>\n<p>\nFichaje de Hodei Mu\u00f1oz\n<\/p>\n<p class=\"v-d-p\" style=\"\">Para tratar de acabar la temporada entre los 30 mejores equipos, el Euskaltel tiene cerrada la incorporaci\u00f3n del alav\u00e9s Hodei Mu\u00f1oz. El Luiaondo, en el Valle de Ayala, cumplir\u00e1 20 a\u00f1os el 1 de agosto, d\u00eda que podr\u00e1 vestir de naranja. El equipo naranja alcanz\u00f3 un acuerdo con el filial del Soudal para anunciar su incorporaci\u00f3n en los pr\u00f3ximos d\u00edas. Adem\u00e1s, tambi\u00e9n promocionar\u00e1n al menos dos j\u00f3venes del equipo filial, el bilba\u00edno Marco Mart\u00edn y el guipuzcoano Kepa Ormazabal.<\/p>\n","protected":false},"excerpt":{"rendered":"El nombre de Mikel Landa se escucha en la caravana del Tour de Francia. No forma parte de&hellip;\n","protected":false},"author":2,"featured_media":646314,"comment_status":"","ping_status":"","sticky":false,"template":"","format":"standard","meta":{"footnotes":""},"categories":[273],"tags":[313,312,168,25,24,13145,12321,12049,5484,2596,23,167,9577],"class_list":["post-646313","post","type-post","status-publish","format-standard","has-post-thumbnail","category-ciclismo","tag-ciclismo","tag-cycling","tag-deportes","tag-es","tag-espana","tag-euskaltel","tag-guinda","tag-landa","tag-mikel","tag-regreso","tag-spain","tag-sports","tag-trayectoria"],"share_on_mastodon":{"url":"https:\/\/pubeurope.com\/@es\/116879610714533123","error":""},"_links":{"self":[{"href":"https:\/\/www.europesays.com\/es\/wp-json\/wp\/v2\/posts\/646313","targetHints":{"allow":["GET"]}}],"collection":[{"href":"https:\/\/www.europesays.com\/es\/wp-json\/wp\/v2\/posts"}],"about":[{"href":"https:\/\/www.europesays.com\/es\/wp-json\/wp\/v2\/types\/post"}],"author":[{"embeddable":true,"href":"https:\/\/www.europesays.com\/es\/wp-json\/wp\/v2\/users\/2"}],"replies":[{"embeddable":true,"href":"https:\/\/www.europesays.com\/es\/wp-json\/wp\/v2\/comments?post=646313"}],"version-history":[{"count":0,"href":"https:\/\/www.europesays.com\/es\/wp-json\/wp\/v2\/posts\/646313\/revisions"}],"wp:featuredmedia":[{"embeddable":true,"href":"https:\/\/www.europesays.com\/es\/wp-json\/wp\/v2\/media\/646314"}],"wp:attachment":[{"href":"https:\/\/www.europesays.com\/es\/wp-json\/wp\/v2\/media?parent=646313"}],"wp:term":[{"taxonomy":"category","embeddable":true,"href":"https:\/\/www.europesays.com\/es\/wp-json\/wp\/v2\/categories?post=646313"},{"taxonomy":"post_tag","embeddable":true,"href":"https:\/\/www.europesays.com\/es\/wp-json\/wp\/v2\/tags?post=646313"}],"curies":[{"name":"wp","href":"https:\/\/api.w.org\/{rel}","templated":true}]}}