{"id":646518,"date":"2026-07-07T19:01:20","date_gmt":"2026-07-07T19:01:20","guid":{"rendered":"https:\/\/www.europesays.com\/es\/646518\/"},"modified":"2026-07-07T19:01:20","modified_gmt":"2026-07-07T19:01:20","slug":"san-martin-de-castaneda-abrazo-a-la-espana-solidaria-ultreya-culmina-una-emocionante-etapa-entre-aplausos-tradicion-y-esperanza","status":"publish","type":"post","link":"https:\/\/www.europesays.com\/es\/646518\/","title":{"rendered":"San Mart\u00edn de Casta\u00f1eda abraz\u00f3 a la Espa\u00f1a solidaria: Ultreya culmina una emocionante etapa entre aplausos, tradici\u00f3n y esperanza"},"content":{"rendered":"<ul>\n<li data-section-id=\"tctu14\" data-start=\"159\" data-end=\"193\"><strong data-start=\"161\" data-end=\"193\">La solidaridad llega al Lago con el movimiento U<\/strong><strong data-start=\"196\" data-end=\"226\">ltreya que conquista Sanabria con p<\/strong><strong data-start=\"229\" data-end=\"265\">edales por la monta\u00f1a sanabresa<\/strong><\/li>\n<\/ul>\n<p>Despu\u00e9s de atravesar buena parte de la provincia de Zamora \u2014con paso por Toro, T\u00e1bara, la presa de Cernadilla, Otero y Puente de Sanabria\u2014 los ciclistas afrontaron el \u00faltimo esfuerzo hasta San Mart\u00edn de Casta\u00f1eda, donde les esperaba un recibimiento cargado de emoci\u00f3n, identidad y orgullo por la tierra.<\/p>\n<p>Uno de los momentos m\u00e1s especiales de la jornada lleg\u00f3 con la presencia de las <strong>m\u00e1scaras de la Visparra de Vigo de Sanabria<\/strong>, que aportaron el componente m\u00e1s tradicional de una bienvenida que mezcl\u00f3 deporte, cultura popular y sentimiento de pertenencia. El sonido de los cencerros, el colorido de las m\u00e1scaras y el entusiasmo de vecinos y visitantes convirtieron la meta en una celebraci\u00f3n inolvidable, que los ciclistas no dutaron en compartir con todos los presentes. Bailes de ayer con musica de hoy que llevaron a un momenrto de celebraci\u00f3n conjunta m\u00e1s que especial.\u00a0<\/p>\n<p>La llegada de Ultreya fue mucho m\u00e1s que el final de una etapa ciclista. Fue un homenaje a la capacidad de resistencia de la monta\u00f1a sanabresa, a sus pueblos y a una comarca que todav\u00eda conserva muy presentes las cicatrices dejadas por los grandes incendios forestales de los \u00faltimos a\u00f1os.<\/p>\n<p>Precisamente esa es la filosof\u00eda que mueve esta expedici\u00f3n solidaria, que utiliza la bicicleta para conectar territorios rurales, promocionar su patrimonio y apoyar a las asociaciones locales que mantienen viva la Espa\u00f1a menos poblada. En esta edici\u00f3n, el recorrido une las Rutas del Vino con municipios afectados por el fuego bajo un mensaje de reconstrucci\u00f3n, memoria y esperanza.<\/p>\n<p>San Mart\u00edn de Casta\u00f1eda respondi\u00f3 como solo sabe hacerlo Sanabria: abriendo sus puertas, mostrando su hospitalidad y recordando que la mejor manera de defender el territorio es llenarlo de vida.<\/p>\n<p>Durante unas horas, el deporte dej\u00f3 paso a la emoci\u00f3n. Los abrazos sustituyeron al esfuerzo, las bicicletas compartieron protagonismo con las tradiciones sanabresas y la solidaridad encontr\u00f3 en el balc\u00f3n natural del Lago de Sanabria uno de sus escenarios m\u00e1s bellos.<\/p>\n<p>La expedici\u00f3n Ultreya continuar\u00e1 su recorrido por Espa\u00f1a, pero este 6 de julio Sanabria volvi\u00f3 a demostrar que sigue siendo un referente de acogida, compromiso y orgullo rural. Una meta que, m\u00e1s all\u00e1 del cron\u00f3metro, quedar\u00e1 grabada en la memoria de todos los participantes. El calcalde de Galende estuvo presente para agradecer el esfuerzo de los ciclistas y agasajar a los visitantes. Miguel \u00c1ngel Martos agradeci\u00f3 personalmente y uno por uno a los participantes tan bonito gesto de solidaridad.<\/p>\n","protected":false},"excerpt":{"rendered":"La solidaridad llega al Lago con el movimiento Ultreya que conquista Sanabria con pedales por la monta\u00f1a sanabresa&hellip;\n","protected":false},"author":2,"featured_media":646519,"comment_status":"","ping_status":"","sticky":false,"template":"","format":"standard","meta":{"footnotes":""},"categories":[273],"tags":[12777,313,312,168,25,24,9572,39091,23,167,8595],"class_list":["post-646518","post","type-post","status-publish","format-standard","has-post-thumbnail","category-ciclismo","tag-castaneda","tag-ciclismo","tag-cycling","tag-deportes","tag-es","tag-espana","tag-esperanza","tag-solidaria","tag-spain","tag-sports","tag-tradicion"],"share_on_mastodon":{"url":"https:\/\/pubeurope.com\/@es\/116880243767171303","error":""},"_links":{"self":[{"href":"https:\/\/www.europesays.com\/es\/wp-json\/wp\/v2\/posts\/646518","targetHints":{"allow":["GET"]}}],"collection":[{"href":"https:\/\/www.europesays.com\/es\/wp-json\/wp\/v2\/posts"}],"about":[{"href":"https:\/\/www.europesays.com\/es\/wp-json\/wp\/v2\/types\/post"}],"author":[{"embeddable":true,"href":"https:\/\/www.europesays.com\/es\/wp-json\/wp\/v2\/users\/2"}],"replies":[{"embeddable":true,"href":"https:\/\/www.europesays.com\/es\/wp-json\/wp\/v2\/comments?post=646518"}],"version-history":[{"count":0,"href":"https:\/\/www.europesays.com\/es\/wp-json\/wp\/v2\/posts\/646518\/revisions"}],"wp:featuredmedia":[{"embeddable":true,"href":"https:\/\/www.europesays.com\/es\/wp-json\/wp\/v2\/media\/646519"}],"wp:attachment":[{"href":"https:\/\/www.europesays.com\/es\/wp-json\/wp\/v2\/media?parent=646518"}],"wp:term":[{"taxonomy":"category","embeddable":true,"href":"https:\/\/www.europesays.com\/es\/wp-json\/wp\/v2\/categories?post=646518"},{"taxonomy":"post_tag","embeddable":true,"href":"https:\/\/www.europesays.com\/es\/wp-json\/wp\/v2\/tags?post=646518"}],"curies":[{"name":"wp","href":"https:\/\/api.w.org\/{rel}","templated":true}]}}