{"id":646572,"date":"2026-07-07T19:38:18","date_gmt":"2026-07-07T19:38:18","guid":{"rendered":"https:\/\/www.europesays.com\/es\/646572\/"},"modified":"2026-07-07T19:38:18","modified_gmt":"2026-07-07T19:38:18","slug":"carcaixent-registra-hoy-la-temperatura-mas-alta-de-toda-espana-y-europa","status":"publish","type":"post","link":"https:\/\/www.europesays.com\/es\/646572\/","title":{"rendered":"Carcaixent registra hoy la temperatura m\u00e1s alta de toda Espa\u00f1a y Europa"},"content":{"rendered":"<p class=\"ft-text\"><a class=\"ft-link ft-link--decoration\" href=\"https:\/\/www.levante-emv.com\/tags\/carcaixent\/\" rel=\"nofollow noopener\" target=\"_blank\"><strong>Carcaixent <\/strong><\/a><strong>se convierte este martes 7 de julio en el municipio con m\u00e1s calor de Espa\u00f1a y de Europa<\/strong> con una m\u00e1xima de 44.8\u00baC. Seg\u00fan informa la <a class=\"ft-link ft-link--decoration\" href=\"https:\/\/www.levante-emv.com\/tags\/agencia-estatal-de-meteorologia-aemet\/\" rel=\"nofollow noopener\" target=\"_blank\">Agencia Estatal de Meteorolog\u00eda (Aemet)<\/a>, <strong>la provincia de Valencia es la que mayores temperaturas ha registrado en la jornada de hoy <\/strong>a nivel nacional y europeo.<\/p>\n<p class=\"ft-text\"><a class=\"ft-link ft-link--decoration\" href=\"https:\/\/www.levante-emv.com\/comunitat-valenciana\/2026\/07\/07\/valencia-vive-manana-segundo-dia-aviso-rojo-ola-de-calor-132222003.html\" rel=\"nofollow noopener\" target=\"_blank\">Son las comarcas del interior las que m\u00e1s han sufrido el intenso calor de este martes<\/a>, en pleno <a class=\"ft-link ft-link--decoration\" href=\"https:\/\/www.levante-emv.com\/comunitat-valenciana\/2026\/07\/07\/ola-calor-empeora-pronostico-durara-jueves-aviso-rojo-valencia-132181672.html\" rel=\"nofollow noopener\" target=\"_blank\">aviso rojo por altas temperaturas<\/a>, con m\u00e1ximas que han superado los 44\u00baC en varias localidades de la Ribera y la Costera.<\/p>\n<p class=\"ft-text\">La de Carcaixent es<strong> la temperatura m\u00e1s elevada que se ha alcanzado en este observatorio en un mes de julio desde que hay registros (en 1971),<\/strong> superando el r\u00e9cord de los 44.2 del 7 de julio de 2015.<\/p>\n<p>Term\u00f3metros por encima de 40\u00baC<\/p>\n<p class=\"ft-text\">Un total de <a class=\"ft-link ft-link--decoration\" href=\"https:\/\/www.levante-emv.com\/comunitat-valenciana\/2026\/07\/07\/ola-calor-valencia-60-municipios-han-superado-40-grados-dv-132220365.html\" rel=\"nofollow noopener\" target=\"_blank\">60 municipios de la Comunitat Valenciana han registrado temperaturas por encima de 40 grados esta jornada<\/a>. Seg\u00fan los datos de Aemet, se han registrado 44.8 en Carcaixent, 44.2 en X\u00e0tiva, 43.5 en Ontinyent, 43.2 en Barx, 43.2 en Pego, 42.6 en Bicorp, 42.0 en Tur\u00eds, 41.9 en Miramar, 41.5 en Jalance, 41.5 en Oliva, 41.2 en Ll\u00edria, 40.8 en Chelva, 40.4 en Segorbe, 40.3 en Bej\u00eds, 40.2 en Atzeneta del Maestrat, 40.2 en Zarra y 40.2 en Orihuela.<\/p>\n<p>M\u00e1s calor en los pr\u00f3ximos d\u00edas<\/p>\n<p class=\"ft-text\">Aemet afirma que quedan, por lo menos,<strong> dos d\u00edas m\u00e1s de intenso calor en la Comunitat Valenciana. <\/strong>La Agencia advierte de que si bien <strong>las temperaturas se prev\u00e9n algo m\u00e1s bajas en el litoral <\/strong>por la entrada de brisas m\u00e1s frescas y h\u00famedas que las de este viernes, esto supone que <strong>con un ambiente m\u00e1s h\u00famedo las noches van a ser m\u00e1s c\u00e1lidas<\/strong>. El viernes se espera un descenso generalizado de las temperaturas, pero todav\u00eda con valores superiores a lo normal.<\/p>\n<p><img decoding=\"async\" src=\"https:\/\/www.europesays.com\/es\/wp-content\/uploads\/2026\/07\/99bf8161-456a-41b7-a85f-2cbe4ecb4f5f_alta-libre-aspect-ratio_default_0_x1003y344.jpg\" width=\"1200\" height=\"617\" alt=\"Evoluci\u00f3n de la temperatura media en la Comunitat Valenciana esta ola de calor\" class=\"ft-helper-img-rd\" loading=\"lazy\" fetchpriority=\"auto\"\/><\/p>\n<p class=\"ft-helper-fontColor-quaternary ft-helper-fontSize-body-S ft-helper-spacer-t-xxs\">Evoluci\u00f3n de la temperatura media en la Comunitat Valenciana esta ola de calor  \/ Aemet<\/p>\n<p>El Mediterr\u00e1neo, 2.6\u00baC m\u00e1s c\u00e1lido de lo normal<\/p>\n<p class=\"ft-text\">La temperatura del mar Mediterr\u00e1neo lleg\u00f3 a estar a 26,63\u00baC a finales de junio, 2.6\u00b0C m\u00e1s c\u00e1lido de lo normal, seg\u00fan ha se\u00f1alado este martes la Agencia Estatal de Meteorolog\u00eda, que ha hablado de \u00abvalores sin precedentes para la \u00e9poca del a\u00f1o\u00bb.<\/p>\n<p><img decoding=\"async\" src=\"https:\/\/www.europesays.com\/es\/wp-content\/uploads\/2026\/07\/18ec1919-110b-4a0c-b7ec-8617fda590b3_alta-libre-aspect-ratio_default_0_x1024y409.jpg\" width=\"1200\" height=\"720\" alt=\"La temperatura del Mediterr\u00e1neo lleg\u00f3 a estar a 26,63\u00baC a finales de junio, 2,6\u00baC por encima de lo normal.\" class=\"ft-helper-img-rd\" loading=\"lazy\" fetchpriority=\"auto\"\/><\/p>\n<p class=\"ft-helper-fontColor-quaternary ft-helper-fontSize-body-S ft-helper-spacer-t-xxs\">La temperatura del Mediterr\u00e1neo lleg\u00f3 a estar a 26,63\u00baC a finales de junio, 2,6\u00baC por encima de lo normal.  \/ AEMET<\/p>\n<p class=\"ft-text\"> \u00abSuper\u00f3 incluso el promedio normal del momento del a\u00f1o en el que el mar est\u00e1 m\u00e1s c\u00e1lido (2\u00aa quincena de agosto)\u00bb, ha advertido el organismo estatal a trav\u00e9s de su cuenta en &#8216;X&#8217;.<\/p>\n<p class=\"ft-text\"> A principios de julio, tanto el Servicio de Cambio Clim\u00e1tico de Copernicus (C3S) como el de Vigilancia Marina (CMEMS) advirtieron que las temperaturas globales de la superficie del mar hab\u00edan superado los niveles r\u00e9cord para esta \u00e9poca del a\u00f1o observados en 2023 y 2024.<\/p>\n<p class=\"ft-text\"> En concreto, CS3 midi\u00f3 20,86\u00baC el pasado 21 de junio, ligeramente por encima de los 20,83\u00baC observados en 2023 y 2024. Por su parte, el CMEMS registr\u00f3 21\u00baC el mismo d\u00eda, superando en 0,1\u00baC los r\u00e9cords anteriores de 2023 y 2024.<\/p>\n<p class=\"ft-text\">Si bien Copernicus admiti\u00f3 que es \u00absignificativo\u00bb que las temperaturas alcancen niveles r\u00e9cord para esta \u00e9poca del a\u00f1o, opin\u00f3 que \u00abconcuerda\u00bb con el inicio de El Ni\u00f1o y con los r\u00e9cords de temperatura de la superficie del mar observados en el Pac\u00edfico norte en los meses anteriores. \u00abQueda por ver si este exceso es temporal o indicativo de las condiciones de los pr\u00f3ximos meses\u00bb, resumi\u00f3 el organismo.<\/p>\n","protected":false},"excerpt":{"rendered":"Carcaixent se convierte este martes 7 de julio en el municipio con m\u00e1s calor de Espa\u00f1a y de&hellip;\n","protected":false},"author":2,"featured_media":646573,"comment_status":"","ping_status":"","sticky":false,"template":"","format":"standard","meta":{"footnotes":""},"categories":[80],"tags":[5593,82,118894,12189,95,94,25,24,700,315,195,23319,2269,23,18541,6195,235],"class_list":["post-646572","post","type-post","status-publish","format-standard","has-post-thumbnail","category-economia","tag-alta","tag-business","tag-carcaixent","tag-comunitat-valenciana","tag-economia","tag-economy","tag-es","tag-espana","tag-europa","tag-hoy","tag-mar","tag-mediterraneo","tag-registra","tag-spain","tag-temperatura","tag-temperaturas","tag-valencia"],"share_on_mastodon":{"url":"https:\/\/pubeurope.com\/@es\/116880389358622004","error":""},"_links":{"self":[{"href":"https:\/\/www.europesays.com\/es\/wp-json\/wp\/v2\/posts\/646572","targetHints":{"allow":["GET"]}}],"collection":[{"href":"https:\/\/www.europesays.com\/es\/wp-json\/wp\/v2\/posts"}],"about":[{"href":"https:\/\/www.europesays.com\/es\/wp-json\/wp\/v2\/types\/post"}],"author":[{"embeddable":true,"href":"https:\/\/www.europesays.com\/es\/wp-json\/wp\/v2\/users\/2"}],"replies":[{"embeddable":true,"href":"https:\/\/www.europesays.com\/es\/wp-json\/wp\/v2\/comments?post=646572"}],"version-history":[{"count":0,"href":"https:\/\/www.europesays.com\/es\/wp-json\/wp\/v2\/posts\/646572\/revisions"}],"wp:featuredmedia":[{"embeddable":true,"href":"https:\/\/www.europesays.com\/es\/wp-json\/wp\/v2\/media\/646573"}],"wp:attachment":[{"href":"https:\/\/www.europesays.com\/es\/wp-json\/wp\/v2\/media?parent=646572"}],"wp:term":[{"taxonomy":"category","embeddable":true,"href":"https:\/\/www.europesays.com\/es\/wp-json\/wp\/v2\/categories?post=646572"},{"taxonomy":"post_tag","embeddable":true,"href":"https:\/\/www.europesays.com\/es\/wp-json\/wp\/v2\/tags?post=646572"}],"curies":[{"name":"wp","href":"https:\/\/api.w.org\/{rel}","templated":true}]}}