{"id":646625,"date":"2026-07-07T20:20:22","date_gmt":"2026-07-07T20:20:22","guid":{"rendered":"https:\/\/www.europesays.com\/es\/646625\/"},"modified":"2026-07-07T20:20:22","modified_gmt":"2026-07-07T20:20:22","slug":"la-agencia-de-jordan-se-plantea-denunciar-al-sevilla-fc-a-la-afe-por-apartar-al-jugador","status":"publish","type":"post","link":"https:\/\/www.europesays.com\/es\/646625\/","title":{"rendered":"La agencia de Jord\u00e1n se plantea denunciar al Sevilla FC a la AFE por apartar al jugador"},"content":{"rendered":"<p style=\"\"><strong>Joan Jord\u00e1n<\/strong> iniciaba este pasado lunes una nueva pretemporada con el <strong>Sevilla FC<\/strong> recibiendo el cl\u00e1sico &#8216;pasillito&#8217; al soplar sus 32 primaveras. El catal\u00e1n afronta la \u00faltima temporada de contrato en Nervi\u00f3n con el conocimiento de que el club est\u00e1 como loco porque  &#8230; encuentre una salida y quitarse de encima una de las fichas m\u00e1s importantes del vestuario. De hecho, direcci\u00f3n deportiva y agencia de representaci\u00f3n de Jord\u00e1n (<strong>Leaderbrock<\/strong>) hab\u00edan hablado semanas atr\u00e1s para trabajar conjuntamente en una salida pactada, con la complejidad de encontrar un destino que seduzca al futbolista y que le compense tambi\u00e9n econ\u00f3micamente. Pero la situaci\u00f3n ha cambiado dr\u00e1sticamente en las \u00faltimas horas.<\/p>\n<p class=\"v-d-p\" style=\"\">Tras el entrenamiento matinal, <strong>ayer lunes por la tarde se le comunic\u00f3 al propio Jord\u00e1n que hoy ya entrenar\u00eda con un grupo de compa\u00f1eros con los que no se cuenta<\/strong> y se les est\u00e1 buscando una salida. No es la primera vez que el Sevilla u otro club busca alentar a que jugadores con los que no cuenta se apresuren a salir al dejar patente en los propios entrenamientos que no se quiere contar con ellos. A forzar una situaci\u00f3n que puede llegar a ser desagradable para los que les toca vivirla.<\/p>\n<p class=\"v-d-p\" style=\"\">Pues bien, <strong>ABC de Sevilla se ha puesto en contacto con la agencia de representaci\u00f3n de Joan Jord\u00e1n<\/strong> y su respuesta ha sido contundente en cuanto a la medida adoptada por el club de Nervi\u00f3n. Su agencia se plantea denunciar al Sevilla FC ante la AFE por apartar a Jord\u00e1n del trabajo grupal. De hecho, califican este gesto como una \u00abfalta de respeto\u00bb y que es un paso atr\u00e1s en la posible salida del jugador, que en la actual tesitura las posibles puertas de salida se ir\u00e1n cerrando.<\/p>\n<p class=\"v-d-p\" style=\"\"><strong>Jord\u00e1n entiende que, tras siete a\u00f1os en Nervi\u00f3n<\/strong>, con una primera mitad cargada de \u00e9xitos y buenos resultados tanto deportivos como personales, <strong>terminar de esta manera no es natural<\/strong> con un hombre que ha defendido la camiseta del Sevilla 203 partidos. Una medida de fuerza por parte de la entidad andaluza que deja a las claras por d\u00f3nde se mover\u00e1 la operaci\u00f3n salida, pero que puede encontrarse con la dificultad de moverle la silla a los contratos m\u00e1s onerosos. <strong>Jord\u00e1n, la primera patata caliente para Jos\u00e9 Ignacio Navarro<\/strong> como director deportivo del Sevilla.<\/p>\n","protected":false},"excerpt":{"rendered":"Joan Jord\u00e1n iniciaba este pasado lunes una nueva pretemporada con el Sevilla FC recibiendo el cl\u00e1sico &#8216;pasillito&#8217; al&hellip;\n","protected":false},"author":2,"featured_media":646626,"comment_status":"","ping_status":"","sticky":false,"template":"","format":"standard","meta":{"footnotes":""},"categories":[93],"tags":[10975,8217,45674,29792,168,25,24,16415,378,6859,1171,23,167],"class_list":["post-646625","post","type-post","status-publish","format-standard","has-post-thumbnail","category-deportes","tag-afe","tag-agencia","tag-apartar","tag-denunciar","tag-deportes","tag-es","tag-espana","tag-jordan","tag-jugador","tag-plantea","tag-sevilla","tag-spain","tag-sports"],"share_on_mastodon":{"url":"https:\/\/pubeurope.com\/@es\/116880554690629799","error":""},"_links":{"self":[{"href":"https:\/\/www.europesays.com\/es\/wp-json\/wp\/v2\/posts\/646625","targetHints":{"allow":["GET"]}}],"collection":[{"href":"https:\/\/www.europesays.com\/es\/wp-json\/wp\/v2\/posts"}],"about":[{"href":"https:\/\/www.europesays.com\/es\/wp-json\/wp\/v2\/types\/post"}],"author":[{"embeddable":true,"href":"https:\/\/www.europesays.com\/es\/wp-json\/wp\/v2\/users\/2"}],"replies":[{"embeddable":true,"href":"https:\/\/www.europesays.com\/es\/wp-json\/wp\/v2\/comments?post=646625"}],"version-history":[{"count":0,"href":"https:\/\/www.europesays.com\/es\/wp-json\/wp\/v2\/posts\/646625\/revisions"}],"wp:featuredmedia":[{"embeddable":true,"href":"https:\/\/www.europesays.com\/es\/wp-json\/wp\/v2\/media\/646626"}],"wp:attachment":[{"href":"https:\/\/www.europesays.com\/es\/wp-json\/wp\/v2\/media?parent=646625"}],"wp:term":[{"taxonomy":"category","embeddable":true,"href":"https:\/\/www.europesays.com\/es\/wp-json\/wp\/v2\/categories?post=646625"},{"taxonomy":"post_tag","embeddable":true,"href":"https:\/\/www.europesays.com\/es\/wp-json\/wp\/v2\/tags?post=646625"}],"curies":[{"name":"wp","href":"https:\/\/api.w.org\/{rel}","templated":true}]}}